{"id":201470,"date":"2026-09-04T11:06:00","date_gmt":"2026-09-04T14:06:00","guid":{"rendered":"https:\/\/www.hoymercedes.com.ar\/principal\/?p=201470"},"modified":"2026-09-04T02:16:08","modified_gmt":"2026-09-04T05:16:08","slug":"avanzan-las-obras-para-recuperar-la-pasarela-peatonal-sobre-la-ruta-5-en-gowland","status":"publish","type":"post","link":"https:\/\/www.hoymercedes.com.ar\/principal\/2026\/09\/04\/avanzan-las-obras-para-recuperar-la-pasarela-peatonal-sobre-la-ruta-5-en-gowland\/","title":{"rendered":"Avanzan las obras para recuperar la pasarela peatonal sobre la Ruta 5 en Gowland"},"content":{"rendered":"\n<figure class=\"wp-block-image size-large\"><img loading=\"lazy\" decoding=\"async\" width=\"1024\" height=\"494\" data-attachment-id=\"201472\" data-permalink=\"https:\/\/www.hoymercedes.com.ar\/principal\/2026\/09\/04\/avanzan-las-obras-para-recuperar-la-pasarela-peatonal-sobre-la-ruta-5-en-gowland\/sin-titulo-110\/#main\" data-orig-file=\"https:\/\/www.hoymercedes.com.ar\/principal\/wp-content\/uploads\/2026\/09\/Sin-titulo-3.png\" data-orig-size=\"1067,515\" data-comments-opened=\"0\" data-image-title=\"Sin t\u00edtulo\" data-image-description=\"\" data-image-caption=\"\" data-large-file=\"https:\/\/www.hoymercedes.com.ar\/principal\/wp-content\/uploads\/2026\/09\/Sin-titulo-3-1024x494.png\" src=\"https:\/\/www.hoymercedes.com.ar\/principal\/wp-content\/uploads\/2026\/09\/Sin-titulo-3-1024x494.png\" alt=\"\" class=\"wp-image-201472\" srcset=\"https:\/\/www.hoymercedes.com.ar\/principal\/wp-content\/uploads\/2026\/09\/Sin-titulo-3-1024x494.png 1024w, https:\/\/www.hoymercedes.com.ar\/principal\/wp-content\/uploads\/2026\/09\/Sin-titulo-3-150x72.png 150w, https:\/\/www.hoymercedes.com.ar\/principal\/wp-content\/uploads\/2026\/09\/Sin-titulo-3-630x304.png 630w, https:\/\/www.hoymercedes.com.ar\/principal\/wp-content\/uploads\/2026\/09\/Sin-titulo-3.png 1067w\" sizes=\"auto, (max-width: 1024px) 100vw, 1024px\" \/><\/figure>\n\n\n\n<p class=\"wp-block-paragraph\">La nueva concesi\u00f3n de la <strong>Autov\u00eda 5<\/strong> comenz\u00f3 los trabajos para reparar la pasarela peatonal ubicada a la altura del barrio <strong>Los Molinos<\/strong>, entre <strong>Gowland y Olivera<\/strong>, dentro del partido de Mercedes.<\/p>\n\n\n\n<p class=\"wp-block-paragraph\">El cruce se encuentra aproximadamente <strong>200 metros despu\u00e9s del peaje de Olivera<\/strong> y era un antiguo reclamo de los vecinos y de la <strong>Sociedad de Fomento Gowland-Agote<\/strong>, debido al riesgo que implicaba atravesar la ruta para acceder al transporte p\u00fablico o dirigirse a establecimientos educativos.<\/p>\n\n\n\n<p class=\"wp-block-paragraph\"><strong>Una estructura que hab\u00eda quedado incompleta<\/strong><\/p>\n\n\n\n<p class=\"wp-block-paragraph\">La pasarela contaba con las rampas de acceso de ambos lados, pero permanec\u00eda sin el tramo que deb\u00eda cruzar por encima de la Ruta Nacional 5. Con el paso del tiempo, los vecinos deb\u00edan cruzar la calzada de manera precaria y peligrosa.<\/p>\n\n\n\n<p class=\"wp-block-paragraph\">La situaci\u00f3n era especialmente preocupante para los estudiantes que concurren a la escuela de <strong>Altamira<\/strong>.<\/p>\n\n\n\n<p class=\"wp-block-paragraph\">Las cuadrillas trabajan en la demolici\u00f3n de la parte da\u00f1ada y en el montaje de la estructura faltante. La obra se gest\u00f3 luego de los reclamos elevados por la comunidad y de las gestiones realizadas ante las nuevas autoridades de la concesi\u00f3n vial.<\/p>\n\n\n\n<p class=\"wp-block-paragraph\"><strong>Bacheo e iluminaci\u00f3n<\/strong><\/p>\n\n\n\n<p class=\"wp-block-paragraph\">En paralelo, se realizaron tareas de <strong>bacheo en la colectora<\/strong> que conecta Gowland con la reserva del arroyo Balta, adem\u00e1s de trabajos de pintura y mejoras en la iluminaci\u00f3n de las paradas de colectivos.<\/p>\n\n\n\n<p class=\"wp-block-paragraph\">Adem\u00e1s, las luminarias del tramo entre Gowland y Mercedes comenzaron a funcionar de manera m\u00e1s regular, luego de que anteriormente se encendieran por sectores.<\/p>\n\n\n\n<p class=\"wp-block-paragraph\"><strong>Tambi\u00e9n proyectan un puente en calle 11<\/strong><\/p>\n\n\n\n<p class=\"wp-block-paragraph\">Una vez finalizada la intervenci\u00f3n en el sector de Los Molinos, est\u00e1 previsto avanzar con la construcci\u00f3n de otro <strong>puente peatonal sobre la Ruta 5<\/strong>, a la altura de la <strong>calle 11<\/strong>.<\/p>\n\n\n\n<p class=\"wp-block-paragraph\">El cruce es solicitado desde hace a\u00f1os por los vecinos para facilitar el acceso seguro hacia la zona de loteos, establecimientos educativos e industrias.<\/p>\n\n\n\n<p class=\"wp-block-paragraph\">Adem\u00e1s, el plan de obras contempla mejoras en otros sectores de la zona, entre ellas la colocaci\u00f3n de luminarias en el predio ferroviario de <strong>Goldney<\/strong>, con el objetivo de reforzar la seguridad durante la noche.<\/p>\n\n\n\n<figure class=\"wp-block-image size-full\"><img loading=\"lazy\" decoding=\"async\" width=\"887\" height=\"582\" data-attachment-id=\"201471\" data-permalink=\"https:\/\/www.hoymercedes.com.ar\/principal\/2026\/09\/04\/avanzan-las-obras-para-recuperar-la-pasarela-peatonal-sobre-la-ruta-5-en-gowland\/image-1056\/#main\" data-orig-file=\"https:\/\/www.hoymercedes.com.ar\/principal\/wp-content\/uploads\/2026\/09\/image-12.png\" data-orig-size=\"887,582\" data-comments-opened=\"0\" data-image-title=\"image\" data-image-description=\"\" data-image-caption=\"\" data-large-file=\"https:\/\/www.hoymercedes.com.ar\/principal\/wp-content\/uploads\/2026\/09\/image-12.png\" src=\"https:\/\/www.hoymercedes.com.ar\/principal\/wp-content\/uploads\/2026\/09\/image-12.png\" alt=\"\" class=\"wp-image-201471\" srcset=\"https:\/\/www.hoymercedes.com.ar\/principal\/wp-content\/uploads\/2026\/09\/image-12.png 887w, https:\/\/www.hoymercedes.com.ar\/principal\/wp-content\/uploads\/2026\/09\/image-12-150x98.png 150w, https:\/\/www.hoymercedes.com.ar\/principal\/wp-content\/uploads\/2026\/09\/image-12-630x413.png 630w\" sizes=\"auto, (max-width: 887px) 100vw, 887px\" \/><\/figure>\n","protected":false},"excerpt":{"rendered":"<p>La nueva concesi\u00f3n de la Autov\u00eda 5 comenz\u00f3 los trabajos para reparar la pasarela peatonal ubicada a la altura del &#8230; <a title=\"Avanzan las obras para recuperar la pasarela peatonal sobre la Ruta 5 en Gowland\" class=\"read-more\" href=\"https:\/\/www.hoymercedes.com.ar\/principal\/2026\/09\/04\/avanzan-las-obras-para-recuperar-la-pasarela-peatonal-sobre-la-ruta-5-en-gowland\/\" aria-label=\"Leer m\u00e1s sobre Avanzan las obras para recuperar la pasarela peatonal sobre la Ruta 5 en Gowland\">Leer m\u00e1s<\/a><\/p>\n","protected":false},"author":1,"featured_media":201471,"comment_status":"closed","ping_status":"open","sticky":false,"template":"","format":"standard","meta":{"_monsterinsights_skip_tracking":false,"_jetpack_newsletter_access":"","_jetpack_dont_email_post_to_subs":false,"_jetpack_newsletter_tier_id":0,"_jetpack_memberships_contains_paywalled_content":false,"_jetpack_feature_clip_id":0,"_jetpack_memberships_contains_paid_content":false,"footnotes":"","jetpack_publicize_message":"{title}\n\n{excerpt}\n\n{url}","jetpack_publicize_feature_enabled":true,"jetpack_social_post_already_shared":true,"jetpack_social_options":{"image_generator_settings":{"template":"highway","default_image_id":0,"font":"","enabled":false},"version":2},"_wpas_customize_per_network":false,"jetpack_post_was_ever_published":false},"categories":[8],"tags":[],"class_list":["post-201470","post","type-post","status-publish","format-standard","has-post-thumbnail","hentry","category-sociedad","generate-columns","tablet-grid-50","mobile-grid-100","grid-parent","grid-50"],"jetpack_publicize_connections":[],"wps_subtitle":"","jetpack_sharing_enabled":true,"jetpack_featured_media_url":"https:\/\/www.hoymercedes.com.ar\/principal\/wp-content\/uploads\/2026\/09\/image-12.png","_links":{"self":[{"href":"https:\/\/www.hoymercedes.com.ar\/principal\/wp-json\/wp\/v2\/posts\/201470","targetHints":{"allow":["GET"]}}],"collection":[{"href":"https:\/\/www.hoymercedes.com.ar\/principal\/wp-json\/wp\/v2\/posts"}],"about":[{"href":"https:\/\/www.hoymercedes.com.ar\/principal\/wp-json\/wp\/v2\/types\/post"}],"author":[{"embeddable":true,"href":"https:\/\/www.hoymercedes.com.ar\/principal\/wp-json\/wp\/v2\/users\/1"}],"replies":[{"embeddable":true,"href":"https:\/\/www.hoymercedes.com.ar\/principal\/wp-json\/wp\/v2\/comments?post=201470"}],"version-history":[{"count":1,"href":"https:\/\/www.hoymercedes.com.ar\/principal\/wp-json\/wp\/v2\/posts\/201470\/revisions"}],"predecessor-version":[{"id":201473,"href":"https:\/\/www.hoymercedes.com.ar\/principal\/wp-json\/wp\/v2\/posts\/201470\/revisions\/201473"}],"wp:featuredmedia":[{"embeddable":true,"href":"https:\/\/www.hoymercedes.com.ar\/principal\/wp-json\/wp\/v2\/media\/201471"}],"wp:attachment":[{"href":"https:\/\/www.hoymercedes.com.ar\/principal\/wp-json\/wp\/v2\/media?parent=201470"}],"wp:term":[{"taxonomy":"category","embeddable":true,"href":"https:\/\/www.hoymercedes.com.ar\/principal\/wp-json\/wp\/v2\/categories?post=201470"},{"taxonomy":"post_tag","embeddable":true,"href":"https:\/\/www.hoymercedes.com.ar\/principal\/wp-json\/wp\/v2\/tags?post=201470"}],"curies":[{"name":"wp","href":"https:\/\/api.w.org\/{rel}","templated":true}]}}