{"id":201474,"date":"2026-09-04T12:16:00","date_gmt":"2026-09-04T15:16:00","guid":{"rendered":"https:\/\/www.hoymercedes.com.ar\/principal\/?p=201474"},"modified":"2026-09-04T02:19:05","modified_gmt":"2026-09-04T05:19:05","slug":"homenajearon-en-los-tribunales-de-mercedes-a-luis-lucho-goicochea","status":"publish","type":"post","link":"https:\/\/www.hoymercedes.com.ar\/principal\/2026\/09\/04\/homenajearon-en-los-tribunales-de-mercedes-a-luis-lucho-goicochea\/","title":{"rendered":"Homenajearon en los Tribunales de Mercedes a Luis \u201cLucho\u201d Goicochea"},"content":{"rendered":"\n<figure class=\"wp-block-image size-large\"><img loading=\"lazy\" decoding=\"async\" width=\"1024\" height=\"717\" data-attachment-id=\"201475\" data-permalink=\"https:\/\/www.hoymercedes.com.ar\/principal\/2026\/09\/04\/homenajearon-en-los-tribunales-de-mercedes-a-luis-lucho-goicochea\/whatsapp-image-2026-09-03-at-12-29-55\/#main\" data-orig-file=\"https:\/\/www.hoymercedes.com.ar\/principal\/wp-content\/uploads\/2026\/09\/WhatsApp-Image-2026-09-03-at-12.29.55.jpeg\" data-orig-size=\"1600,1120\" data-comments-opened=\"0\" data-image-title=\"WhatsApp Image 2026-09-03 at 12.29.55\" data-image-description=\"\" data-image-caption=\"\" data-large-file=\"https:\/\/www.hoymercedes.com.ar\/principal\/wp-content\/uploads\/2026\/09\/WhatsApp-Image-2026-09-03-at-12.29.55-1024x717.jpeg\" src=\"https:\/\/www.hoymercedes.com.ar\/principal\/wp-content\/uploads\/2026\/09\/WhatsApp-Image-2026-09-03-at-12.29.55-1024x717.jpeg\" alt=\"\" class=\"wp-image-201475\" srcset=\"https:\/\/www.hoymercedes.com.ar\/principal\/wp-content\/uploads\/2026\/09\/WhatsApp-Image-2026-09-03-at-12.29.55-1024x717.jpeg 1024w, https:\/\/www.hoymercedes.com.ar\/principal\/wp-content\/uploads\/2026\/09\/WhatsApp-Image-2026-09-03-at-12.29.55-630x441.jpeg 630w, https:\/\/www.hoymercedes.com.ar\/principal\/wp-content\/uploads\/2026\/09\/WhatsApp-Image-2026-09-03-at-12.29.55-150x105.jpeg 150w, https:\/\/www.hoymercedes.com.ar\/principal\/wp-content\/uploads\/2026\/09\/WhatsApp-Image-2026-09-03-at-12.29.55-1536x1075.jpeg 1536w, https:\/\/www.hoymercedes.com.ar\/principal\/wp-content\/uploads\/2026\/09\/WhatsApp-Image-2026-09-03-at-12.29.55.jpeg 1600w\" sizes=\"auto, (max-width: 1024px) 100vw, 1024px\" \/><\/figure>\n\n\n\n<p class=\"wp-block-paragraph\">Fotos: Emmanuel Badano. Una placa en memoria de <strong>Luis Eduardo \u201cLucho\u201d Goicochea<\/strong>, militante asesinado durante la \u00faltima dictadura c\u00edvico-militar, fue descubierta en el edificio de los <strong>Tribunales de Mercedes<\/strong>, ubicado en la intersecci\u00f3n de <strong>calles 26 y 27<\/strong>.<\/p>\n\n\n\n<p class=\"wp-block-paragraph\">El acto cont\u00f3 con la presencia del presidente de la <strong>Suprema Corte de Justicia bonaerense<\/strong>, <strong>Sergio Gabriel Torres<\/strong>; el intendente <strong>Juan Ignacio Ustarroz<\/strong> y representantes de la <strong>Comisi\u00f3n de Familiares de Detenidos Desaparecidos<\/strong>.<\/p>\n\n\n\n<p class=\"wp-block-paragraph\"><strong>La historia de Goicochea<\/strong><\/p>\n\n\n\n<p class=\"wp-block-paragraph\">Luis Eduardo Goicochea naci\u00f3 en Mercedes el <strong>13 de octubre de 1951<\/strong>. Estudi\u00f3 las carreras de Pedagog\u00eda y Filosof\u00eda en la <strong>Universidad de Buenos Aires<\/strong> y trabaj\u00f3 en los Tribunales locales para poder financiar sus estudios.<\/p>\n\n\n\n<p class=\"wp-block-paragraph\">Fue asesinado por fuerzas represivas el <strong>27 de octubre de 1976<\/strong> en la provincia de Santa Fe. En octubre pr\u00f3ximo se cumplir\u00e1n <strong>50 a\u00f1os<\/strong> de su asesinato.<\/p>\n\n\n\n<p class=\"wp-block-paragraph\">La placa fue colocada en una galer\u00eda lateral ubicada apenas despu\u00e9s del ingreso al edificio judicial, como reconocimiento a su memoria y a su trayectoria.<\/p>\n\n\n\n<p class=\"wp-block-paragraph\"><strong>Mercedes fue sede de un congreso judicial<\/strong><\/p>\n\n\n\n<p class=\"wp-block-paragraph\">Luego del homenaje, Sergio Gabriel Torres, el procurador general de la Suprema Corte bonaerense, <strong>Julio Conte-Grand<\/strong>, y otros funcionarios participaron de la apertura del <strong>22\u00b0 Congreso de Secretarios y Funcionarios del Poder Judicial de la Provincia<\/strong>.<\/p>\n\n\n\n<p class=\"wp-block-paragraph\">La actividad reuni\u00f3 a unos <strong>430 abogados<\/strong> de distintos puntos del territorio bonaerense y se desarroll\u00f3 durante dos jornadas en el <strong>Teatro Argentino<\/strong> y el <strong>Concejo Deliberante<\/strong>.<\/p>\n\n\n\n<p class=\"wp-block-paragraph\">El presidente del Colegio de Magistrados local, <strong>Santiago Marchio<\/strong>, destac\u00f3 que Mercedes haya sido elegida por segunda vez como sede del encuentro. La primera edici\u00f3n realizada en la ciudad hab\u00eda tenido lugar en <strong>2014<\/strong>.<\/p>\n\n\n\n<figure class=\"wp-block-gallery has-nested-images columns-default is-cropped wp-block-gallery-1 is-layout-flex wp-block-gallery-is-layout-flex\">\n<figure class=\"wp-block-image size-large\"><img loading=\"lazy\" decoding=\"async\" width=\"1024\" height=\"717\" data-attachment-id=\"201478\" data-permalink=\"https:\/\/www.hoymercedes.com.ar\/principal\/2026\/09\/04\/homenajearon-en-los-tribunales-de-mercedes-a-luis-lucho-goicochea\/whatsapp-image-2026-09-03-at-12-30-24\/#main\" data-orig-file=\"https:\/\/www.hoymercedes.com.ar\/principal\/wp-content\/uploads\/2026\/09\/WhatsApp-Image-2026-09-03-at-12.30.24.jpeg\" data-orig-size=\"1600,1120\" data-comments-opened=\"0\" data-image-title=\"WhatsApp Image 2026-09-03 at 12.30.24\" data-image-description=\"\" data-image-caption=\"\" data-large-file=\"https:\/\/www.hoymercedes.com.ar\/principal\/wp-content\/uploads\/2026\/09\/WhatsApp-Image-2026-09-03-at-12.30.24-1024x717.jpeg\" data-id=\"201478\" src=\"https:\/\/www.hoymercedes.com.ar\/principal\/wp-content\/uploads\/2026\/09\/WhatsApp-Image-2026-09-03-at-12.30.24-1024x717.jpeg\" alt=\"\" class=\"wp-image-201478\" srcset=\"https:\/\/www.hoymercedes.com.ar\/principal\/wp-content\/uploads\/2026\/09\/WhatsApp-Image-2026-09-03-at-12.30.24-1024x717.jpeg 1024w, https:\/\/www.hoymercedes.com.ar\/principal\/wp-content\/uploads\/2026\/09\/WhatsApp-Image-2026-09-03-at-12.30.24-150x105.jpeg 150w, https:\/\/www.hoymercedes.com.ar\/principal\/wp-content\/uploads\/2026\/09\/WhatsApp-Image-2026-09-03-at-12.30.24-630x441.jpeg 630w, https:\/\/www.hoymercedes.com.ar\/principal\/wp-content\/uploads\/2026\/09\/WhatsApp-Image-2026-09-03-at-12.30.24-1536x1075.jpeg 1536w, https:\/\/www.hoymercedes.com.ar\/principal\/wp-content\/uploads\/2026\/09\/WhatsApp-Image-2026-09-03-at-12.30.24.jpeg 1600w\" sizes=\"auto, (max-width: 1024px) 100vw, 1024px\" \/><\/figure>\n\n\n\n<figure class=\"wp-block-image size-large\"><img loading=\"lazy\" decoding=\"async\" width=\"1024\" height=\"717\" data-attachment-id=\"201477\" data-permalink=\"https:\/\/www.hoymercedes.com.ar\/principal\/2026\/09\/04\/homenajearon-en-los-tribunales-de-mercedes-a-luis-lucho-goicochea\/whatsapp-image-2026-09-03-at-12-30-21-1\/#main\" data-orig-file=\"https:\/\/www.hoymercedes.com.ar\/principal\/wp-content\/uploads\/2026\/09\/WhatsApp-Image-2026-09-03-at-12.30.21-1.jpeg\" data-orig-size=\"1600,1120\" data-comments-opened=\"0\" data-image-title=\"WhatsApp Image 2026-09-03 at 12.30.21 (1)\" data-image-description=\"\" data-image-caption=\"\" data-large-file=\"https:\/\/www.hoymercedes.com.ar\/principal\/wp-content\/uploads\/2026\/09\/WhatsApp-Image-2026-09-03-at-12.30.21-1-1024x717.jpeg\" data-id=\"201477\" src=\"https:\/\/www.hoymercedes.com.ar\/principal\/wp-content\/uploads\/2026\/09\/WhatsApp-Image-2026-09-03-at-12.30.21-1-1024x717.jpeg\" alt=\"\" class=\"wp-image-201477\" srcset=\"https:\/\/www.hoymercedes.com.ar\/principal\/wp-content\/uploads\/2026\/09\/WhatsApp-Image-2026-09-03-at-12.30.21-1-1024x717.jpeg 1024w, https:\/\/www.hoymercedes.com.ar\/principal\/wp-content\/uploads\/2026\/09\/WhatsApp-Image-2026-09-03-at-12.30.21-1-150x105.jpeg 150w, https:\/\/www.hoymercedes.com.ar\/principal\/wp-content\/uploads\/2026\/09\/WhatsApp-Image-2026-09-03-at-12.30.21-1-630x441.jpeg 630w, https:\/\/www.hoymercedes.com.ar\/principal\/wp-content\/uploads\/2026\/09\/WhatsApp-Image-2026-09-03-at-12.30.21-1-1536x1075.jpeg 1536w, https:\/\/www.hoymercedes.com.ar\/principal\/wp-content\/uploads\/2026\/09\/WhatsApp-Image-2026-09-03-at-12.30.21-1.jpeg 1600w\" sizes=\"auto, (max-width: 1024px) 100vw, 1024px\" \/><\/figure>\n\n\n\n<figure class=\"wp-block-image size-large\"><img loading=\"lazy\" decoding=\"async\" width=\"1024\" height=\"717\" data-attachment-id=\"201476\" data-permalink=\"https:\/\/www.hoymercedes.com.ar\/principal\/2026\/09\/04\/homenajearon-en-los-tribunales-de-mercedes-a-luis-lucho-goicochea\/whatsapp-image-2026-09-03-at-12-30-21\/#main\" data-orig-file=\"https:\/\/www.hoymercedes.com.ar\/principal\/wp-content\/uploads\/2026\/09\/WhatsApp-Image-2026-09-03-at-12.30.21.jpeg\" data-orig-size=\"1600,1120\" data-comments-opened=\"0\" data-image-title=\"WhatsApp Image 2026-09-03 at 12.30.21\" data-image-description=\"\" data-image-caption=\"\" data-large-file=\"https:\/\/www.hoymercedes.com.ar\/principal\/wp-content\/uploads\/2026\/09\/WhatsApp-Image-2026-09-03-at-12.30.21-1024x717.jpeg\" data-id=\"201476\" src=\"https:\/\/www.hoymercedes.com.ar\/principal\/wp-content\/uploads\/2026\/09\/WhatsApp-Image-2026-09-03-at-12.30.21-1024x717.jpeg\" alt=\"\" class=\"wp-image-201476\" srcset=\"https:\/\/www.hoymercedes.com.ar\/principal\/wp-content\/uploads\/2026\/09\/WhatsApp-Image-2026-09-03-at-12.30.21-1024x717.jpeg 1024w, https:\/\/www.hoymercedes.com.ar\/principal\/wp-content\/uploads\/2026\/09\/WhatsApp-Image-2026-09-03-at-12.30.21-150x105.jpeg 150w, https:\/\/www.hoymercedes.com.ar\/principal\/wp-content\/uploads\/2026\/09\/WhatsApp-Image-2026-09-03-at-12.30.21-630x441.jpeg 630w, https:\/\/www.hoymercedes.com.ar\/principal\/wp-content\/uploads\/2026\/09\/WhatsApp-Image-2026-09-03-at-12.30.21-1536x1075.jpeg 1536w, https:\/\/www.hoymercedes.com.ar\/principal\/wp-content\/uploads\/2026\/09\/WhatsApp-Image-2026-09-03-at-12.30.21.jpeg 1600w\" sizes=\"auto, (max-width: 1024px) 100vw, 1024px\" \/><\/figure>\n<\/figure>\n","protected":false},"excerpt":{"rendered":"<p>Fotos: Emmanuel Badano. Una placa en memoria de Luis Eduardo \u201cLucho\u201d Goicochea, militante asesinado durante la \u00faltima dictadura c\u00edvico-militar, fue &#8230; <a title=\"Homenajearon en los Tribunales de Mercedes a Luis \u201cLucho\u201d Goicochea\" class=\"read-more\" href=\"https:\/\/www.hoymercedes.com.ar\/principal\/2026\/09\/04\/homenajearon-en-los-tribunales-de-mercedes-a-luis-lucho-goicochea\/\" aria-label=\"Leer m\u00e1s sobre Homenajearon en los Tribunales de Mercedes a Luis \u201cLucho\u201d Goicochea\">Leer m\u00e1s<\/a><\/p>\n","protected":false},"author":1,"featured_media":201475,"comment_status":"closed","ping_status":"open","sticky":false,"template":"","format":"standard","meta":{"_monsterinsights_skip_tracking":false,"_jetpack_newsletter_access":"","_jetpack_dont_email_post_to_subs":false,"_jetpack_newsletter_tier_id":0,"_jetpack_memberships_contains_paywalled_content":false,"_jetpack_feature_clip_id":0,"_jetpack_memberships_contains_paid_content":false,"footnotes":"","jetpack_publicize_message":"{title}\n\n{excerpt}\n\n{url}","jetpack_publicize_feature_enabled":true,"jetpack_social_post_already_shared":true,"jetpack_social_options":{"image_generator_settings":{"template":"highway","default_image_id":0,"font":"","enabled":false},"version":2},"_wpas_customize_per_network":false,"jetpack_post_was_ever_published":false},"categories":[8],"tags":[],"class_list":["post-201474","post","type-post","status-publish","format-standard","has-post-thumbnail","hentry","category-sociedad","generate-columns","tablet-grid-50","mobile-grid-100","grid-parent","grid-50"],"jetpack_publicize_connections":[],"wps_subtitle":"","jetpack_sharing_enabled":true,"jetpack_featured_media_url":"https:\/\/www.hoymercedes.com.ar\/principal\/wp-content\/uploads\/2026\/09\/WhatsApp-Image-2026-09-03-at-12.29.55.jpeg","_links":{"self":[{"href":"https:\/\/www.hoymercedes.com.ar\/principal\/wp-json\/wp\/v2\/posts\/201474","targetHints":{"allow":["GET"]}}],"collection":[{"href":"https:\/\/www.hoymercedes.com.ar\/principal\/wp-json\/wp\/v2\/posts"}],"about":[{"href":"https:\/\/www.hoymercedes.com.ar\/principal\/wp-json\/wp\/v2\/types\/post"}],"author":[{"embeddable":true,"href":"https:\/\/www.hoymercedes.com.ar\/principal\/wp-json\/wp\/v2\/users\/1"}],"replies":[{"embeddable":true,"href":"https:\/\/www.hoymercedes.com.ar\/principal\/wp-json\/wp\/v2\/comments?post=201474"}],"version-history":[{"count":1,"href":"https:\/\/www.hoymercedes.com.ar\/principal\/wp-json\/wp\/v2\/posts\/201474\/revisions"}],"predecessor-version":[{"id":201479,"href":"https:\/\/www.hoymercedes.com.ar\/principal\/wp-json\/wp\/v2\/posts\/201474\/revisions\/201479"}],"wp:featuredmedia":[{"embeddable":true,"href":"https:\/\/www.hoymercedes.com.ar\/principal\/wp-json\/wp\/v2\/media\/201475"}],"wp:attachment":[{"href":"https:\/\/www.hoymercedes.com.ar\/principal\/wp-json\/wp\/v2\/media?parent=201474"}],"wp:term":[{"taxonomy":"category","embeddable":true,"href":"https:\/\/www.hoymercedes.com.ar\/principal\/wp-json\/wp\/v2\/categories?post=201474"},{"taxonomy":"post_tag","embeddable":true,"href":"https:\/\/www.hoymercedes.com.ar\/principal\/wp-json\/wp\/v2\/tags?post=201474"}],"curies":[{"name":"wp","href":"https:\/\/api.w.org\/{rel}","templated":true}]}}