{"id":20148,"date":"2013-02-27T00:16:19","date_gmt":"2013-02-27T00:16:19","guid":{"rendered":"http:\/\/www.hoymercedes.com.ar\/principal\/?p=20148"},"modified":"2013-02-27T00:18:17","modified_gmt":"2013-02-27T00:18:17","slug":"autoridades-sociedad-de-fomento-barrio-san-antonio-llaman-a-asamblea","status":"publish","type":"post","link":"https:\/\/www.hoymercedes.com.ar\/principal\/2013\/02\/27\/autoridades-sociedad-de-fomento-barrio-san-antonio-llaman-a-asamblea\/","title":{"rendered":"Autoridades Sociedad de Fomento Barrio San Antonio llaman a Asamblea"},"content":{"rendered":"<p>Un barrio m\u00e1s llevar\u00e1 adelante durante este 2013 elecciones para conformar la comisi\u00f3n que conduzca su Sociedad de Fomento. En esta ocasi\u00f3n se trata del Barrio San Antonio que convoca a asamblea para trabajar en el tema.<\/p>\n<p>Desde la actual conducci\u00f3n barrial han emitido el siguiente comunicado con el objetivo informar a la poblaci\u00f3n y convocarla a participar:<\/p>\n<p><strong><em>\u00abLa Sociedad de Fomento del barrio San Antonio , convoca a asamblea para la renovaci\u00f3n total de su comisi\u00f3n directiva para el pr\u00f3ximo 16 de marzo a las 17 hs , la que tendr\u00e1 lugar en la Sede Social, calle 111 y 22 ( placita).<\/em><\/strong><\/p>\n<p><strong><em>Para presentar listas , hasta cinco d\u00edas h\u00e1biles antes de la fecha por mesa de entradas de la Muncipalidad.\u00bb<\/em><\/strong><\/p>\n","protected":false},"excerpt":{"rendered":"<p>Un barrio m\u00e1s llevar\u00e1 adelante durante este 2013 elecciones para conformar la comisi\u00f3n que conduzca su Sociedad de Fomento. En &#8230; <a title=\"Autoridades Sociedad de Fomento Barrio San Antonio llaman a Asamblea\" class=\"read-more\" href=\"https:\/\/www.hoymercedes.com.ar\/principal\/2013\/02\/27\/autoridades-sociedad-de-fomento-barrio-san-antonio-llaman-a-asamblea\/\" aria-label=\"Leer m\u00e1s sobre Autoridades Sociedad de Fomento Barrio San Antonio llaman a Asamblea\">Leer m\u00e1s<\/a><\/p>\n","protected":false},"author":1,"featured_media":0,"comment_status":"open","ping_status":"open","sticky":false,"template":"","format":"standard","meta":{"_monsterinsights_skip_tracking":false,"_monsterinsights_sitenote_active":false,"_monsterinsights_sitenote_note":"","_monsterinsights_sitenote_category":0,"jetpack_post_was_ever_published":false,"_jetpack_newsletter_access":"","_jetpack_dont_email_post_to_subs":false,"_jetpack_newsletter_tier_id":0,"_jetpack_memberships_contains_paywalled_content":false,"_jetpack_memberships_contains_paid_content":false,"footnotes":"","jetpack_publicize_message":"","jetpack_publicize_feature_enabled":true,"jetpack_social_post_already_shared":false,"jetpack_social_options":{"image_generator_settings":{"template":"highway","default_image_id":0,"font":"","enabled":false},"version":2},"_wpas_customize_per_network":false},"categories":[5],"tags":[526],"class_list":["post-20148","post","type-post","status-publish","format-standard","hentry","category-politica","tag-barrio-san-antonio","generate-columns","tablet-grid-50","mobile-grid-100","grid-parent","grid-50"],"jetpack_publicize_connections":[],"jetpack_featured_media_url":"","wps_subtitle":"","jetpack_sharing_enabled":true,"_links":{"self":[{"href":"https:\/\/www.hoymercedes.com.ar\/principal\/wp-json\/wp\/v2\/posts\/20148","targetHints":{"allow":["GET"]}}],"collection":[{"href":"https:\/\/www.hoymercedes.com.ar\/principal\/wp-json\/wp\/v2\/posts"}],"about":[{"href":"https:\/\/www.hoymercedes.com.ar\/principal\/wp-json\/wp\/v2\/types\/post"}],"author":[{"embeddable":true,"href":"https:\/\/www.hoymercedes.com.ar\/principal\/wp-json\/wp\/v2\/users\/1"}],"replies":[{"embeddable":true,"href":"https:\/\/www.hoymercedes.com.ar\/principal\/wp-json\/wp\/v2\/comments?post=20148"}],"version-history":[{"count":0,"href":"https:\/\/www.hoymercedes.com.ar\/principal\/wp-json\/wp\/v2\/posts\/20148\/revisions"}],"wp:attachment":[{"href":"https:\/\/www.hoymercedes.com.ar\/principal\/wp-json\/wp\/v2\/media?parent=20148"}],"wp:term":[{"taxonomy":"category","embeddable":true,"href":"https:\/\/www.hoymercedes.com.ar\/principal\/wp-json\/wp\/v2\/categories?post=20148"},{"taxonomy":"post_tag","embeddable":true,"href":"https:\/\/www.hoymercedes.com.ar\/principal\/wp-json\/wp\/v2\/tags?post=20148"}],"curies":[{"name":"wp","href":"https:\/\/api.w.org\/{rel}","templated":true}]}}