{"id":201480,"date":"2026-09-04T13:19:00","date_gmt":"2026-09-04T16:19:00","guid":{"rendered":"https:\/\/www.hoymercedes.com.ar\/principal\/?p=201480"},"modified":"2026-09-04T02:20:47","modified_gmt":"2026-09-04T05:20:47","slug":"funcionarios-judiciales-participaron-de-una-actividad-institucional-en-el-concejo-deliberante","status":"publish","type":"post","link":"https:\/\/www.hoymercedes.com.ar\/principal\/2026\/09\/04\/funcionarios-judiciales-participaron-de-una-actividad-institucional-en-el-concejo-deliberante\/","title":{"rendered":"Funcionarios judiciales participaron de una actividad institucional en el Concejo Deliberante"},"content":{"rendered":"\n<figure class=\"wp-block-image size-large\"><img loading=\"lazy\" decoding=\"async\" width=\"1024\" height=\"717\" data-attachment-id=\"201481\" data-permalink=\"https:\/\/www.hoymercedes.com.ar\/principal\/2026\/09\/04\/funcionarios-judiciales-participaron-de-una-actividad-institucional-en-el-concejo-deliberante\/whatsapp-image-2026-09-03-at-12-30-25\/#main\" data-orig-file=\"https:\/\/www.hoymercedes.com.ar\/principal\/wp-content\/uploads\/2026\/09\/WhatsApp-Image-2026-09-03-at-12.30.25.jpeg\" data-orig-size=\"1600,1120\" data-comments-opened=\"0\" data-image-title=\"WhatsApp Image 2026-09-03 at 12.30.25\" data-image-description=\"\" data-image-caption=\"\" data-large-file=\"https:\/\/www.hoymercedes.com.ar\/principal\/wp-content\/uploads\/2026\/09\/WhatsApp-Image-2026-09-03-at-12.30.25-1024x717.jpeg\" src=\"https:\/\/www.hoymercedes.com.ar\/principal\/wp-content\/uploads\/2026\/09\/WhatsApp-Image-2026-09-03-at-12.30.25-1024x717.jpeg\" alt=\"\" class=\"wp-image-201481\" srcset=\"https:\/\/www.hoymercedes.com.ar\/principal\/wp-content\/uploads\/2026\/09\/WhatsApp-Image-2026-09-03-at-12.30.25-1024x717.jpeg 1024w, https:\/\/www.hoymercedes.com.ar\/principal\/wp-content\/uploads\/2026\/09\/WhatsApp-Image-2026-09-03-at-12.30.25-150x105.jpeg 150w, https:\/\/www.hoymercedes.com.ar\/principal\/wp-content\/uploads\/2026\/09\/WhatsApp-Image-2026-09-03-at-12.30.25-630x441.jpeg 630w, https:\/\/www.hoymercedes.com.ar\/principal\/wp-content\/uploads\/2026\/09\/WhatsApp-Image-2026-09-03-at-12.30.25-1536x1075.jpeg 1536w, https:\/\/www.hoymercedes.com.ar\/principal\/wp-content\/uploads\/2026\/09\/WhatsApp-Image-2026-09-03-at-12.30.25.jpeg 1600w\" sizes=\"auto, (max-width: 1024px) 100vw, 1024px\" \/><\/figure>\n\n\n\n<p class=\"wp-block-paragraph\">Foto: Emmanuel Badano. El <strong>Concejo Deliberante de Mercedes<\/strong> recibi\u00f3 este jueves a autoridades y representantes del Poder Judicial bonaerense, en el marco de la apertura del <strong>XXII Congreso Provincial de Magistrados y Funcionarios<\/strong>.<\/p>\n\n\n\n<p class=\"wp-block-paragraph\">La actividad cont\u00f3 con el acompa\u00f1amiento de la presidenta del cuerpo legislativo, <strong>Mariana San Mart\u00edn<\/strong>, quien destac\u00f3 la importancia de que Mercedes sea sede de una jornada de alcance provincial.<\/p>\n\n\n\n<p class=\"wp-block-paragraph\">Luego del encuentro en el HCD, la comitiva se traslad\u00f3 al <strong>Teatro Argentino \u201cJulio C\u00e9sar Gioscio\u201d<\/strong>, donde se realiz\u00f3 la apertura formal del congreso bajo el lema <strong>\u201cLa dimensi\u00f3n humana del Poder Judicial: cercan\u00eda y transformaci\u00f3n institucional\u201d<\/strong>.<\/p>\n\n\n\n<p class=\"wp-block-paragraph\"><strong>Autoridades presentes<\/strong><\/p>\n\n\n\n<p class=\"wp-block-paragraph\">Participaron:<\/p>\n\n\n\n<ul class=\"wp-block-list\">\n<li><strong>Sergio Gabriel Torres<\/strong>, presidente de la Suprema Corte de Justicia bonaerense.<\/li>\n\n\n\n<li><strong>Julio Marcelo Conte Grand<\/strong>, procurador general de la Provincia.<\/li>\n\n\n\n<li><strong>Juan Mart\u00edn Mena<\/strong>, ministro de Justicia y Derechos Humanos bonaerense.<\/li>\n\n\n\n<li><strong>Juan Ignacio Ustarroz<\/strong>, intendente de Mercedes.<\/li>\n\n\n\n<li><strong>Mat\u00edas Javier Rappazzo<\/strong>, presidente del Colegio de Magistrados y Funcionarios de la Provincia.<\/li>\n\n\n\n<li><strong>Erika Rodr\u00edguez Meroni<\/strong>, presidenta de la Comisi\u00f3n de Funcionarios y Funcionarias del Colegio de Magistrados provincial.<\/li>\n\n\n\n<li><strong>Rafael Gentili<\/strong>, presidente del Colegio de Abogados bonaerense.<\/li>\n\n\n\n<li><strong>Santiago Marchio<\/strong>, presidente del Colegio de Magistrados y Funcionarios de Mercedes.<\/li>\n<\/ul>\n\n\n\n<p class=\"wp-block-paragraph\">El congreso re\u00fane a magistrados y funcionarios judiciales de distintos puntos de la provincia. Durante <strong>dos jornadas<\/strong> se desarrollar\u00e1n talleres de actualizaci\u00f3n y formaci\u00f3n en el Teatro Argentino y el Concejo Deliberante.<\/p>\n","protected":false},"excerpt":{"rendered":"<p>Foto: Emmanuel Badano. El Concejo Deliberante de Mercedes recibi\u00f3 este jueves a autoridades y representantes del Poder Judicial bonaerense, en &#8230; <a title=\"Funcionarios judiciales participaron de una actividad institucional en el Concejo Deliberante\" class=\"read-more\" href=\"https:\/\/www.hoymercedes.com.ar\/principal\/2026\/09\/04\/funcionarios-judiciales-participaron-de-una-actividad-institucional-en-el-concejo-deliberante\/\" aria-label=\"Leer m\u00e1s sobre Funcionarios judiciales participaron de una actividad institucional en el Concejo Deliberante\">Leer m\u00e1s<\/a><\/p>\n","protected":false},"author":1,"featured_media":201481,"comment_status":"closed","ping_status":"open","sticky":false,"template":"","format":"standard","meta":{"_monsterinsights_skip_tracking":false,"_jetpack_newsletter_access":"","_jetpack_dont_email_post_to_subs":false,"_jetpack_newsletter_tier_id":0,"_jetpack_memberships_contains_paywalled_content":false,"_jetpack_feature_clip_id":0,"_jetpack_memberships_contains_paid_content":false,"footnotes":"","jetpack_publicize_message":"{title}\n\n{excerpt}\n\n{url}","jetpack_publicize_feature_enabled":true,"jetpack_social_post_already_shared":true,"jetpack_social_options":{"image_generator_settings":{"template":"highway","default_image_id":0,"font":"","enabled":false},"version":2},"_wpas_customize_per_network":false,"jetpack_post_was_ever_published":false},"categories":[8],"tags":[],"class_list":["post-201480","post","type-post","status-publish","format-standard","has-post-thumbnail","hentry","category-sociedad","generate-columns","tablet-grid-50","mobile-grid-100","grid-parent","grid-50"],"jetpack_publicize_connections":[],"wps_subtitle":"","jetpack_sharing_enabled":true,"jetpack_featured_media_url":"https:\/\/www.hoymercedes.com.ar\/principal\/wp-content\/uploads\/2026\/09\/WhatsApp-Image-2026-09-03-at-12.30.25.jpeg","_links":{"self":[{"href":"https:\/\/www.hoymercedes.com.ar\/principal\/wp-json\/wp\/v2\/posts\/201480","targetHints":{"allow":["GET"]}}],"collection":[{"href":"https:\/\/www.hoymercedes.com.ar\/principal\/wp-json\/wp\/v2\/posts"}],"about":[{"href":"https:\/\/www.hoymercedes.com.ar\/principal\/wp-json\/wp\/v2\/types\/post"}],"author":[{"embeddable":true,"href":"https:\/\/www.hoymercedes.com.ar\/principal\/wp-json\/wp\/v2\/users\/1"}],"replies":[{"embeddable":true,"href":"https:\/\/www.hoymercedes.com.ar\/principal\/wp-json\/wp\/v2\/comments?post=201480"}],"version-history":[{"count":1,"href":"https:\/\/www.hoymercedes.com.ar\/principal\/wp-json\/wp\/v2\/posts\/201480\/revisions"}],"predecessor-version":[{"id":201482,"href":"https:\/\/www.hoymercedes.com.ar\/principal\/wp-json\/wp\/v2\/posts\/201480\/revisions\/201482"}],"wp:featuredmedia":[{"embeddable":true,"href":"https:\/\/www.hoymercedes.com.ar\/principal\/wp-json\/wp\/v2\/media\/201481"}],"wp:attachment":[{"href":"https:\/\/www.hoymercedes.com.ar\/principal\/wp-json\/wp\/v2\/media?parent=201480"}],"wp:term":[{"taxonomy":"category","embeddable":true,"href":"https:\/\/www.hoymercedes.com.ar\/principal\/wp-json\/wp\/v2\/categories?post=201480"},{"taxonomy":"post_tag","embeddable":true,"href":"https:\/\/www.hoymercedes.com.ar\/principal\/wp-json\/wp\/v2\/tags?post=201480"}],"curies":[{"name":"wp","href":"https:\/\/api.w.org\/{rel}","templated":true}]}}