{"id":201483,"date":"2026-09-04T14:24:00","date_gmt":"2026-09-04T17:24:00","guid":{"rendered":"https:\/\/www.hoymercedes.com.ar\/principal\/?p=201483"},"modified":"2026-09-04T02:58:06","modified_gmt":"2026-09-04T05:58:06","slug":"la-linea-2-volvio-a-circular-y-recupero-el-recorrido-hacia-gowland-y-tomas-jofre","status":"publish","type":"post","link":"https:\/\/www.hoymercedes.com.ar\/principal\/2026\/09\/04\/la-linea-2-volvio-a-circular-y-recupero-el-recorrido-hacia-gowland-y-tomas-jofre\/","title":{"rendered":"La L\u00ednea 2 volvi\u00f3 a circular y recuper\u00f3 el recorrido hacia Gowland y Tom\u00e1s Jofr\u00e9"},"content":{"rendered":"\n<figure class=\"wp-block-image size-full\"><img loading=\"lazy\" decoding=\"async\" width=\"516\" height=\"387\" data-attachment-id=\"201484\" data-permalink=\"https:\/\/www.hoymercedes.com.ar\/principal\/2026\/09\/04\/la-linea-2-volvio-a-circular-y-recupero-el-recorrido-hacia-gowland-y-tomas-jofre\/image-1057\/#main\" data-orig-file=\"https:\/\/www.hoymercedes.com.ar\/principal\/wp-content\/uploads\/2026\/09\/image-13.png\" data-orig-size=\"516,387\" data-comments-opened=\"0\" data-image-title=\"image\" data-image-description=\"\" data-image-caption=\"\" data-large-file=\"https:\/\/www.hoymercedes.com.ar\/principal\/wp-content\/uploads\/2026\/09\/image-13.png\" src=\"https:\/\/www.hoymercedes.com.ar\/principal\/wp-content\/uploads\/2026\/09\/image-13.png\" alt=\"\" class=\"wp-image-201484\" srcset=\"https:\/\/www.hoymercedes.com.ar\/principal\/wp-content\/uploads\/2026\/09\/image-13.png 516w, https:\/\/www.hoymercedes.com.ar\/principal\/wp-content\/uploads\/2026\/09\/image-13-150x113.png 150w\" sizes=\"auto, (max-width: 516px) 100vw, 516px\" \/><\/figure>\n\n\n\n<p class=\"wp-block-paragraph\">Los vecinos de <strong>Gowland, Agote y Tom\u00e1s Jofr\u00e9<\/strong> volvieron a contar desde este mi\u00e9rcoles con el servicio de transporte comunal que los conecta con el <strong>Parque Municipal<\/strong>.<\/p>\n\n\n\n<p class=\"wp-block-paragraph\">El ramal comenz\u00f3 a circular nuevamente a partir de las <strong>11:30<\/strong>, luego de varios d\u00edas sin prestar servicio debido a problemas mec\u00e1nicos que afectaron a distintas unidades.<\/p>\n\n\n\n<p class=\"wp-block-paragraph\">La restituci\u00f3n del recorrido fue confirmada desde el Municipio, mientras contin\u00faan los trabajos de reparaci\u00f3n y mantenimiento de los veh\u00edculos afectados.<\/p>\n\n\n\n<p class=\"wp-block-paragraph\"><strong>La L\u00ednea 1 mantiene su recorrido habitual<\/strong><\/p>\n\n\n\n<p class=\"wp-block-paragraph\">El otro ramal del sistema, que une <strong>Matienzo con el Cementerio<\/strong>, contin\u00faa funcionando con normalidad y sin modificaciones en su cronograma.<\/p>\n\n\n\n<p class=\"wp-block-paragraph\">En tanto, desde el inicio de septiembre rige un nuevo esquema tarifario. En la L\u00ednea 1, los boletos cuestan <strong>$1.164,47<\/strong>, <strong>$1.310,02<\/strong> y <strong>$1.455,58<\/strong>, seg\u00fan la secci\u00f3n. Para la L\u00ednea 2, los valores son de <strong>$1.164,47<\/strong>, <strong>$1.310,02<\/strong> y <strong>$1.746,70<\/strong>.<\/p>\n","protected":false},"excerpt":{"rendered":"<p>Los vecinos de Gowland, Agote y Tom\u00e1s Jofr\u00e9 volvieron a contar desde este mi\u00e9rcoles con el servicio de transporte comunal &#8230; <a title=\"La L\u00ednea 2 volvi\u00f3 a circular y recuper\u00f3 el recorrido hacia Gowland y Tom\u00e1s Jofr\u00e9\" class=\"read-more\" href=\"https:\/\/www.hoymercedes.com.ar\/principal\/2026\/09\/04\/la-linea-2-volvio-a-circular-y-recupero-el-recorrido-hacia-gowland-y-tomas-jofre\/\" aria-label=\"Leer m\u00e1s sobre La L\u00ednea 2 volvi\u00f3 a circular y recuper\u00f3 el recorrido hacia Gowland y Tom\u00e1s Jofr\u00e9\">Leer m\u00e1s<\/a><\/p>\n","protected":false},"author":1,"featured_media":201484,"comment_status":"closed","ping_status":"open","sticky":false,"template":"","format":"standard","meta":{"_monsterinsights_skip_tracking":false,"_jetpack_newsletter_access":"","_jetpack_dont_email_post_to_subs":false,"_jetpack_newsletter_tier_id":0,"_jetpack_memberships_contains_paywalled_content":false,"_jetpack_feature_clip_id":0,"_jetpack_memberships_contains_paid_content":false,"footnotes":"","jetpack_publicize_message":"{title}\n\n{excerpt}\n\n{url}","jetpack_publicize_feature_enabled":true,"jetpack_social_post_already_shared":true,"jetpack_social_options":{"image_generator_settings":{"template":"highway","default_image_id":0,"font":"","enabled":false},"version":2},"_wpas_customize_per_network":false,"jetpack_post_was_ever_published":false},"categories":[8],"tags":[],"class_list":["post-201483","post","type-post","status-publish","format-standard","has-post-thumbnail","hentry","category-sociedad","generate-columns","tablet-grid-50","mobile-grid-100","grid-parent","grid-50"],"jetpack_publicize_connections":[],"wps_subtitle":"","jetpack_sharing_enabled":true,"jetpack_featured_media_url":"https:\/\/www.hoymercedes.com.ar\/principal\/wp-content\/uploads\/2026\/09\/image-13.png","_links":{"self":[{"href":"https:\/\/www.hoymercedes.com.ar\/principal\/wp-json\/wp\/v2\/posts\/201483","targetHints":{"allow":["GET"]}}],"collection":[{"href":"https:\/\/www.hoymercedes.com.ar\/principal\/wp-json\/wp\/v2\/posts"}],"about":[{"href":"https:\/\/www.hoymercedes.com.ar\/principal\/wp-json\/wp\/v2\/types\/post"}],"author":[{"embeddable":true,"href":"https:\/\/www.hoymercedes.com.ar\/principal\/wp-json\/wp\/v2\/users\/1"}],"replies":[{"embeddable":true,"href":"https:\/\/www.hoymercedes.com.ar\/principal\/wp-json\/wp\/v2\/comments?post=201483"}],"version-history":[{"count":2,"href":"https:\/\/www.hoymercedes.com.ar\/principal\/wp-json\/wp\/v2\/posts\/201483\/revisions"}],"predecessor-version":[{"id":201506,"href":"https:\/\/www.hoymercedes.com.ar\/principal\/wp-json\/wp\/v2\/posts\/201483\/revisions\/201506"}],"wp:featuredmedia":[{"embeddable":true,"href":"https:\/\/www.hoymercedes.com.ar\/principal\/wp-json\/wp\/v2\/media\/201484"}],"wp:attachment":[{"href":"https:\/\/www.hoymercedes.com.ar\/principal\/wp-json\/wp\/v2\/media?parent=201483"}],"wp:term":[{"taxonomy":"category","embeddable":true,"href":"https:\/\/www.hoymercedes.com.ar\/principal\/wp-json\/wp\/v2\/categories?post=201483"},{"taxonomy":"post_tag","embeddable":true,"href":"https:\/\/www.hoymercedes.com.ar\/principal\/wp-json\/wp\/v2\/tags?post=201483"}],"curies":[{"name":"wp","href":"https:\/\/api.w.org\/{rel}","templated":true}]}}