{"id":201486,"date":"2026-09-05T13:56:00","date_gmt":"2026-09-05T16:56:00","guid":{"rendered":"https:\/\/www.hoymercedes.com.ar\/principal\/?p=201486"},"modified":"2026-09-04T19:53:19","modified_gmt":"2026-09-04T22:53:19","slug":"mas-de-500-personas-participaron-de-la-apertura-del-congreso-judicial-en-mercedes","status":"publish","type":"post","link":"https:\/\/www.hoymercedes.com.ar\/principal\/2026\/09\/05\/mas-de-500-personas-participaron-de-la-apertura-del-congreso-judicial-en-mercedes\/","title":{"rendered":"M\u00e1s de 500 personas participaron de la apertura del Congreso Judicial en Mercedes"},"content":{"rendered":"\n<figure class=\"wp-block-image size-large\"><img loading=\"lazy\" decoding=\"async\" width=\"1024\" height=\"768\" data-attachment-id=\"201488\" data-permalink=\"https:\/\/www.hoymercedes.com.ar\/principal\/2026\/09\/05\/mas-de-500-personas-participaron-de-la-apertura-del-congreso-judicial-en-mercedes\/chatgpt-image-4-sept-2026-02_33_06\/#main\" data-orig-file=\"https:\/\/www.hoymercedes.com.ar\/principal\/wp-content\/uploads\/2026\/09\/ChatGPT-Image-4-sept-2026-02_33_06.png\" data-orig-size=\"1448,1086\" data-comments-opened=\"0\" data-image-title=\"ChatGPT Image 4 sept 2026, 02_33_06\" data-image-description=\"\" data-image-caption=\"\" data-large-file=\"https:\/\/www.hoymercedes.com.ar\/principal\/wp-content\/uploads\/2026\/09\/ChatGPT-Image-4-sept-2026-02_33_06-1024x768.png\" src=\"https:\/\/www.hoymercedes.com.ar\/principal\/wp-content\/uploads\/2026\/09\/ChatGPT-Image-4-sept-2026-02_33_06-1024x768.png\" alt=\"\" class=\"wp-image-201488\" srcset=\"https:\/\/www.hoymercedes.com.ar\/principal\/wp-content\/uploads\/2026\/09\/ChatGPT-Image-4-sept-2026-02_33_06-1024x768.png 1024w, https:\/\/www.hoymercedes.com.ar\/principal\/wp-content\/uploads\/2026\/09\/ChatGPT-Image-4-sept-2026-02_33_06-150x112.png 150w, https:\/\/www.hoymercedes.com.ar\/principal\/wp-content\/uploads\/2026\/09\/ChatGPT-Image-4-sept-2026-02_33_06-630x473.png 630w, https:\/\/www.hoymercedes.com.ar\/principal\/wp-content\/uploads\/2026\/09\/ChatGPT-Image-4-sept-2026-02_33_06.png 1448w\" sizes=\"auto, (max-width: 1024px) 100vw, 1024px\" \/><\/figure>\n\n\n\n<p class=\"wp-block-paragraph\">El presidente de la <strong>Suprema Corte de Justicia bonaerense<\/strong>, <strong>Sergio Gabriel Torres<\/strong>, encabez\u00f3 este jueves la apertura del <strong>XXII Congreso Provincial de Funcionarios y Funcionarias del Poder Judicial<\/strong>, que se desarrolla en el <strong>Teatro Argentino de Mercedes<\/strong>.<\/p>\n\n\n\n<p class=\"wp-block-paragraph\">El encuentro re\u00fane a m\u00e1s de <strong>500 asistentes<\/strong> y tiene como eje la <strong>dimensi\u00f3n humana del Poder Judicial, la cercan\u00eda con la ciudadan\u00eda y la transformaci\u00f3n institucional<\/strong>.<\/p>\n\n\n\n<p class=\"wp-block-paragraph\"><strong>Autoridades presentes<\/strong><\/p>\n\n\n\n<p class=\"wp-block-paragraph\">Del acto inaugural participaron el procurador general bonaerense, <strong>Julio Marcelo Conte-Grand<\/strong>; el ministro de Justicia y Derechos Humanos, <strong>Juan Mart\u00edn Mena<\/strong>; el intendente <strong>Juan Ignacio Ustarroz<\/strong>; el presidente del Colegio de Magistrados y Funcionarios provincial, <strong>Mat\u00edas Rappazzo<\/strong>; y el titular del Colegio de Abogados bonaerense, <strong>Rafael Gentili<\/strong>.<\/p>\n\n\n\n<p class=\"wp-block-paragraph\">Tambi\u00e9n estuvieron la presidenta de la Comisi\u00f3n de Funcionarios y Funcionarias del Colegio de Magistrados provincial, <strong>Erika Rodr\u00edguez Meroni<\/strong>, y el presidente del Colegio de Magistrados y Funcionarios de Mercedes, <strong>Santiago Marchio<\/strong>.<\/p>\n\n\n\n<p class=\"wp-block-paragraph\"><strong>El rol de funcionarios y funcionarias<\/strong><\/p>\n\n\n\n<p class=\"wp-block-paragraph\">Durante la jornada, Torres destac\u00f3 la importancia institucional y profesional de quienes integran el estamento intermedio del sistema judicial, entre magistrados y agentes.<\/p>\n\n\n\n<p class=\"wp-block-paragraph\">El titular de la Suprema Corte tambi\u00e9n brind\u00f3 una disertaci\u00f3n sobre los desaf\u00edos y la funci\u00f3n estrat\u00e9gica de los funcionarios y funcionarias dentro de la estructura del Poder Judicial.<\/p>\n\n\n\n<p class=\"wp-block-paragraph\">El congreso es organizado por el <strong>Colegio de Magistrados y Funcionarios de la Provincia de Buenos Aires<\/strong> y cuenta con ponencias de representantes de la Suprema Corte, entre ellos <strong>N\u00e9stor Trabucco, Am\u00f3s Grajales, Gustavo Raimondi, Constanza Storani y Rafael de la Colina<\/strong>.<\/p>\n","protected":false},"excerpt":{"rendered":"<p>El presidente de la Suprema Corte de Justicia bonaerense, Sergio Gabriel Torres, encabez\u00f3 este jueves la apertura del XXII Congreso &#8230; <a title=\"M\u00e1s de 500 personas participaron de la apertura del Congreso Judicial en Mercedes\" class=\"read-more\" href=\"https:\/\/www.hoymercedes.com.ar\/principal\/2026\/09\/05\/mas-de-500-personas-participaron-de-la-apertura-del-congreso-judicial-en-mercedes\/\" aria-label=\"Leer m\u00e1s sobre M\u00e1s de 500 personas participaron de la apertura del Congreso Judicial en Mercedes\">Leer m\u00e1s<\/a><\/p>\n","protected":false},"author":1,"featured_media":201488,"comment_status":"closed","ping_status":"open","sticky":false,"template":"","format":"standard","meta":{"_monsterinsights_skip_tracking":false,"_jetpack_newsletter_access":"","_jetpack_dont_email_post_to_subs":false,"_jetpack_newsletter_tier_id":0,"_jetpack_memberships_contains_paywalled_content":false,"_jetpack_feature_clip_id":0,"_jetpack_memberships_contains_paid_content":false,"footnotes":"","jetpack_publicize_message":"{title}\n\n{excerpt}\n\n{url}","jetpack_publicize_feature_enabled":true,"jetpack_social_post_already_shared":true,"jetpack_social_options":{"image_generator_settings":{"template":"highway","default_image_id":0,"font":"","enabled":false},"version":2},"_wpas_customize_per_network":false,"jetpack_post_was_ever_published":false},"categories":[8],"tags":[],"class_list":["post-201486","post","type-post","status-publish","format-standard","has-post-thumbnail","hentry","category-sociedad","generate-columns","tablet-grid-50","mobile-grid-100","grid-parent","grid-50"],"jetpack_publicize_connections":[],"wps_subtitle":"","jetpack_sharing_enabled":true,"jetpack_featured_media_url":"https:\/\/www.hoymercedes.com.ar\/principal\/wp-content\/uploads\/2026\/09\/ChatGPT-Image-4-sept-2026-02_33_06.png","_links":{"self":[{"href":"https:\/\/www.hoymercedes.com.ar\/principal\/wp-json\/wp\/v2\/posts\/201486","targetHints":{"allow":["GET"]}}],"collection":[{"href":"https:\/\/www.hoymercedes.com.ar\/principal\/wp-json\/wp\/v2\/posts"}],"about":[{"href":"https:\/\/www.hoymercedes.com.ar\/principal\/wp-json\/wp\/v2\/types\/post"}],"author":[{"embeddable":true,"href":"https:\/\/www.hoymercedes.com.ar\/principal\/wp-json\/wp\/v2\/users\/1"}],"replies":[{"embeddable":true,"href":"https:\/\/www.hoymercedes.com.ar\/principal\/wp-json\/wp\/v2\/comments?post=201486"}],"version-history":[{"count":1,"href":"https:\/\/www.hoymercedes.com.ar\/principal\/wp-json\/wp\/v2\/posts\/201486\/revisions"}],"predecessor-version":[{"id":201489,"href":"https:\/\/www.hoymercedes.com.ar\/principal\/wp-json\/wp\/v2\/posts\/201486\/revisions\/201489"}],"wp:featuredmedia":[{"embeddable":true,"href":"https:\/\/www.hoymercedes.com.ar\/principal\/wp-json\/wp\/v2\/media\/201488"}],"wp:attachment":[{"href":"https:\/\/www.hoymercedes.com.ar\/principal\/wp-json\/wp\/v2\/media?parent=201486"}],"wp:term":[{"taxonomy":"category","embeddable":true,"href":"https:\/\/www.hoymercedes.com.ar\/principal\/wp-json\/wp\/v2\/categories?post=201486"},{"taxonomy":"post_tag","embeddable":true,"href":"https:\/\/www.hoymercedes.com.ar\/principal\/wp-json\/wp\/v2\/tags?post=201486"}],"curies":[{"name":"wp","href":"https:\/\/api.w.org\/{rel}","templated":true}]}}