{"id":201490,"date":"2026-09-04T14:40:00","date_gmt":"2026-09-04T17:40:00","guid":{"rendered":"https:\/\/www.hoymercedes.com.ar\/principal\/?p=201490"},"modified":"2026-09-04T02:41:59","modified_gmt":"2026-09-04T05:41:59","slug":"el-cens-452-represento-a-mercedes-en-la-feria-provincial-de-ciencias","status":"publish","type":"post","link":"https:\/\/www.hoymercedes.com.ar\/principal\/2026\/09\/04\/el-cens-452-represento-a-mercedes-en-la-feria-provincial-de-ciencias\/","title":{"rendered":"El CENS 452 represent\u00f3 a Mercedes en la Feria Provincial de Ciencias"},"content":{"rendered":"\n<figure class=\"wp-block-image size-large\"><img loading=\"lazy\" decoding=\"async\" width=\"1024\" height=\"770\" data-attachment-id=\"201491\" data-permalink=\"https:\/\/www.hoymercedes.com.ar\/principal\/2026\/09\/04\/el-cens-452-represento-a-mercedes-en-la-feria-provincial-de-ciencias\/image-1059\/#main\" data-orig-file=\"https:\/\/www.hoymercedes.com.ar\/principal\/wp-content\/uploads\/2026\/09\/image-15.png\" data-orig-size=\"1280,963\" data-comments-opened=\"0\" data-image-title=\"image\" data-image-description=\"\" data-image-caption=\"\" data-large-file=\"https:\/\/www.hoymercedes.com.ar\/principal\/wp-content\/uploads\/2026\/09\/image-15-1024x770.png\" src=\"https:\/\/www.hoymercedes.com.ar\/principal\/wp-content\/uploads\/2026\/09\/image-15-1024x770.png\" alt=\"\" class=\"wp-image-201491\" srcset=\"https:\/\/www.hoymercedes.com.ar\/principal\/wp-content\/uploads\/2026\/09\/image-15-1024x770.png 1024w, https:\/\/www.hoymercedes.com.ar\/principal\/wp-content\/uploads\/2026\/09\/image-15-150x113.png 150w, https:\/\/www.hoymercedes.com.ar\/principal\/wp-content\/uploads\/2026\/09\/image-15-630x474.png 630w, https:\/\/www.hoymercedes.com.ar\/principal\/wp-content\/uploads\/2026\/09\/image-15.png 1280w\" sizes=\"auto, (max-width: 1024px) 100vw, 1024px\" \/><\/figure>\n\n\n\n<p class=\"wp-block-paragraph\">El <strong>CENS N\u00b0 452<\/strong>, que funciona en contexto de encierro dentro de la <strong>Unidad Penal N\u00b0 5 de Mercedes<\/strong>, particip\u00f3 de la <strong>53\u00aa Instancia Provincial de Actividades Cient\u00edficas, Tecnol\u00f3gicas y Educativas<\/strong>.<\/p>\n\n\n\n<p class=\"wp-block-paragraph\">La feria se desarroll\u00f3 entre el <strong>1 y el 3 de septiembre<\/strong> en <strong>Santa Clara del Mar<\/strong>, partido de Mar Chiquita, y reuni\u00f3 a <strong>290 delegaciones<\/strong> de distintos niveles y modalidades educativas. La participaci\u00f3n coincidi\u00f3 con el <strong>40\u00b0 aniversario<\/strong> de la instituci\u00f3n mercedina.<\/p>\n\n\n\n<p class=\"wp-block-paragraph\"><strong>Un proyecto de reciclaje<\/strong><\/p>\n\n\n\n<p class=\"wp-block-paragraph\">Los estudiantes de <strong>2\u00b0 a\u00f1o, 3\u00aa divisi\u00f3n<\/strong>, presentaron el proyecto <strong>\u201cEntre Burbujas\u201d<\/strong>, basado en el reciclaje del aceite vegetal utilizado en los pabellones de la Unidad Penal.<\/p>\n\n\n\n<p class=\"wp-block-paragraph\">A trav\u00e9s de un proceso de filtrado continuo, el aceite es transformado en materia prima para la elaboraci\u00f3n de <strong>jabones destinados a la higiene personal<\/strong>.<\/p>\n\n\n\n<p class=\"wp-block-paragraph\">La propuesta surgi\u00f3 en el espacio curricular de <strong>F\u00edsica y Fen\u00f3menos Naturales<\/strong> y luego se articul\u00f3 con contenidos de <strong>Pr\u00e1cticas del Lenguaje<\/strong> y <strong>Matem\u00e1tica<\/strong>, con el acompa\u00f1amiento de docentes del establecimiento.<\/p>\n\n\n\n<p class=\"wp-block-paragraph\"><strong>Valoraci\u00f3n de los evaluadores<\/strong><\/p>\n\n\n\n<p class=\"wp-block-paragraph\">Durante la exposici\u00f3n, el equipo evaluador destac\u00f3 el impacto social y educativo del proyecto. En su devoluci\u00f3n, se\u00f1al\u00f3 que el trabajo \u201cenaltece la dignidad humana superando prejuicios\u201d y refleja un proceso de superaci\u00f3n personal y crecimiento acad\u00e9mico vinculado con el derecho a la salud.<\/p>\n\n\n\n<p class=\"wp-block-paragraph\">La iniciativa permiti\u00f3 que el CENS 452 llevara una experiencia desarrollada en la Unidad Penal N\u00b0 5 a una instancia provincial de intercambio cient\u00edfico y educativo.<\/p>\n\n\n\n<figure class=\"wp-block-image size-large\"><img loading=\"lazy\" decoding=\"async\" width=\"932\" height=\"1024\" data-attachment-id=\"201492\" data-permalink=\"https:\/\/www.hoymercedes.com.ar\/principal\/2026\/09\/04\/el-cens-452-represento-a-mercedes-en-la-feria-provincial-de-ciencias\/image-1060\/#main\" data-orig-file=\"https:\/\/www.hoymercedes.com.ar\/principal\/wp-content\/uploads\/2026\/09\/image-16.png\" data-orig-size=\"1456,1599\" data-comments-opened=\"0\" data-image-title=\"image\" data-image-description=\"\" data-image-caption=\"\" data-large-file=\"https:\/\/www.hoymercedes.com.ar\/principal\/wp-content\/uploads\/2026\/09\/image-16-932x1024.png\" src=\"https:\/\/www.hoymercedes.com.ar\/principal\/wp-content\/uploads\/2026\/09\/image-16-932x1024.png\" alt=\"\" class=\"wp-image-201492\" srcset=\"https:\/\/www.hoymercedes.com.ar\/principal\/wp-content\/uploads\/2026\/09\/image-16-932x1024.png 932w, https:\/\/www.hoymercedes.com.ar\/principal\/wp-content\/uploads\/2026\/09\/image-16-137x150.png 137w, https:\/\/www.hoymercedes.com.ar\/principal\/wp-content\/uploads\/2026\/09\/image-16-565x620.png 565w, https:\/\/www.hoymercedes.com.ar\/principal\/wp-content\/uploads\/2026\/09\/image-16-1399x1536.png 1399w, https:\/\/www.hoymercedes.com.ar\/principal\/wp-content\/uploads\/2026\/09\/image-16.png 1456w\" sizes=\"auto, (max-width: 932px) 100vw, 932px\" \/><\/figure>\n","protected":false},"excerpt":{"rendered":"<p>El CENS N\u00b0 452, que funciona en contexto de encierro dentro de la Unidad Penal N\u00b0 5 de Mercedes, particip\u00f3 &#8230; <a title=\"El CENS 452 represent\u00f3 a Mercedes en la Feria Provincial de Ciencias\" class=\"read-more\" href=\"https:\/\/www.hoymercedes.com.ar\/principal\/2026\/09\/04\/el-cens-452-represento-a-mercedes-en-la-feria-provincial-de-ciencias\/\" aria-label=\"Leer m\u00e1s sobre El CENS 452 represent\u00f3 a Mercedes en la Feria Provincial de Ciencias\">Leer m\u00e1s<\/a><\/p>\n","protected":false},"author":1,"featured_media":201491,"comment_status":"closed","ping_status":"open","sticky":false,"template":"","format":"standard","meta":{"_monsterinsights_skip_tracking":false,"_jetpack_newsletter_access":"","_jetpack_dont_email_post_to_subs":false,"_jetpack_newsletter_tier_id":0,"_jetpack_memberships_contains_paywalled_content":false,"_jetpack_feature_clip_id":0,"_jetpack_memberships_contains_paid_content":false,"footnotes":"","jetpack_publicize_message":"{title}\n\n{excerpt}\n\n{url}","jetpack_publicize_feature_enabled":true,"jetpack_social_post_already_shared":true,"jetpack_social_options":{"image_generator_settings":{"template":"highway","default_image_id":0,"font":"","enabled":false},"version":2},"_wpas_customize_per_network":false,"jetpack_post_was_ever_published":false},"categories":[8],"tags":[],"class_list":["post-201490","post","type-post","status-publish","format-standard","has-post-thumbnail","hentry","category-sociedad","generate-columns","tablet-grid-50","mobile-grid-100","grid-parent","grid-50"],"jetpack_publicize_connections":[],"wps_subtitle":"","jetpack_sharing_enabled":true,"jetpack_featured_media_url":"https:\/\/www.hoymercedes.com.ar\/principal\/wp-content\/uploads\/2026\/09\/image-15.png","_links":{"self":[{"href":"https:\/\/www.hoymercedes.com.ar\/principal\/wp-json\/wp\/v2\/posts\/201490","targetHints":{"allow":["GET"]}}],"collection":[{"href":"https:\/\/www.hoymercedes.com.ar\/principal\/wp-json\/wp\/v2\/posts"}],"about":[{"href":"https:\/\/www.hoymercedes.com.ar\/principal\/wp-json\/wp\/v2\/types\/post"}],"author":[{"embeddable":true,"href":"https:\/\/www.hoymercedes.com.ar\/principal\/wp-json\/wp\/v2\/users\/1"}],"replies":[{"embeddable":true,"href":"https:\/\/www.hoymercedes.com.ar\/principal\/wp-json\/wp\/v2\/comments?post=201490"}],"version-history":[{"count":1,"href":"https:\/\/www.hoymercedes.com.ar\/principal\/wp-json\/wp\/v2\/posts\/201490\/revisions"}],"predecessor-version":[{"id":201493,"href":"https:\/\/www.hoymercedes.com.ar\/principal\/wp-json\/wp\/v2\/posts\/201490\/revisions\/201493"}],"wp:featuredmedia":[{"embeddable":true,"href":"https:\/\/www.hoymercedes.com.ar\/principal\/wp-json\/wp\/v2\/media\/201491"}],"wp:attachment":[{"href":"https:\/\/www.hoymercedes.com.ar\/principal\/wp-json\/wp\/v2\/media?parent=201490"}],"wp:term":[{"taxonomy":"category","embeddable":true,"href":"https:\/\/www.hoymercedes.com.ar\/principal\/wp-json\/wp\/v2\/categories?post=201490"},{"taxonomy":"post_tag","embeddable":true,"href":"https:\/\/www.hoymercedes.com.ar\/principal\/wp-json\/wp\/v2\/tags?post=201490"}],"curies":[{"name":"wp","href":"https:\/\/api.w.org\/{rel}","templated":true}]}}