{"id":201494,"date":"2026-09-04T15:45:00","date_gmt":"2026-09-04T18:45:00","guid":{"rendered":"https:\/\/www.hoymercedes.com.ar\/principal\/?p=201494"},"modified":"2026-09-04T02:57:29","modified_gmt":"2026-09-04T05:57:29","slug":"cerro-la-sucursal-de-diarco-en-lujan-y-se-perdieron-unas-30-fuentes-laborales","status":"publish","type":"post","link":"https:\/\/www.hoymercedes.com.ar\/principal\/2026\/09\/04\/cerro-la-sucursal-de-diarco-en-lujan-y-se-perdieron-unas-30-fuentes-laborales\/","title":{"rendered":"Cerr\u00f3 la sucursal de Diarco en Luj\u00e1n y se perdieron unas 30 fuentes laborales"},"content":{"rendered":"\n<figure class=\"wp-block-image size-full\"><img loading=\"lazy\" decoding=\"async\" width=\"587\" height=\"352\" data-attachment-id=\"201495\" data-permalink=\"https:\/\/www.hoymercedes.com.ar\/principal\/2026\/09\/04\/cerro-la-sucursal-de-diarco-en-lujan-y-se-perdieron-unas-30-fuentes-laborales\/image-1061\/#main\" data-orig-file=\"https:\/\/www.hoymercedes.com.ar\/principal\/wp-content\/uploads\/2026\/09\/image-17.png\" data-orig-size=\"587,352\" data-comments-opened=\"0\" data-image-title=\"image\" data-image-description=\"\" data-image-caption=\"\" data-large-file=\"https:\/\/www.hoymercedes.com.ar\/principal\/wp-content\/uploads\/2026\/09\/image-17.png\" src=\"https:\/\/www.hoymercedes.com.ar\/principal\/wp-content\/uploads\/2026\/09\/image-17.png\" alt=\"\" class=\"wp-image-201495\" srcset=\"https:\/\/www.hoymercedes.com.ar\/principal\/wp-content\/uploads\/2026\/09\/image-17.png 587w, https:\/\/www.hoymercedes.com.ar\/principal\/wp-content\/uploads\/2026\/09\/image-17-150x90.png 150w\" sizes=\"auto, (max-width: 587px) 100vw, 587px\" \/><\/figure>\n\n\n\n<p class=\"wp-block-paragraph\">Con informaci\u00f3n de El Civismo. La sucursal del mayorista <strong>Diarco<\/strong> ubicada sobre la <strong>Ruta Nacional 5, a la altura del kil\u00f3metro 72<\/strong>, cerr\u00f3 definitivamente sus puertas y dej\u00f3 sin empleo a alrededor de <strong>30 trabajadores de Luj\u00e1n<\/strong>.<\/p>\n\n\n\n<p class=\"wp-block-paragraph\">La empresa hab\u00eda inaugurado el local en <strong>2021<\/strong>, durante la pandemia, con expectativas de crecimiento en el rubro de supermercados mayoristas. En aquel momento, el corte de cintas cont\u00f3 con la participaci\u00f3n del entonces intendente <strong>Leonardo Boto<\/strong>.<\/p>\n\n\n\n<p class=\"wp-block-paragraph\"><strong>Ca\u00edda de ventas y aumento de costos<\/strong><\/p>\n\n\n\n<p class=\"wp-block-paragraph\">El cierre se enmarca en una reducci\u00f3n de la estructura de la compa\u00f1\u00eda, que comenz\u00f3 a revisar el funcionamiento de sus sucursales con menor nivel de ventas.<\/p>\n\n\n\n<p class=\"wp-block-paragraph\">La ca\u00edda del consumo masivo y el incremento de los costos operativos afectaron especialmente a supermercados y mayoristas. En ese contexto, la facturaci\u00f3n de la sucursal no habr\u00eda alcanzado para cubrir sus gastos de funcionamiento.<\/p>\n\n\n\n<p class=\"wp-block-paragraph\">La situaci\u00f3n tambi\u00e9n alcanza a otras empresas del sector, como <strong>Yaguar<\/strong> y <strong>Caromar<\/strong>, que atraviesan dificultades comerciales y eval\u00faan sus estructuras.<\/p>\n\n\n\n<p class=\"wp-block-paragraph\">El cierre de Diarco se suma a la p\u00e9rdida de puestos de trabajo registrada en distintos sectores de la econom\u00eda y profundiza la preocupaci\u00f3n por la situaci\u00f3n laboral en Luj\u00e1n.<\/p>\n","protected":false},"excerpt":{"rendered":"<p>Con informaci\u00f3n de El Civismo. La sucursal del mayorista Diarco ubicada sobre la Ruta Nacional 5, a la altura del &#8230; <a title=\"Cerr\u00f3 la sucursal de Diarco en Luj\u00e1n y se perdieron unas 30 fuentes laborales\" class=\"read-more\" href=\"https:\/\/www.hoymercedes.com.ar\/principal\/2026\/09\/04\/cerro-la-sucursal-de-diarco-en-lujan-y-se-perdieron-unas-30-fuentes-laborales\/\" aria-label=\"Leer m\u00e1s sobre Cerr\u00f3 la sucursal de Diarco en Luj\u00e1n y se perdieron unas 30 fuentes laborales\">Leer m\u00e1s<\/a><\/p>\n","protected":false},"author":1,"featured_media":201495,"comment_status":"closed","ping_status":"open","sticky":false,"template":"","format":"standard","meta":{"_monsterinsights_skip_tracking":false,"_jetpack_newsletter_access":"","_jetpack_dont_email_post_to_subs":false,"_jetpack_newsletter_tier_id":0,"_jetpack_memberships_contains_paywalled_content":false,"_jetpack_feature_clip_id":0,"_jetpack_memberships_contains_paid_content":false,"footnotes":"","jetpack_publicize_message":"{title}\n\n{excerpt}\n\n{url}","jetpack_publicize_feature_enabled":true,"jetpack_social_post_already_shared":true,"jetpack_social_options":{"image_generator_settings":{"template":"highway","default_image_id":0,"font":"","enabled":false},"version":2},"_wpas_customize_per_network":false,"jetpack_post_was_ever_published":false},"categories":[8],"tags":[],"class_list":["post-201494","post","type-post","status-publish","format-standard","has-post-thumbnail","hentry","category-sociedad","generate-columns","tablet-grid-50","mobile-grid-100","grid-parent","grid-50"],"jetpack_publicize_connections":[],"wps_subtitle":"","jetpack_sharing_enabled":true,"jetpack_featured_media_url":"https:\/\/www.hoymercedes.com.ar\/principal\/wp-content\/uploads\/2026\/09\/image-17.png","_links":{"self":[{"href":"https:\/\/www.hoymercedes.com.ar\/principal\/wp-json\/wp\/v2\/posts\/201494","targetHints":{"allow":["GET"]}}],"collection":[{"href":"https:\/\/www.hoymercedes.com.ar\/principal\/wp-json\/wp\/v2\/posts"}],"about":[{"href":"https:\/\/www.hoymercedes.com.ar\/principal\/wp-json\/wp\/v2\/types\/post"}],"author":[{"embeddable":true,"href":"https:\/\/www.hoymercedes.com.ar\/principal\/wp-json\/wp\/v2\/users\/1"}],"replies":[{"embeddable":true,"href":"https:\/\/www.hoymercedes.com.ar\/principal\/wp-json\/wp\/v2\/comments?post=201494"}],"version-history":[{"count":2,"href":"https:\/\/www.hoymercedes.com.ar\/principal\/wp-json\/wp\/v2\/posts\/201494\/revisions"}],"predecessor-version":[{"id":201505,"href":"https:\/\/www.hoymercedes.com.ar\/principal\/wp-json\/wp\/v2\/posts\/201494\/revisions\/201505"}],"wp:featuredmedia":[{"embeddable":true,"href":"https:\/\/www.hoymercedes.com.ar\/principal\/wp-json\/wp\/v2\/media\/201495"}],"wp:attachment":[{"href":"https:\/\/www.hoymercedes.com.ar\/principal\/wp-json\/wp\/v2\/media?parent=201494"}],"wp:term":[{"taxonomy":"category","embeddable":true,"href":"https:\/\/www.hoymercedes.com.ar\/principal\/wp-json\/wp\/v2\/categories?post=201494"},{"taxonomy":"post_tag","embeddable":true,"href":"https:\/\/www.hoymercedes.com.ar\/principal\/wp-json\/wp\/v2\/tags?post=201494"}],"curies":[{"name":"wp","href":"https:\/\/api.w.org\/{rel}","templated":true}]}}