{"id":201497,"date":"2026-09-04T15:47:00","date_gmt":"2026-09-04T18:47:00","guid":{"rendered":"https:\/\/www.hoymercedes.com.ar\/principal\/?p=201497"},"modified":"2026-09-04T02:57:10","modified_gmt":"2026-09-04T05:57:10","slug":"la-muestra-nada-esta-cerrado-todo-esta-ocurriendo-vuelve-a-abrir-sus-puertas","status":"publish","type":"post","link":"https:\/\/www.hoymercedes.com.ar\/principal\/2026\/09\/04\/la-muestra-nada-esta-cerrado-todo-esta-ocurriendo-vuelve-a-abrir-sus-puertas\/","title":{"rendered":"La muestra \u201cNada est\u00e1 cerrado, todo est\u00e1 ocurriendo\u201d vuelve a abrir sus puertas"},"content":{"rendered":"\n<figure class=\"wp-block-image size-large\"><img loading=\"lazy\" decoding=\"async\" width=\"1135\" height=\"638\" data-attachment-id=\"201499\" data-permalink=\"https:\/\/www.hoymercedes.com.ar\/principal\/2026\/09\/04\/la-muestra-nada-esta-cerrado-todo-esta-ocurriendo-vuelve-a-abrir-sus-puertas\/chatgpt-image-4-sept-2026-02_54_33-2\/#main\" data-orig-file=\"https:\/\/www.hoymercedes.com.ar\/principal\/wp-content\/uploads\/2026\/09\/ChatGPT-Image-4-sept-2026-02_54_33-edited.png\" data-orig-size=\"1135,638\" data-comments-opened=\"0\" data-image-title=\"ChatGPT Image 4 sept 2026, 02_54_33\" data-image-description=\"\" data-image-caption=\"\" data-large-file=\"https:\/\/www.hoymercedes.com.ar\/principal\/wp-content\/uploads\/2026\/09\/ChatGPT-Image-4-sept-2026-02_54_33-edited-1024x576.png\" src=\"https:\/\/www.hoymercedes.com.ar\/principal\/wp-content\/uploads\/2026\/09\/ChatGPT-Image-4-sept-2026-02_54_33-edited.png\" alt=\"\" class=\"wp-image-201499\" srcset=\"https:\/\/www.hoymercedes.com.ar\/principal\/wp-content\/uploads\/2026\/09\/ChatGPT-Image-4-sept-2026-02_54_33-edited.png 1135w, https:\/\/www.hoymercedes.com.ar\/principal\/wp-content\/uploads\/2026\/09\/ChatGPT-Image-4-sept-2026-02_54_33-edited-630x354.png 630w, https:\/\/www.hoymercedes.com.ar\/principal\/wp-content\/uploads\/2026\/09\/ChatGPT-Image-4-sept-2026-02_54_33-edited-1024x576.png 1024w, https:\/\/www.hoymercedes.com.ar\/principal\/wp-content\/uploads\/2026\/09\/ChatGPT-Image-4-sept-2026-02_54_33-edited-150x84.png 150w\" sizes=\"auto, (max-width: 1135px) 100vw, 1135px\" \/><\/figure>\n\n\n\n<p class=\"wp-block-paragraph\">La exposici\u00f3n colectiva <strong>\u201cNada est\u00e1 cerrado, todo est\u00e1 ocurriendo\u201d<\/strong> podr\u00e1 visitarse nuevamente este fin de semana en el <strong>Estudio de Arte Cueto<\/strong>, ubicado en <strong>calle 19 N\u00b0 427, Mercedes<\/strong>.<\/p>\n\n\n\n<p class=\"wp-block-paragraph\">La muestra estar\u00e1 abierta el <strong>viernes 4, s\u00e1bado 5 y domingo 6 de septiembre<\/strong>, de <strong>18 a 20<\/strong>.<\/p>\n\n\n\n<p class=\"wp-block-paragraph\">La propuesta hab\u00eda sido inaugurada el pasado <strong>22 de agosto<\/strong> y es organizada en conjunto por el Estudio de Arte Cueto, <strong>C\u00e1lamo Cultural<\/strong> y la <strong>Galer\u00eda de Arte de San Nicol\u00e1s de los Arroyos<\/strong>.<\/p>\n\n\n\n<p class=\"wp-block-paragraph\"><strong>Artistas participantes<\/strong><\/p>\n\n\n\n<p class=\"wp-block-paragraph\">La exposici\u00f3n re\u00fane obras de <strong>Paula F\u00edgoli, Paula Giorgi y Marcela Cueto<\/strong>, junto con la participaci\u00f3n del artista invitado <strong>Pablo Balbis<\/strong>.<\/p>\n\n\n\n<p class=\"wp-block-paragraph\">Los trabajos abordan distintas tensiones entre lo \u00edntimo y lo colectivo, la presencia y la ausencia, adem\u00e1s de explorar la memoria, la materia y las experiencias humanas.<\/p>\n\n\n\n<p class=\"wp-block-paragraph\">La iniciativa surgi\u00f3 a partir de los v\u00ednculos construidos en la <strong>Red Junta de Espacios de Arte Independientes de la Provincia de Buenos Aires<\/strong>.<\/p>\n\n\n\n<p class=\"wp-block-paragraph\">La inauguraci\u00f3n cont\u00f3 con la presencia de las gestoras culturales <strong>Andrea Costa<\/strong> y <strong>Marcela Cueto<\/strong>, junto con los artistas participantes, y consolid\u00f3 un nuevo intercambio entre espacios culturales de Mercedes y San Nicol\u00e1s.<\/p>\n","protected":false},"excerpt":{"rendered":"<p>La exposici\u00f3n colectiva \u201cNada est\u00e1 cerrado, todo est\u00e1 ocurriendo\u201d podr\u00e1 visitarse nuevamente este fin de semana en el Estudio de &#8230; <a title=\"La muestra \u201cNada est\u00e1 cerrado, todo est\u00e1 ocurriendo\u201d vuelve a abrir sus puertas\" class=\"read-more\" href=\"https:\/\/www.hoymercedes.com.ar\/principal\/2026\/09\/04\/la-muestra-nada-esta-cerrado-todo-esta-ocurriendo-vuelve-a-abrir-sus-puertas\/\" aria-label=\"Leer m\u00e1s sobre La muestra \u201cNada est\u00e1 cerrado, todo est\u00e1 ocurriendo\u201d vuelve a abrir sus puertas\">Leer m\u00e1s<\/a><\/p>\n","protected":false},"author":1,"featured_media":201499,"comment_status":"closed","ping_status":"open","sticky":false,"template":"","format":"standard","meta":{"_monsterinsights_skip_tracking":false,"_jetpack_newsletter_access":"","_jetpack_dont_email_post_to_subs":false,"_jetpack_newsletter_tier_id":0,"_jetpack_memberships_contains_paywalled_content":false,"_jetpack_feature_clip_id":0,"_jetpack_memberships_contains_paid_content":false,"footnotes":"","jetpack_publicize_message":"{title}\n\n{excerpt}\n\n{url}","jetpack_publicize_feature_enabled":true,"jetpack_social_post_already_shared":true,"jetpack_social_options":{"image_generator_settings":{"template":"highway","default_image_id":0,"font":"","enabled":false},"version":2},"_wpas_customize_per_network":false,"jetpack_post_was_ever_published":false},"categories":[104],"tags":[],"class_list":["post-201497","post","type-post","status-publish","format-standard","has-post-thumbnail","hentry","category-cultura","generate-columns","tablet-grid-50","mobile-grid-100","grid-parent","grid-50"],"jetpack_publicize_connections":[],"wps_subtitle":"","jetpack_sharing_enabled":true,"jetpack_featured_media_url":"https:\/\/www.hoymercedes.com.ar\/principal\/wp-content\/uploads\/2026\/09\/ChatGPT-Image-4-sept-2026-02_54_33-edited.png","_links":{"self":[{"href":"https:\/\/www.hoymercedes.com.ar\/principal\/wp-json\/wp\/v2\/posts\/201497","targetHints":{"allow":["GET"]}}],"collection":[{"href":"https:\/\/www.hoymercedes.com.ar\/principal\/wp-json\/wp\/v2\/posts"}],"about":[{"href":"https:\/\/www.hoymercedes.com.ar\/principal\/wp-json\/wp\/v2\/types\/post"}],"author":[{"embeddable":true,"href":"https:\/\/www.hoymercedes.com.ar\/principal\/wp-json\/wp\/v2\/users\/1"}],"replies":[{"embeddable":true,"href":"https:\/\/www.hoymercedes.com.ar\/principal\/wp-json\/wp\/v2\/comments?post=201497"}],"version-history":[{"count":2,"href":"https:\/\/www.hoymercedes.com.ar\/principal\/wp-json\/wp\/v2\/posts\/201497\/revisions"}],"predecessor-version":[{"id":201504,"href":"https:\/\/www.hoymercedes.com.ar\/principal\/wp-json\/wp\/v2\/posts\/201497\/revisions\/201504"}],"wp:featuredmedia":[{"embeddable":true,"href":"https:\/\/www.hoymercedes.com.ar\/principal\/wp-json\/wp\/v2\/media\/201499"}],"wp:attachment":[{"href":"https:\/\/www.hoymercedes.com.ar\/principal\/wp-json\/wp\/v2\/media?parent=201497"}],"wp:term":[{"taxonomy":"category","embeddable":true,"href":"https:\/\/www.hoymercedes.com.ar\/principal\/wp-json\/wp\/v2\/categories?post=201497"},{"taxonomy":"post_tag","embeddable":true,"href":"https:\/\/www.hoymercedes.com.ar\/principal\/wp-json\/wp\/v2\/tags?post=201497"}],"curies":[{"name":"wp","href":"https:\/\/api.w.org\/{rel}","templated":true}]}}