{"id":201501,"date":"2026-09-05T11:56:00","date_gmt":"2026-09-05T14:56:00","guid":{"rendered":"https:\/\/www.hoymercedes.com.ar\/principal\/?p=201501"},"modified":"2026-09-04T02:56:49","modified_gmt":"2026-09-04T05:56:49","slug":"el-hospital-dubarry-incorporo-un-retinografo-para-estudios-oftalmologicos","status":"publish","type":"post","link":"https:\/\/www.hoymercedes.com.ar\/principal\/2026\/09\/05\/el-hospital-dubarry-incorporo-un-retinografo-para-estudios-oftalmologicos\/","title":{"rendered":"El Hospital Dubarry incorpor\u00f3 un retin\u00f3grafo para estudios oftalmol\u00f3gicos"},"content":{"rendered":"\n<figure class=\"wp-block-image size-full\"><img loading=\"lazy\" decoding=\"async\" width=\"1024\" height=\"768\" data-attachment-id=\"201502\" data-permalink=\"https:\/\/www.hoymercedes.com.ar\/principal\/2026\/09\/05\/el-hospital-dubarry-incorporo-un-retinografo-para-estudios-oftalmologicos\/image-1062\/#main\" data-orig-file=\"https:\/\/www.hoymercedes.com.ar\/principal\/wp-content\/uploads\/2026\/09\/image-18.png\" data-orig-size=\"1024,768\" data-comments-opened=\"0\" data-image-title=\"image\" data-image-description=\"\" data-image-caption=\"\" data-large-file=\"https:\/\/www.hoymercedes.com.ar\/principal\/wp-content\/uploads\/2026\/09\/image-18.png\" src=\"https:\/\/www.hoymercedes.com.ar\/principal\/wp-content\/uploads\/2026\/09\/image-18.png\" alt=\"\" class=\"wp-image-201502\" srcset=\"https:\/\/www.hoymercedes.com.ar\/principal\/wp-content\/uploads\/2026\/09\/image-18.png 1024w, https:\/\/www.hoymercedes.com.ar\/principal\/wp-content\/uploads\/2026\/09\/image-18-150x112.png 150w, https:\/\/www.hoymercedes.com.ar\/principal\/wp-content\/uploads\/2026\/09\/image-18-630x473.png 630w\" sizes=\"auto, (max-width: 1024px) 100vw, 1024px\" \/><\/figure>\n\n\n\n<p class=\"wp-block-paragraph\">El Servicio de Oftalmolog\u00eda del <strong>Hospital Blas L. Dubarry<\/strong> sum\u00f3 un <strong>retin\u00f3grafo color no midri\u00e1tico<\/strong>, equipo que permite obtener im\u00e1genes detalladas del fondo de ojo y realizar, en la mayor\u00eda de los casos, los estudios sin dilatar las pupilas.<\/p>\n\n\n\n<p class=\"wp-block-paragraph\">La nueva herramienta permitir\u00e1 agilizar la atenci\u00f3n y mejorar la precisi\u00f3n en la detecci\u00f3n y el seguimiento de distintas afecciones visuales.<\/p>\n\n\n\n<p class=\"wp-block-paragraph\"><strong>Qu\u00e9 patolog\u00edas permite controlar<\/strong><\/p>\n\n\n\n<p class=\"wp-block-paragraph\">El retin\u00f3grafo puede utilizarse para evaluar posibles <strong>retinopat\u00edas, glaucoma, enfermedades de la m\u00e1cula, lesiones de retina y complicaciones oculares vinculadas con la diabetes<\/strong>, entre otras patolog\u00edas.<\/p>\n\n\n\n<p class=\"wp-block-paragraph\">Las im\u00e1genes quedan incorporadas a la historia cl\u00ednica de cada paciente, lo que facilita la comparaci\u00f3n de resultados y el seguimiento de la evoluci\u00f3n de cada cuadro.<\/p>\n\n\n\n<p class=\"wp-block-paragraph\">Desde el hospital se\u00f1alaron que la posibilidad de contar con registros precisos de la retina, la m\u00e1cula y el nervio \u00f3ptico contribuye a acortar los tiempos de diagn\u00f3stico y mejorar los controles oftalmol\u00f3gicos.<\/p>\n\n\n\n<p class=\"wp-block-paragraph\">La incorporaci\u00f3n fue posible a partir de una inversi\u00f3n del <strong>Ministerio de Salud de la Provincia de Buenos Aires<\/strong> y del acompa\u00f1amiento de la <strong>Cooperadora del Hospital Dubarry<\/strong>.<\/p>\n","protected":false},"excerpt":{"rendered":"<p>El Servicio de Oftalmolog\u00eda del Hospital Blas L. Dubarry sum\u00f3 un retin\u00f3grafo color no midri\u00e1tico, equipo que permite obtener im\u00e1genes &#8230; <a title=\"El Hospital Dubarry incorpor\u00f3 un retin\u00f3grafo para estudios oftalmol\u00f3gicos\" class=\"read-more\" href=\"https:\/\/www.hoymercedes.com.ar\/principal\/2026\/09\/05\/el-hospital-dubarry-incorporo-un-retinografo-para-estudios-oftalmologicos\/\" aria-label=\"Leer m\u00e1s sobre El Hospital Dubarry incorpor\u00f3 un retin\u00f3grafo para estudios oftalmol\u00f3gicos\">Leer m\u00e1s<\/a><\/p>\n","protected":false},"author":1,"featured_media":201502,"comment_status":"closed","ping_status":"open","sticky":false,"template":"","format":"standard","meta":{"_monsterinsights_skip_tracking":false,"_jetpack_newsletter_access":"","_jetpack_dont_email_post_to_subs":false,"_jetpack_newsletter_tier_id":0,"_jetpack_memberships_contains_paywalled_content":false,"_jetpack_feature_clip_id":0,"_jetpack_memberships_contains_paid_content":false,"footnotes":"","jetpack_publicize_message":"{title}\n\n{excerpt}\n\n{url}","jetpack_publicize_feature_enabled":true,"jetpack_social_post_already_shared":true,"jetpack_social_options":{"image_generator_settings":{"template":"highway","default_image_id":0,"font":"","enabled":false},"version":2},"_wpas_customize_per_network":false,"jetpack_post_was_ever_published":false},"categories":[9791],"tags":[],"class_list":["post-201501","post","type-post","status-publish","format-standard","has-post-thumbnail","hentry","category-salud","generate-columns","tablet-grid-50","mobile-grid-100","grid-parent","grid-50"],"jetpack_publicize_connections":[],"wps_subtitle":"","jetpack_sharing_enabled":true,"jetpack_featured_media_url":"https:\/\/www.hoymercedes.com.ar\/principal\/wp-content\/uploads\/2026\/09\/image-18.png","_links":{"self":[{"href":"https:\/\/www.hoymercedes.com.ar\/principal\/wp-json\/wp\/v2\/posts\/201501","targetHints":{"allow":["GET"]}}],"collection":[{"href":"https:\/\/www.hoymercedes.com.ar\/principal\/wp-json\/wp\/v2\/posts"}],"about":[{"href":"https:\/\/www.hoymercedes.com.ar\/principal\/wp-json\/wp\/v2\/types\/post"}],"author":[{"embeddable":true,"href":"https:\/\/www.hoymercedes.com.ar\/principal\/wp-json\/wp\/v2\/users\/1"}],"replies":[{"embeddable":true,"href":"https:\/\/www.hoymercedes.com.ar\/principal\/wp-json\/wp\/v2\/comments?post=201501"}],"version-history":[{"count":1,"href":"https:\/\/www.hoymercedes.com.ar\/principal\/wp-json\/wp\/v2\/posts\/201501\/revisions"}],"predecessor-version":[{"id":201503,"href":"https:\/\/www.hoymercedes.com.ar\/principal\/wp-json\/wp\/v2\/posts\/201501\/revisions\/201503"}],"wp:featuredmedia":[{"embeddable":true,"href":"https:\/\/www.hoymercedes.com.ar\/principal\/wp-json\/wp\/v2\/media\/201502"}],"wp:attachment":[{"href":"https:\/\/www.hoymercedes.com.ar\/principal\/wp-json\/wp\/v2\/media?parent=201501"}],"wp:term":[{"taxonomy":"category","embeddable":true,"href":"https:\/\/www.hoymercedes.com.ar\/principal\/wp-json\/wp\/v2\/categories?post=201501"},{"taxonomy":"post_tag","embeddable":true,"href":"https:\/\/www.hoymercedes.com.ar\/principal\/wp-json\/wp\/v2\/tags?post=201501"}],"curies":[{"name":"wp","href":"https:\/\/api.w.org\/{rel}","templated":true}]}}