{"id":201507,"date":"2026-09-04T16:58:00","date_gmt":"2026-09-04T19:58:00","guid":{"rendered":"https:\/\/www.hoymercedes.com.ar\/principal\/?p=201507"},"modified":"2026-09-04T03:00:32","modified_gmt":"2026-09-04T06:00:32","slug":"recuperaron-en-chivilcoy-un-compresor-comprado-con-una-identidad-falsa-en-mercedes","status":"publish","type":"post","link":"https:\/\/www.hoymercedes.com.ar\/principal\/2026\/09\/04\/recuperaron-en-chivilcoy-un-compresor-comprado-con-una-identidad-falsa-en-mercedes\/","title":{"rendered":"Recuperaron en Chivilcoy un compresor comprado con una identidad falsa en Mercedes"},"content":{"rendered":"\n<figure class=\"wp-block-image size-large\"><img loading=\"lazy\" decoding=\"async\" width=\"1024\" height=\"576\" data-attachment-id=\"201508\" data-permalink=\"https:\/\/www.hoymercedes.com.ar\/principal\/2026\/09\/04\/recuperaron-en-chivilcoy-un-compresor-comprado-con-una-identidad-falsa-en-mercedes\/image-1063\/#main\" data-orig-file=\"https:\/\/www.hoymercedes.com.ar\/principal\/wp-content\/uploads\/2026\/09\/image-19.png\" data-orig-size=\"1280,720\" data-comments-opened=\"0\" data-image-title=\"image\" data-image-description=\"\" data-image-caption=\"\" data-large-file=\"https:\/\/www.hoymercedes.com.ar\/principal\/wp-content\/uploads\/2026\/09\/image-19-1024x576.png\" src=\"https:\/\/www.hoymercedes.com.ar\/principal\/wp-content\/uploads\/2026\/09\/image-19-1024x576.png\" alt=\"\" class=\"wp-image-201508\" srcset=\"https:\/\/www.hoymercedes.com.ar\/principal\/wp-content\/uploads\/2026\/09\/image-19-1024x576.png 1024w, https:\/\/www.hoymercedes.com.ar\/principal\/wp-content\/uploads\/2026\/09\/image-19-150x84.png 150w, https:\/\/www.hoymercedes.com.ar\/principal\/wp-content\/uploads\/2026\/09\/image-19-630x354.png 630w, https:\/\/www.hoymercedes.com.ar\/principal\/wp-content\/uploads\/2026\/09\/image-19.png 1280w\" sizes=\"auto, (max-width: 1024px) 100vw, 1024px\" \/><\/figure>\n\n\n\n<p class=\"wp-block-paragraph\">Con informaci\u00f3n de La Raz\u00f3n de Chilcoy. Un hombre de <strong>44 a\u00f1os<\/strong> fue aprehendido en <strong>Chivilcoy<\/strong> acusado de participar en una estafa contra una ferreter\u00eda de Mercedes. Durante un allanamiento, la Polic\u00eda recuper\u00f3 un compresor valuado en aproximadamente <strong>$500.000<\/strong>, que hab\u00eda sido retirado sin pagar.<\/p>\n\n\n\n<p class=\"wp-block-paragraph\">La operaci\u00f3n se inici\u00f3 el <strong>31 de julio<\/strong>, cuando la responsable de <strong>OXI Mercedes<\/strong> acord\u00f3 por WhatsApp la venta del equipo con una persona que asegur\u00f3 realizar la compra en nombre del <strong>Club Social y Deportivo Mercedes<\/strong>.<\/p>\n\n\n\n<p class=\"wp-block-paragraph\">El compresor fue enviado mediante un flete a un domicilio de <strong>Suipacha<\/strong>, bajo el compromiso de que el pago se concretar\u00eda luego de la entrega. Sin embargo, al pasar los d\u00edas sin recibir el dinero, la comerciante se comunic\u00f3 con autoridades de la instituci\u00f3n, quienes negaron haber efectuado la operaci\u00f3n.<\/p>\n\n\n\n<p class=\"wp-block-paragraph\">La denuncia fue radicada el <strong>1\u00b0 de agosto<\/strong>.<\/p>\n\n\n\n<p class=\"wp-block-paragraph\"><strong>Allanamientos en tres ciudades y una c\u00e1rcel<\/strong><\/p>\n\n\n\n<p class=\"wp-block-paragraph\">La investigaci\u00f3n estuvo a cargo de la <strong>DDI y la SUBDDI de Chivilcoy<\/strong>, con intervenci\u00f3n de la <strong>UFI N\u00b0 4<\/strong> y el <strong>Juzgado de Garant\u00edas N\u00b0 2 de Mercedes<\/strong>.<\/p>\n\n\n\n<p class=\"wp-block-paragraph\">En un domicilio de <strong>Indacochea al 700, Chivilcoy<\/strong>, fue aprehendido <strong>Emilio Ren\u00e9 Arrua Brizuela<\/strong>, de 44 a\u00f1os. All\u00ed tambi\u00e9n se secuestr\u00f3 el compresor, de <strong>100 litros y 4 HP<\/strong>, adem\u00e1s de tel\u00e9fonos celulares.<\/p>\n\n\n\n<p class=\"wp-block-paragraph\">En otra vivienda de Chivilcoy se incaut\u00f3 un segundo tel\u00e9fono y una mujer fue notificada de la existencia de la causa. Tambi\u00e9n se inspeccion\u00f3 el domicilio de Suipacha donde hab\u00eda sido entregada la mercader\u00eda.<\/p>\n\n\n\n<p class=\"wp-block-paragraph\">Por \u00faltimo, se registr\u00f3 una celda de la <strong>Unidad Penitenciaria N\u00b0 13 de Jun\u00edn<\/strong>, debido a que la investigaci\u00f3n apunta al posible uso de l\u00edneas telef\u00f3nicas desde ese establecimiento.<\/p>\n\n\n\n<p class=\"wp-block-paragraph\">El aprehendido qued\u00f3 a disposici\u00f3n de la Justicia y deb\u00eda ser trasladado este <strong>viernes 4 de septiembre<\/strong> a la sede fiscal de Mercedes. Adem\u00e1s, se intenta establecer si hubo otros intentos de estafa con un mecanismo similar en la zona.<\/p>\n","protected":false},"excerpt":{"rendered":"<p>Con informaci\u00f3n de La Raz\u00f3n de Chilcoy. Un hombre de 44 a\u00f1os fue aprehendido en Chivilcoy acusado de participar en &#8230; <a title=\"Recuperaron en Chivilcoy un compresor comprado con una identidad falsa en Mercedes\" class=\"read-more\" href=\"https:\/\/www.hoymercedes.com.ar\/principal\/2026\/09\/04\/recuperaron-en-chivilcoy-un-compresor-comprado-con-una-identidad-falsa-en-mercedes\/\" aria-label=\"Leer m\u00e1s sobre Recuperaron en Chivilcoy un compresor comprado con una identidad falsa en Mercedes\">Leer m\u00e1s<\/a><\/p>\n","protected":false},"author":1,"featured_media":201508,"comment_status":"closed","ping_status":"open","sticky":false,"template":"","format":"standard","meta":{"_monsterinsights_skip_tracking":false,"_jetpack_newsletter_access":"","_jetpack_dont_email_post_to_subs":false,"_jetpack_newsletter_tier_id":0,"_jetpack_memberships_contains_paywalled_content":false,"_jetpack_feature_clip_id":0,"_jetpack_memberships_contains_paid_content":false,"footnotes":"","jetpack_publicize_message":"{title}\n\n{excerpt}\n\n{url}","jetpack_publicize_feature_enabled":true,"jetpack_social_post_already_shared":true,"jetpack_social_options":{"image_generator_settings":{"template":"highway","default_image_id":0,"font":"","enabled":false},"version":2},"_wpas_customize_per_network":false,"jetpack_post_was_ever_published":false},"categories":[85],"tags":[],"class_list":["post-201507","post","type-post","status-publish","format-standard","has-post-thumbnail","hentry","category-policial","generate-columns","tablet-grid-50","mobile-grid-100","grid-parent","grid-50"],"jetpack_publicize_connections":[],"wps_subtitle":"","jetpack_sharing_enabled":true,"jetpack_featured_media_url":"https:\/\/www.hoymercedes.com.ar\/principal\/wp-content\/uploads\/2026\/09\/image-19.png","_links":{"self":[{"href":"https:\/\/www.hoymercedes.com.ar\/principal\/wp-json\/wp\/v2\/posts\/201507","targetHints":{"allow":["GET"]}}],"collection":[{"href":"https:\/\/www.hoymercedes.com.ar\/principal\/wp-json\/wp\/v2\/posts"}],"about":[{"href":"https:\/\/www.hoymercedes.com.ar\/principal\/wp-json\/wp\/v2\/types\/post"}],"author":[{"embeddable":true,"href":"https:\/\/www.hoymercedes.com.ar\/principal\/wp-json\/wp\/v2\/users\/1"}],"replies":[{"embeddable":true,"href":"https:\/\/www.hoymercedes.com.ar\/principal\/wp-json\/wp\/v2\/comments?post=201507"}],"version-history":[{"count":1,"href":"https:\/\/www.hoymercedes.com.ar\/principal\/wp-json\/wp\/v2\/posts\/201507\/revisions"}],"predecessor-version":[{"id":201509,"href":"https:\/\/www.hoymercedes.com.ar\/principal\/wp-json\/wp\/v2\/posts\/201507\/revisions\/201509"}],"wp:featuredmedia":[{"embeddable":true,"href":"https:\/\/www.hoymercedes.com.ar\/principal\/wp-json\/wp\/v2\/media\/201508"}],"wp:attachment":[{"href":"https:\/\/www.hoymercedes.com.ar\/principal\/wp-json\/wp\/v2\/media?parent=201507"}],"wp:term":[{"taxonomy":"category","embeddable":true,"href":"https:\/\/www.hoymercedes.com.ar\/principal\/wp-json\/wp\/v2\/categories?post=201507"},{"taxonomy":"post_tag","embeddable":true,"href":"https:\/\/www.hoymercedes.com.ar\/principal\/wp-json\/wp\/v2\/tags?post=201507"}],"curies":[{"name":"wp","href":"https:\/\/api.w.org\/{rel}","templated":true}]}}