{"id":201513,"date":"2026-09-04T08:04:00","date_gmt":"2026-09-04T11:04:00","guid":{"rendered":"https:\/\/www.hoymercedes.com.ar\/principal\/?p=201513"},"modified":"2026-09-04T03:05:12","modified_gmt":"2026-09-04T06:05:12","slug":"el-fronton-arranco-el-clausura-con-una-goleada-ante-union","status":"publish","type":"post","link":"https:\/\/www.hoymercedes.com.ar\/principal\/2026\/09\/04\/el-fronton-arranco-el-clausura-con-una-goleada-ante-union\/","title":{"rendered":"El Front\u00f3n arranc\u00f3 el Clausura con una goleada ante Uni\u00f3n"},"content":{"rendered":"\n<figure class=\"wp-block-image size-full\"><img loading=\"lazy\" decoding=\"async\" width=\"640\" height=\"402\" data-attachment-id=\"201514\" data-permalink=\"https:\/\/www.hoymercedes.com.ar\/principal\/2026\/09\/04\/el-fronton-arranco-el-clausura-con-una-goleada-ante-union\/image-1064\/#main\" data-orig-file=\"https:\/\/www.hoymercedes.com.ar\/principal\/wp-content\/uploads\/2026\/09\/image-20.png\" data-orig-size=\"640,402\" data-comments-opened=\"0\" data-image-title=\"image\" data-image-description=\"\" data-image-caption=\"\" data-large-file=\"https:\/\/www.hoymercedes.com.ar\/principal\/wp-content\/uploads\/2026\/09\/image-20.png\" src=\"https:\/\/www.hoymercedes.com.ar\/principal\/wp-content\/uploads\/2026\/09\/image-20.png\" alt=\"\" class=\"wp-image-201514\" srcset=\"https:\/\/www.hoymercedes.com.ar\/principal\/wp-content\/uploads\/2026\/09\/image-20.png 640w, https:\/\/www.hoymercedes.com.ar\/principal\/wp-content\/uploads\/2026\/09\/image-20-150x94.png 150w, https:\/\/www.hoymercedes.com.ar\/principal\/wp-content\/uploads\/2026\/09\/image-20-630x396.png 630w\" sizes=\"auto, (max-width: 640px) 100vw, 640px\" \/><\/figure>\n\n\n\n<p class=\"wp-block-paragraph\">El Front\u00f3n inici\u00f3 el <strong>Torneo Clausura de Primera Divisi\u00f3n<\/strong> con una victoria por <strong>3-0 frente a Uni\u00f3n<\/strong>, en el partido disputado en el predio <strong>\u201cTito\u201d Crosetti<\/strong> de San Andr\u00e9s de Giles.<\/p>\n\n\n\n<p class=\"wp-block-paragraph\">El encuentro fue adelantado debido a que el conjunto dirigido por <strong>Alejandro Morada<\/strong> debe afrontar este domingo su debut en el <strong>Torneo Regional Federal Amateur<\/strong>.<\/p>\n\n\n\n<p class=\"wp-block-paragraph\"><strong>Los goles<\/strong><\/p>\n\n\n\n<p class=\"wp-block-paragraph\">El equipo local abri\u00f3 el marcador a los <strong>22 minutos del primer tiempo<\/strong>, por intermedio de <strong>Lucas G\u00f3mez<\/strong>. En el complemento, ampli\u00f3 la diferencia <strong>Agust\u00edn Anacaratti<\/strong>, a los 19 minutos, y sell\u00f3 el resultado <strong>Santiago Gussoni<\/strong>, a los 27.<\/p>\n\n\n\n<p class=\"wp-block-paragraph\">Con este resultado, El Front\u00f3n comenz\u00f3 el certamen de la Liga Mercedina con tres puntos y una diferencia favorable de tres goles.<\/p>\n\n\n\n<p class=\"wp-block-paragraph\">En la previa se disput\u00f3 el partido de <strong>Reserva<\/strong>, que termin\u00f3 igualado <strong>1-1<\/strong>.<\/p>\n\n\n\n<p class=\"wp-block-paragraph\">Ahora, El Front\u00f3n se prepara para recibir a <strong>Recreativo de Carmen de Areco<\/strong> por el Regional Federal Amateur.<\/p>\n","protected":false},"excerpt":{"rendered":"<p>El Front\u00f3n inici\u00f3 el Torneo Clausura de Primera Divisi\u00f3n con una victoria por 3-0 frente a Uni\u00f3n, en el partido &#8230; <a title=\"El Front\u00f3n arranc\u00f3 el Clausura con una goleada ante Uni\u00f3n\" class=\"read-more\" href=\"https:\/\/www.hoymercedes.com.ar\/principal\/2026\/09\/04\/el-fronton-arranco-el-clausura-con-una-goleada-ante-union\/\" aria-label=\"Leer m\u00e1s sobre El Front\u00f3n arranc\u00f3 el Clausura con una goleada ante Uni\u00f3n\">Leer m\u00e1s<\/a><\/p>\n","protected":false},"author":1,"featured_media":201514,"comment_status":"closed","ping_status":"open","sticky":false,"template":"","format":"standard","meta":{"_monsterinsights_skip_tracking":false,"_jetpack_newsletter_access":"","_jetpack_dont_email_post_to_subs":false,"_jetpack_newsletter_tier_id":0,"_jetpack_memberships_contains_paywalled_content":false,"_jetpack_feature_clip_id":0,"_jetpack_memberships_contains_paid_content":false,"footnotes":"","jetpack_publicize_message":"{title}\n\n{excerpt}\n\n{url}","jetpack_publicize_feature_enabled":true,"jetpack_social_post_already_shared":true,"jetpack_social_options":{"image_generator_settings":{"template":"highway","default_image_id":0,"font":"","enabled":false},"version":2},"_wpas_customize_per_network":false,"jetpack_post_was_ever_published":false},"categories":[21],"tags":[],"class_list":["post-201513","post","type-post","status-publish","format-standard","has-post-thumbnail","hentry","category-deportes","generate-columns","tablet-grid-50","mobile-grid-100","grid-parent","grid-50"],"jetpack_publicize_connections":[],"wps_subtitle":"","jetpack_sharing_enabled":true,"jetpack_featured_media_url":"https:\/\/www.hoymercedes.com.ar\/principal\/wp-content\/uploads\/2026\/09\/image-20.png","_links":{"self":[{"href":"https:\/\/www.hoymercedes.com.ar\/principal\/wp-json\/wp\/v2\/posts\/201513","targetHints":{"allow":["GET"]}}],"collection":[{"href":"https:\/\/www.hoymercedes.com.ar\/principal\/wp-json\/wp\/v2\/posts"}],"about":[{"href":"https:\/\/www.hoymercedes.com.ar\/principal\/wp-json\/wp\/v2\/types\/post"}],"author":[{"embeddable":true,"href":"https:\/\/www.hoymercedes.com.ar\/principal\/wp-json\/wp\/v2\/users\/1"}],"replies":[{"embeddable":true,"href":"https:\/\/www.hoymercedes.com.ar\/principal\/wp-json\/wp\/v2\/comments?post=201513"}],"version-history":[{"count":1,"href":"https:\/\/www.hoymercedes.com.ar\/principal\/wp-json\/wp\/v2\/posts\/201513\/revisions"}],"predecessor-version":[{"id":201515,"href":"https:\/\/www.hoymercedes.com.ar\/principal\/wp-json\/wp\/v2\/posts\/201513\/revisions\/201515"}],"wp:featuredmedia":[{"embeddable":true,"href":"https:\/\/www.hoymercedes.com.ar\/principal\/wp-json\/wp\/v2\/media\/201514"}],"wp:attachment":[{"href":"https:\/\/www.hoymercedes.com.ar\/principal\/wp-json\/wp\/v2\/media?parent=201513"}],"wp:term":[{"taxonomy":"category","embeddable":true,"href":"https:\/\/www.hoymercedes.com.ar\/principal\/wp-json\/wp\/v2\/categories?post=201513"},{"taxonomy":"post_tag","embeddable":true,"href":"https:\/\/www.hoymercedes.com.ar\/principal\/wp-json\/wp\/v2\/tags?post=201513"}],"curies":[{"name":"wp","href":"https:\/\/api.w.org\/{rel}","templated":true}]}}