{"id":201517,"date":"2026-09-04T17:06:00","date_gmt":"2026-09-04T20:06:00","guid":{"rendered":"https:\/\/www.hoymercedes.com.ar\/principal\/?p=201517"},"modified":"2026-09-04T03:06:59","modified_gmt":"2026-09-04T06:06:59","slug":"gimnasia-de-chivilcoy-freno-el-buen-inicio-de-quilmes","status":"publish","type":"post","link":"https:\/\/www.hoymercedes.com.ar\/principal\/2026\/09\/04\/gimnasia-de-chivilcoy-freno-el-buen-inicio-de-quilmes\/","title":{"rendered":"Gimnasia de Chivilcoy fren\u00f3 el buen inicio de Quilmes"},"content":{"rendered":"\n<figure class=\"wp-block-image size-large\"><img loading=\"lazy\" decoding=\"async\" width=\"968\" height=\"1024\" data-attachment-id=\"201518\" data-permalink=\"https:\/\/www.hoymercedes.com.ar\/principal\/2026\/09\/04\/gimnasia-de-chivilcoy-freno-el-buen-inicio-de-quilmes\/whatsapp-image-2026-09-01-at-23-00-53\/#main\" data-orig-file=\"https:\/\/www.hoymercedes.com.ar\/principal\/wp-content\/uploads\/2026\/09\/WhatsApp-Image-2026-09-01-at-23.00.53.jpeg\" data-orig-size=\"1210,1280\" data-comments-opened=\"0\" data-image-title=\"WhatsApp Image 2026-09-01 at 23.00.53\" data-image-description=\"\" data-image-caption=\"\" data-large-file=\"https:\/\/www.hoymercedes.com.ar\/principal\/wp-content\/uploads\/2026\/09\/WhatsApp-Image-2026-09-01-at-23.00.53-968x1024.jpeg\" src=\"https:\/\/www.hoymercedes.com.ar\/principal\/wp-content\/uploads\/2026\/09\/WhatsApp-Image-2026-09-01-at-23.00.53-968x1024.jpeg\" alt=\"\" class=\"wp-image-201518\" srcset=\"https:\/\/www.hoymercedes.com.ar\/principal\/wp-content\/uploads\/2026\/09\/WhatsApp-Image-2026-09-01-at-23.00.53-968x1024.jpeg 968w, https:\/\/www.hoymercedes.com.ar\/principal\/wp-content\/uploads\/2026\/09\/WhatsApp-Image-2026-09-01-at-23.00.53-142x150.jpeg 142w, https:\/\/www.hoymercedes.com.ar\/principal\/wp-content\/uploads\/2026\/09\/WhatsApp-Image-2026-09-01-at-23.00.53-586x620.jpeg 586w, https:\/\/www.hoymercedes.com.ar\/principal\/wp-content\/uploads\/2026\/09\/WhatsApp-Image-2026-09-01-at-23.00.53.jpeg 1210w\" sizes=\"auto, (max-width: 968px) 100vw, 968px\" \/><\/figure>\n\n\n\n<p class=\"wp-block-paragraph\">Gimnasia de Chivilcoy derrot\u00f3 como visitante a <strong>Quilmes por 79-65<\/strong> y le quit\u00f3 el invicto en el <strong>Torneo de Primera Divisi\u00f3n de la Asociaci\u00f3n Chivilcoyana de B\u00e1squetbol<\/strong>.<\/p>\n\n\n\n<p class=\"wp-block-paragraph\">El partido correspondi\u00f3 a la tercera fecha y se disput\u00f3 el <strong>martes 1\u00b0 de septiembre<\/strong> en el gimnasio <strong>\u201cRolo\u201d Cardinal<\/strong>. El conjunto mercedino hab\u00eda comenzado el certamen con dos triunfos consecutivos, pero no logr\u00f3 sostener el ritmo frente a un rival que tom\u00f3 el control del juego.<\/p>\n\n\n\n<p class=\"wp-block-paragraph\"><strong>Los goleadores de Quilmes<\/strong><\/p>\n\n\n\n<p class=\"wp-block-paragraph\">El m\u00e1ximo anotador del equipo dirigido por <strong>Jos\u00e9 Giallorenzo<\/strong> fue <strong>Patricio Moner<\/strong>, con <strong>18 puntos<\/strong>. Tambi\u00e9n se destacaron <strong>Francisco Mc Cormack<\/strong>, con 13, y <strong>Francisco Dinova<\/strong> y <strong>Ciro Cosentino<\/strong>, con 12 cada uno.<\/p>\n\n\n\n<p class=\"wp-block-paragraph\">Adem\u00e1s, ingresaron <strong>Joaqu\u00edn Cabanas<\/strong>, que aport\u00f3 6 puntos; <strong>Gonzalo \u00c1lvarez<\/strong> y <strong>Benjam\u00edn Cortessi<\/strong>, con 2 cada uno; junto con <strong>Ariel Vallejos, Juan Repetto y Juan Crevani<\/strong>.<\/p>\n\n\n\n<p class=\"wp-block-paragraph\">La jornada se complet\u00f3 con las victorias de <strong>Racing sobre Sportivo 25 de Mayo por 100-81<\/strong>, <strong>San Lorenzo ante Bragado Club por 87-64<\/strong> y <strong>Col\u00f3n frente a Argentino por 75-29<\/strong>.<\/p>\n","protected":false},"excerpt":{"rendered":"<p>Gimnasia de Chivilcoy derrot\u00f3 como visitante a Quilmes por 79-65 y le quit\u00f3 el invicto en el Torneo de Primera &#8230; <a title=\"Gimnasia de Chivilcoy fren\u00f3 el buen inicio de Quilmes\" class=\"read-more\" href=\"https:\/\/www.hoymercedes.com.ar\/principal\/2026\/09\/04\/gimnasia-de-chivilcoy-freno-el-buen-inicio-de-quilmes\/\" aria-label=\"Leer m\u00e1s sobre Gimnasia de Chivilcoy fren\u00f3 el buen inicio de Quilmes\">Leer m\u00e1s<\/a><\/p>\n","protected":false},"author":1,"featured_media":201518,"comment_status":"closed","ping_status":"open","sticky":false,"template":"","format":"standard","meta":{"_monsterinsights_skip_tracking":false,"_jetpack_newsletter_access":"","_jetpack_dont_email_post_to_subs":false,"_jetpack_newsletter_tier_id":0,"_jetpack_memberships_contains_paywalled_content":false,"_jetpack_feature_clip_id":0,"_jetpack_memberships_contains_paid_content":false,"footnotes":"","jetpack_publicize_message":"{title}\n\n{excerpt}\n\n{url}","jetpack_publicize_feature_enabled":true,"jetpack_social_post_already_shared":true,"jetpack_social_options":{"image_generator_settings":{"template":"highway","default_image_id":0,"font":"","enabled":false},"version":2},"_wpas_customize_per_network":false,"jetpack_post_was_ever_published":false},"categories":[21],"tags":[],"class_list":["post-201517","post","type-post","status-publish","format-standard","has-post-thumbnail","hentry","category-deportes","generate-columns","tablet-grid-50","mobile-grid-100","grid-parent","grid-50"],"jetpack_publicize_connections":[],"wps_subtitle":"","jetpack_sharing_enabled":true,"jetpack_featured_media_url":"https:\/\/www.hoymercedes.com.ar\/principal\/wp-content\/uploads\/2026\/09\/WhatsApp-Image-2026-09-01-at-23.00.53.jpeg","_links":{"self":[{"href":"https:\/\/www.hoymercedes.com.ar\/principal\/wp-json\/wp\/v2\/posts\/201517","targetHints":{"allow":["GET"]}}],"collection":[{"href":"https:\/\/www.hoymercedes.com.ar\/principal\/wp-json\/wp\/v2\/posts"}],"about":[{"href":"https:\/\/www.hoymercedes.com.ar\/principal\/wp-json\/wp\/v2\/types\/post"}],"author":[{"embeddable":true,"href":"https:\/\/www.hoymercedes.com.ar\/principal\/wp-json\/wp\/v2\/users\/1"}],"replies":[{"embeddable":true,"href":"https:\/\/www.hoymercedes.com.ar\/principal\/wp-json\/wp\/v2\/comments?post=201517"}],"version-history":[{"count":1,"href":"https:\/\/www.hoymercedes.com.ar\/principal\/wp-json\/wp\/v2\/posts\/201517\/revisions"}],"predecessor-version":[{"id":201519,"href":"https:\/\/www.hoymercedes.com.ar\/principal\/wp-json\/wp\/v2\/posts\/201517\/revisions\/201519"}],"wp:featuredmedia":[{"embeddable":true,"href":"https:\/\/www.hoymercedes.com.ar\/principal\/wp-json\/wp\/v2\/media\/201518"}],"wp:attachment":[{"href":"https:\/\/www.hoymercedes.com.ar\/principal\/wp-json\/wp\/v2\/media?parent=201517"}],"wp:term":[{"taxonomy":"category","embeddable":true,"href":"https:\/\/www.hoymercedes.com.ar\/principal\/wp-json\/wp\/v2\/categories?post=201517"},{"taxonomy":"post_tag","embeddable":true,"href":"https:\/\/www.hoymercedes.com.ar\/principal\/wp-json\/wp\/v2\/tags?post=201517"}],"curies":[{"name":"wp","href":"https:\/\/api.w.org\/{rel}","templated":true}]}}