{"id":201520,"date":"2026-09-06T15:07:00","date_gmt":"2026-09-06T18:07:00","guid":{"rendered":"https:\/\/www.hoymercedes.com.ar\/principal\/?p=201520"},"modified":"2026-09-04T03:08:24","modified_gmt":"2026-09-04T06:08:24","slug":"trece-gimnastas-de-ruge-gymnastics-competiran-en-el-nacional-de-catamarca","status":"publish","type":"post","link":"https:\/\/www.hoymercedes.com.ar\/principal\/2026\/09\/06\/trece-gimnastas-de-ruge-gymnastics-competiran-en-el-nacional-de-catamarca\/","title":{"rendered":"Trece gimnastas de Ruge Gymnastics competir\u00e1n en el Nacional de Catamarca"},"content":{"rendered":"\n<figure class=\"wp-block-image size-large\"><img loading=\"lazy\" decoding=\"async\" width=\"1024\" height=\"769\" data-attachment-id=\"201521\" data-permalink=\"https:\/\/www.hoymercedes.com.ar\/principal\/2026\/09\/06\/trece-gimnastas-de-ruge-gymnastics-competiran-en-el-nacional-de-catamarca\/image-1065\/#main\" data-orig-file=\"https:\/\/www.hoymercedes.com.ar\/principal\/wp-content\/uploads\/2026\/09\/image-21.png\" data-orig-size=\"1280,961\" data-comments-opened=\"0\" data-image-title=\"image\" data-image-description=\"\" data-image-caption=\"\" data-large-file=\"https:\/\/www.hoymercedes.com.ar\/principal\/wp-content\/uploads\/2026\/09\/image-21-1024x769.png\" src=\"https:\/\/www.hoymercedes.com.ar\/principal\/wp-content\/uploads\/2026\/09\/image-21-1024x769.png\" alt=\"\" class=\"wp-image-201521\" srcset=\"https:\/\/www.hoymercedes.com.ar\/principal\/wp-content\/uploads\/2026\/09\/image-21-1024x769.png 1024w, https:\/\/www.hoymercedes.com.ar\/principal\/wp-content\/uploads\/2026\/09\/image-21-150x113.png 150w, https:\/\/www.hoymercedes.com.ar\/principal\/wp-content\/uploads\/2026\/09\/image-21-630x473.png 630w, https:\/\/www.hoymercedes.com.ar\/principal\/wp-content\/uploads\/2026\/09\/image-21.png 1280w\" sizes=\"auto, (max-width: 1024px) 100vw, 1024px\" \/><\/figure>\n\n\n\n<p class=\"wp-block-paragraph\">La escuela mercedina <strong>Ruge Gymnastics<\/strong> logr\u00f3 clasificar a <strong>13 gimnastas<\/strong> para el Torneo Nacional de Gimnasia Art\u00edstica, que se desarrollar\u00e1 en <strong>Catamarca durante octubre<\/strong>.<\/p>\n\n\n\n<p class=\"wp-block-paragraph\">El equipo alcanz\u00f3 este resultado luego de completar su participaci\u00f3n en <strong>dos selectivos provinciales<\/strong> disputados a lo largo de la temporada.<\/p>\n\n\n\n<p class=\"wp-block-paragraph\"><strong>La delegaci\u00f3n mercedina<\/strong><\/p>\n\n\n\n<p class=\"wp-block-paragraph\">Los deportistas clasificados son <strong>Antonela Malano, Emilia Festugatto, Lola Malano, Maximina Freites, Santinna Weinmann, Joaquina Lemos I\u00f1igo, Juan Bautista Cruz, Mave D\u2019Angelo, Sara Brutti, Josefina Mart\u00ednez, Chiara Baldassini, Morena L\u00f3pez \u00c1vila y Renata Ortiz<\/strong>.<\/p>\n\n\n\n<p class=\"wp-block-paragraph\">La preparaci\u00f3n y conducci\u00f3n t\u00e9cnica est\u00e1n a cargo de la entrenadora <strong>Guadalupe Lofiego<\/strong>.<\/p>\n\n\n\n<p class=\"wp-block-paragraph\">El certamen nacional tendr\u00e1 una duraci\u00f3n de <strong>tres jornadas<\/strong>: las dos primeras estar\u00e1n destinadas a las pruebas t\u00e9cnicas en aparatos, mientras que la \u00faltima ser\u00e1 reservada para las instancias finales.<\/p>\n\n\n\n<p class=\"wp-block-paragraph\">Desde la instituci\u00f3n resaltaron el trabajo sostenido de los gimnastas durante la temporada y el nivel alcanzado para acceder a una de las principales competencias nacionales de la disciplina.<\/p>\n","protected":false},"excerpt":{"rendered":"<p>La escuela mercedina Ruge Gymnastics logr\u00f3 clasificar a 13 gimnastas para el Torneo Nacional de Gimnasia Art\u00edstica, que se desarrollar\u00e1 &#8230; <a title=\"Trece gimnastas de Ruge Gymnastics competir\u00e1n en el Nacional de Catamarca\" class=\"read-more\" href=\"https:\/\/www.hoymercedes.com.ar\/principal\/2026\/09\/06\/trece-gimnastas-de-ruge-gymnastics-competiran-en-el-nacional-de-catamarca\/\" aria-label=\"Leer m\u00e1s sobre Trece gimnastas de Ruge Gymnastics competir\u00e1n en el Nacional de Catamarca\">Leer m\u00e1s<\/a><\/p>\n","protected":false},"author":1,"featured_media":201521,"comment_status":"closed","ping_status":"open","sticky":false,"template":"","format":"standard","meta":{"_monsterinsights_skip_tracking":false,"_jetpack_newsletter_access":"","_jetpack_dont_email_post_to_subs":false,"_jetpack_newsletter_tier_id":0,"_jetpack_memberships_contains_paywalled_content":false,"_jetpack_feature_clip_id":0,"_jetpack_memberships_contains_paid_content":false,"footnotes":"","jetpack_publicize_message":"{title}\n\n{excerpt}\n\n{url}","jetpack_publicize_feature_enabled":true,"jetpack_social_post_already_shared":true,"jetpack_social_options":{"image_generator_settings":{"template":"highway","default_image_id":0,"font":"","enabled":false},"version":2},"_wpas_customize_per_network":false,"jetpack_post_was_ever_published":false},"categories":[21],"tags":[],"class_list":["post-201520","post","type-post","status-publish","format-standard","has-post-thumbnail","hentry","category-deportes","generate-columns","tablet-grid-50","mobile-grid-100","grid-parent","grid-50"],"jetpack_publicize_connections":[],"wps_subtitle":"","jetpack_sharing_enabled":true,"jetpack_featured_media_url":"https:\/\/www.hoymercedes.com.ar\/principal\/wp-content\/uploads\/2026\/09\/image-21.png","_links":{"self":[{"href":"https:\/\/www.hoymercedes.com.ar\/principal\/wp-json\/wp\/v2\/posts\/201520","targetHints":{"allow":["GET"]}}],"collection":[{"href":"https:\/\/www.hoymercedes.com.ar\/principal\/wp-json\/wp\/v2\/posts"}],"about":[{"href":"https:\/\/www.hoymercedes.com.ar\/principal\/wp-json\/wp\/v2\/types\/post"}],"author":[{"embeddable":true,"href":"https:\/\/www.hoymercedes.com.ar\/principal\/wp-json\/wp\/v2\/users\/1"}],"replies":[{"embeddable":true,"href":"https:\/\/www.hoymercedes.com.ar\/principal\/wp-json\/wp\/v2\/comments?post=201520"}],"version-history":[{"count":1,"href":"https:\/\/www.hoymercedes.com.ar\/principal\/wp-json\/wp\/v2\/posts\/201520\/revisions"}],"predecessor-version":[{"id":201522,"href":"https:\/\/www.hoymercedes.com.ar\/principal\/wp-json\/wp\/v2\/posts\/201520\/revisions\/201522"}],"wp:featuredmedia":[{"embeddable":true,"href":"https:\/\/www.hoymercedes.com.ar\/principal\/wp-json\/wp\/v2\/media\/201521"}],"wp:attachment":[{"href":"https:\/\/www.hoymercedes.com.ar\/principal\/wp-json\/wp\/v2\/media?parent=201520"}],"wp:term":[{"taxonomy":"category","embeddable":true,"href":"https:\/\/www.hoymercedes.com.ar\/principal\/wp-json\/wp\/v2\/categories?post=201520"},{"taxonomy":"post_tag","embeddable":true,"href":"https:\/\/www.hoymercedes.com.ar\/principal\/wp-json\/wp\/v2\/tags?post=201520"}],"curies":[{"name":"wp","href":"https:\/\/api.w.org\/{rel}","templated":true}]}}