{"id":201525,"date":"2026-09-05T09:31:00","date_gmt":"2026-09-05T12:31:00","guid":{"rendered":"https:\/\/www.hoymercedes.com.ar\/principal\/?p=201525"},"modified":"2026-09-04T19:36:20","modified_gmt":"2026-09-04T22:36:20","slug":"sergio-torres-encabezo-una-jornada-de-trabajo-en-el-departamento-judicial-mercedes","status":"publish","type":"post","link":"https:\/\/www.hoymercedes.com.ar\/principal\/2026\/09\/05\/sergio-torres-encabezo-una-jornada-de-trabajo-en-el-departamento-judicial-mercedes\/","title":{"rendered":"Sergio Torres encabez\u00f3 una jornada de trabajo en el Departamento Judicial Mercedes"},"content":{"rendered":"\n<figure class=\"wp-block-image size-large\"><img loading=\"lazy\" decoding=\"async\" width=\"1178\" height=\"663\" data-attachment-id=\"201528\" data-permalink=\"https:\/\/www.hoymercedes.com.ar\/principal\/2026\/09\/05\/sergio-torres-encabezo-una-jornada-de-trabajo-en-el-departamento-judicial-mercedes\/chatgpt-image-4-sept-2026-19_34_57-2\/#main\" data-orig-file=\"https:\/\/www.hoymercedes.com.ar\/principal\/wp-content\/uploads\/2026\/09\/ChatGPT-Image-4-sept-2026-19_34_57-edited.png\" data-orig-size=\"1178,663\" data-comments-opened=\"0\" data-image-title=\"ChatGPT Image 4 sept 2026, 19_34_57\" data-image-description=\"\" data-image-caption=\"\" data-large-file=\"https:\/\/www.hoymercedes.com.ar\/principal\/wp-content\/uploads\/2026\/09\/ChatGPT-Image-4-sept-2026-19_34_57-edited-1024x576.png\" src=\"https:\/\/www.hoymercedes.com.ar\/principal\/wp-content\/uploads\/2026\/09\/ChatGPT-Image-4-sept-2026-19_34_57-edited.png\" alt=\"\" class=\"wp-image-201528\" srcset=\"https:\/\/www.hoymercedes.com.ar\/principal\/wp-content\/uploads\/2026\/09\/ChatGPT-Image-4-sept-2026-19_34_57-edited.png 1178w, https:\/\/www.hoymercedes.com.ar\/principal\/wp-content\/uploads\/2026\/09\/ChatGPT-Image-4-sept-2026-19_34_57-edited-630x355.png 630w, https:\/\/www.hoymercedes.com.ar\/principal\/wp-content\/uploads\/2026\/09\/ChatGPT-Image-4-sept-2026-19_34_57-edited-1024x576.png 1024w, https:\/\/www.hoymercedes.com.ar\/principal\/wp-content\/uploads\/2026\/09\/ChatGPT-Image-4-sept-2026-19_34_57-edited-150x84.png 150w\" sizes=\"auto, (max-width: 1178px) 100vw, 1178px\" \/><\/figure>\n\n\n\n<p class=\"wp-block-paragraph\">El presidente de la <strong>Suprema Corte de Justicia bonaerense<\/strong>, <strong>Sergio Gabriel Torres<\/strong>, desarroll\u00f3 una jornada de trabajo en el <strong>Departamento Judicial Mercedes<\/strong>, donde mantuvo reuniones con representantes de los distintos sectores del servicio de justicia y particip\u00f3 de un acto de reconocimiento a trabajadores judiciales v\u00edctimas del terrorismo de Estado.<\/p>\n\n\n\n<p class=\"wp-block-paragraph\">Durante su visita, Torres recorri\u00f3 la muestra itinerante <strong>\u201cEl Poder Judicial y el terrorismo de Estado. Huellas y Memoria\u201d<\/strong>, organizada por la Suprema Corte de Justicia de la Provincia de Buenos Aires.<\/p>\n\n\n\n<p class=\"wp-block-paragraph\">Tambi\u00e9n mantuvo encuentros con jueces de las c\u00e1maras de apelaci\u00f3n y de primera instancia de los distintos fueros, representantes del <strong>Colegio de Abogados<\/strong> y de la <strong>Asociaci\u00f3n Judicial Bonaerense (AJB)<\/strong>. Adem\u00e1s, particip\u00f3 de una reuni\u00f3n con autoridades del <strong>Colegio de Magistrados y Funcionarios<\/strong> del Departamento Judicial Mercedes.<\/p>\n\n\n\n<p class=\"wp-block-paragraph\"><strong>Placas en memoria de trabajadores judiciales<\/strong><\/p>\n\n\n\n<p class=\"wp-block-paragraph\">La agenda incluy\u00f3 el descubrimiento de placas conmemorativas en el hall de acceso del Edificio Central de Tribunales, en memoria de <strong>Luis Eduardo Goicochea<\/strong> y <strong>Adolfo Vicente Bergerot<\/strong>, agentes judiciales desaparecidos durante la \u00faltima dictadura militar.<\/p>\n\n\n\n<p class=\"wp-block-paragraph\">Durante el acto, Torres destac\u00f3 la creaci\u00f3n de la <strong>Comisi\u00f3n de Verdad, Memoria y Justicia<\/strong> de la Suprema Corte, destinada a revisar y rectificar los legajos de trabajadores judiciales que fueron cesanteados injustamente durante ese per\u00edodo.<\/p>\n\n\n\n<p class=\"wp-block-paragraph\">El titular del m\u00e1ximo tribunal bonaerense se\u00f1al\u00f3 que la recuperaci\u00f3n de esos antecedentes permiti\u00f3 restituir la verdad hist\u00f3rica a las familias de las v\u00edctimas. Tambi\u00e9n remarc\u00f3 el valor de instalar las placas en un espacio de circulaci\u00f3n cotidiana de los tribunales, como forma de reparaci\u00f3n y construcci\u00f3n de memoria para toda la comunidad judicial.<\/p>\n\n\n\n<figure class=\"wp-block-image size-full\"><img loading=\"lazy\" decoding=\"async\" width=\"558\" height=\"686\" data-attachment-id=\"201526\" data-permalink=\"https:\/\/www.hoymercedes.com.ar\/principal\/2026\/09\/05\/sergio-torres-encabezo-una-jornada-de-trabajo-en-el-departamento-judicial-mercedes\/sin-titulo-112\/#main\" data-orig-file=\"https:\/\/www.hoymercedes.com.ar\/principal\/wp-content\/uploads\/2026\/09\/Sin-titulo-5.png\" data-orig-size=\"558,686\" data-comments-opened=\"0\" data-image-title=\"Sin t\u00edtulo\" data-image-description=\"\" data-image-caption=\"\" data-large-file=\"https:\/\/www.hoymercedes.com.ar\/principal\/wp-content\/uploads\/2026\/09\/Sin-titulo-5.png\" src=\"https:\/\/www.hoymercedes.com.ar\/principal\/wp-content\/uploads\/2026\/09\/Sin-titulo-5.png\" alt=\"\" class=\"wp-image-201526\" srcset=\"https:\/\/www.hoymercedes.com.ar\/principal\/wp-content\/uploads\/2026\/09\/Sin-titulo-5.png 558w, https:\/\/www.hoymercedes.com.ar\/principal\/wp-content\/uploads\/2026\/09\/Sin-titulo-5-122x150.png 122w, https:\/\/www.hoymercedes.com.ar\/principal\/wp-content\/uploads\/2026\/09\/Sin-titulo-5-504x620.png 504w\" sizes=\"auto, (max-width: 558px) 100vw, 558px\" \/><\/figure>\n","protected":false},"excerpt":{"rendered":"<p>El presidente de la Suprema Corte de Justicia bonaerense, Sergio Gabriel Torres, desarroll\u00f3 una jornada de trabajo en el Departamento &#8230; <a title=\"Sergio Torres encabez\u00f3 una jornada de trabajo en el Departamento Judicial Mercedes\" class=\"read-more\" href=\"https:\/\/www.hoymercedes.com.ar\/principal\/2026\/09\/05\/sergio-torres-encabezo-una-jornada-de-trabajo-en-el-departamento-judicial-mercedes\/\" aria-label=\"Leer m\u00e1s sobre Sergio Torres encabez\u00f3 una jornada de trabajo en el Departamento Judicial Mercedes\">Leer m\u00e1s<\/a><\/p>\n","protected":false},"author":1,"featured_media":201528,"comment_status":"closed","ping_status":"open","sticky":false,"template":"","format":"standard","meta":{"_monsterinsights_skip_tracking":false,"_jetpack_newsletter_access":"","_jetpack_dont_email_post_to_subs":false,"_jetpack_newsletter_tier_id":0,"_jetpack_memberships_contains_paywalled_content":false,"_jetpack_feature_clip_id":0,"_jetpack_memberships_contains_paid_content":false,"footnotes":"","jetpack_publicize_message":"{title}\n\n{excerpt}\n\n{url}","jetpack_publicize_feature_enabled":true,"jetpack_social_post_already_shared":true,"jetpack_social_options":{"image_generator_settings":{"template":"highway","default_image_id":0,"font":"","enabled":false},"version":2},"_wpas_customize_per_network":false,"jetpack_post_was_ever_published":false},"categories":[8],"tags":[],"class_list":["post-201525","post","type-post","status-publish","format-standard","has-post-thumbnail","hentry","category-sociedad","generate-columns","tablet-grid-50","mobile-grid-100","grid-parent","grid-50"],"jetpack_publicize_connections":[],"wps_subtitle":"","jetpack_sharing_enabled":true,"jetpack_featured_media_url":"https:\/\/www.hoymercedes.com.ar\/principal\/wp-content\/uploads\/2026\/09\/ChatGPT-Image-4-sept-2026-19_34_57-edited.png","_links":{"self":[{"href":"https:\/\/www.hoymercedes.com.ar\/principal\/wp-json\/wp\/v2\/posts\/201525","targetHints":{"allow":["GET"]}}],"collection":[{"href":"https:\/\/www.hoymercedes.com.ar\/principal\/wp-json\/wp\/v2\/posts"}],"about":[{"href":"https:\/\/www.hoymercedes.com.ar\/principal\/wp-json\/wp\/v2\/types\/post"}],"author":[{"embeddable":true,"href":"https:\/\/www.hoymercedes.com.ar\/principal\/wp-json\/wp\/v2\/users\/1"}],"replies":[{"embeddable":true,"href":"https:\/\/www.hoymercedes.com.ar\/principal\/wp-json\/wp\/v2\/comments?post=201525"}],"version-history":[{"count":1,"href":"https:\/\/www.hoymercedes.com.ar\/principal\/wp-json\/wp\/v2\/posts\/201525\/revisions"}],"predecessor-version":[{"id":201529,"href":"https:\/\/www.hoymercedes.com.ar\/principal\/wp-json\/wp\/v2\/posts\/201525\/revisions\/201529"}],"wp:featuredmedia":[{"embeddable":true,"href":"https:\/\/www.hoymercedes.com.ar\/principal\/wp-json\/wp\/v2\/media\/201528"}],"wp:attachment":[{"href":"https:\/\/www.hoymercedes.com.ar\/principal\/wp-json\/wp\/v2\/media?parent=201525"}],"wp:term":[{"taxonomy":"category","embeddable":true,"href":"https:\/\/www.hoymercedes.com.ar\/principal\/wp-json\/wp\/v2\/categories?post=201525"},{"taxonomy":"post_tag","embeddable":true,"href":"https:\/\/www.hoymercedes.com.ar\/principal\/wp-json\/wp\/v2\/tags?post=201525"}],"curies":[{"name":"wp","href":"https:\/\/api.w.org\/{rel}","templated":true}]}}