{"id":201530,"date":"2026-09-05T10:41:00","date_gmt":"2026-09-05T13:41:00","guid":{"rendered":"https:\/\/www.hoymercedes.com.ar\/principal\/?p=201530"},"modified":"2026-09-04T20:40:03","modified_gmt":"2026-09-04T23:40:03","slug":"el-hospital-dubarry-fortalecio-la-articulacion-para-la-atencion-de-salud-sexual","status":"publish","type":"post","link":"https:\/\/www.hoymercedes.com.ar\/principal\/2026\/09\/05\/el-hospital-dubarry-fortalecio-la-articulacion-para-la-atencion-de-salud-sexual\/","title":{"rendered":"El Hospital Dubarry fortaleci\u00f3 la articulaci\u00f3n para la atenci\u00f3n de salud sexual"},"content":{"rendered":"\n<figure class=\"wp-block-image size-full\"><img loading=\"lazy\" decoding=\"async\" width=\"765\" height=\"564\" data-attachment-id=\"201531\" data-permalink=\"https:\/\/www.hoymercedes.com.ar\/principal\/2026\/09\/05\/el-hospital-dubarry-fortalecio-la-articulacion-para-la-atencion-de-salud-sexual\/sin-titulo-113\/#main\" data-orig-file=\"https:\/\/www.hoymercedes.com.ar\/principal\/wp-content\/uploads\/2026\/09\/Sin-titulo-6.png\" data-orig-size=\"765,564\" data-comments-opened=\"0\" data-image-title=\"Sin t\u00edtulo\" data-image-description=\"\" data-image-caption=\"\" data-large-file=\"https:\/\/www.hoymercedes.com.ar\/principal\/wp-content\/uploads\/2026\/09\/Sin-titulo-6.png\" src=\"https:\/\/www.hoymercedes.com.ar\/principal\/wp-content\/uploads\/2026\/09\/Sin-titulo-6.png\" alt=\"\" class=\"wp-image-201531\" srcset=\"https:\/\/www.hoymercedes.com.ar\/principal\/wp-content\/uploads\/2026\/09\/Sin-titulo-6.png 765w, https:\/\/www.hoymercedes.com.ar\/principal\/wp-content\/uploads\/2026\/09\/Sin-titulo-6-150x111.png 150w, https:\/\/www.hoymercedes.com.ar\/principal\/wp-content\/uploads\/2026\/09\/Sin-titulo-6-630x464.png 630w\" sizes=\"auto, (max-width: 765px) 100vw, 765px\" \/><\/figure>\n\n\n\n<p class=\"wp-block-paragraph\">El <strong>Consultorio de Salud Sexual Integral del Hospital Blas L. Dubarry<\/strong> realiz\u00f3 una jornada de trabajo junto con distintos servicios de la instituci\u00f3n para revisar experiencias y coordinar las acciones que se desarrollan en materia de atenci\u00f3n integral.<\/p>\n\n\n\n<p class=\"wp-block-paragraph\">El encuentro permiti\u00f3 poner en com\u00fan las pr\u00e1cticas implementadas y analizar los circuitos de atenci\u00f3n, con el objetivo de facilitar el acceso de la comunidad a una asistencia de calidad.<\/p>\n\n\n\n<p class=\"wp-block-paragraph\"><strong>Perspectiva de g\u00e9nero y enfoque de derechos<\/strong><\/p>\n\n\n\n<p class=\"wp-block-paragraph\">La actividad se desarroll\u00f3 en el marco de la <strong>Ley N\u00b0 27.610 de Interrupci\u00f3n Voluntaria del Embarazo (IVE)<\/strong> y contempl\u00f3 una mirada integral sobre la salud sexual, con perspectiva de g\u00e9nero y enfoque de derechos.<\/p>\n\n\n\n<p class=\"wp-block-paragraph\">Desde el hospital se\u00f1alaron que estos espacios de articulaci\u00f3n permiten fortalecer el trabajo colectivo entre los equipos y avanzar hacia una atenci\u00f3n p\u00fablica m\u00e1s accesible, respetuosa e integral.<\/p>\n","protected":false},"excerpt":{"rendered":"<p>El Consultorio de Salud Sexual Integral del Hospital Blas L. Dubarry realiz\u00f3 una jornada de trabajo junto con distintos servicios &#8230; <a title=\"El Hospital Dubarry fortaleci\u00f3 la articulaci\u00f3n para la atenci\u00f3n de salud sexual\" class=\"read-more\" href=\"https:\/\/www.hoymercedes.com.ar\/principal\/2026\/09\/05\/el-hospital-dubarry-fortalecio-la-articulacion-para-la-atencion-de-salud-sexual\/\" aria-label=\"Leer m\u00e1s sobre El Hospital Dubarry fortaleci\u00f3 la articulaci\u00f3n para la atenci\u00f3n de salud sexual\">Leer m\u00e1s<\/a><\/p>\n","protected":false},"author":1,"featured_media":201531,"comment_status":"closed","ping_status":"open","sticky":false,"template":"","format":"standard","meta":{"_monsterinsights_skip_tracking":false,"_jetpack_newsletter_access":"","_jetpack_dont_email_post_to_subs":false,"_jetpack_newsletter_tier_id":0,"_jetpack_memberships_contains_paywalled_content":false,"_jetpack_feature_clip_id":0,"_jetpack_memberships_contains_paid_content":false,"footnotes":"","jetpack_publicize_message":"{title}\n\n{excerpt}\n\n{url}","jetpack_publicize_feature_enabled":true,"jetpack_social_post_already_shared":true,"jetpack_social_options":{"image_generator_settings":{"template":"highway","default_image_id":0,"font":"","enabled":false},"version":2},"_wpas_customize_per_network":false,"jetpack_post_was_ever_published":false},"categories":[9791],"tags":[],"class_list":["post-201530","post","type-post","status-publish","format-standard","has-post-thumbnail","hentry","category-salud","generate-columns","tablet-grid-50","mobile-grid-100","grid-parent","grid-50"],"jetpack_publicize_connections":[],"wps_subtitle":"","jetpack_sharing_enabled":true,"jetpack_featured_media_url":"https:\/\/www.hoymercedes.com.ar\/principal\/wp-content\/uploads\/2026\/09\/Sin-titulo-6.png","_links":{"self":[{"href":"https:\/\/www.hoymercedes.com.ar\/principal\/wp-json\/wp\/v2\/posts\/201530","targetHints":{"allow":["GET"]}}],"collection":[{"href":"https:\/\/www.hoymercedes.com.ar\/principal\/wp-json\/wp\/v2\/posts"}],"about":[{"href":"https:\/\/www.hoymercedes.com.ar\/principal\/wp-json\/wp\/v2\/types\/post"}],"author":[{"embeddable":true,"href":"https:\/\/www.hoymercedes.com.ar\/principal\/wp-json\/wp\/v2\/users\/1"}],"replies":[{"embeddable":true,"href":"https:\/\/www.hoymercedes.com.ar\/principal\/wp-json\/wp\/v2\/comments?post=201530"}],"version-history":[{"count":2,"href":"https:\/\/www.hoymercedes.com.ar\/principal\/wp-json\/wp\/v2\/posts\/201530\/revisions"}],"predecessor-version":[{"id":201546,"href":"https:\/\/www.hoymercedes.com.ar\/principal\/wp-json\/wp\/v2\/posts\/201530\/revisions\/201546"}],"wp:featuredmedia":[{"embeddable":true,"href":"https:\/\/www.hoymercedes.com.ar\/principal\/wp-json\/wp\/v2\/media\/201531"}],"wp:attachment":[{"href":"https:\/\/www.hoymercedes.com.ar\/principal\/wp-json\/wp\/v2\/media?parent=201530"}],"wp:term":[{"taxonomy":"category","embeddable":true,"href":"https:\/\/www.hoymercedes.com.ar\/principal\/wp-json\/wp\/v2\/categories?post=201530"},{"taxonomy":"post_tag","embeddable":true,"href":"https:\/\/www.hoymercedes.com.ar\/principal\/wp-json\/wp\/v2\/tags?post=201530"}],"curies":[{"name":"wp","href":"https:\/\/api.w.org\/{rel}","templated":true}]}}