{"id":201536,"date":"2026-09-05T15:31:00","date_gmt":"2026-09-05T18:31:00","guid":{"rendered":"https:\/\/www.hoymercedes.com.ar\/principal\/?p=201536"},"modified":"2026-09-04T20:13:11","modified_gmt":"2026-09-04T23:13:11","slug":"ustarroz-y-mena-sellaron-un-convenio-de-cooperacion-con-los-talleres-de-la-unidad-n-5","status":"publish","type":"post","link":"https:\/\/www.hoymercedes.com.ar\/principal\/2026\/09\/05\/ustarroz-y-mena-sellaron-un-convenio-de-cooperacion-con-los-talleres-de-la-unidad-n-5\/","title":{"rendered":"Ustarroz y Mena sellaron un convenio de cooperaci\u00f3n con los talleres de la Unidad N\u00b0 5"},"content":{"rendered":"\n<figure class=\"wp-block-image size-large\"><img loading=\"lazy\" decoding=\"async\" width=\"1024\" height=\"682\" data-attachment-id=\"201537\" data-permalink=\"https:\/\/www.hoymercedes.com.ar\/principal\/2026\/09\/05\/ustarroz-y-mena-sellaron-un-convenio-de-cooperacion-con-los-talleres-de-la-unidad-n-5\/firma-convenio-munisterio-1\/#main\" data-orig-file=\"https:\/\/www.hoymercedes.com.ar\/principal\/wp-content\/uploads\/2026\/09\/Firma-Convenio-Munisterio-1.jpg\" data-orig-size=\"1319,879\" data-comments-opened=\"0\" data-image-title=\"Firma Convenio Munisterio (1)\" data-image-description=\"\" data-image-caption=\"\" data-large-file=\"https:\/\/www.hoymercedes.com.ar\/principal\/wp-content\/uploads\/2026\/09\/Firma-Convenio-Munisterio-1-1024x682.jpg\" src=\"https:\/\/www.hoymercedes.com.ar\/principal\/wp-content\/uploads\/2026\/09\/Firma-Convenio-Munisterio-1-1024x682.jpg\" alt=\"\" class=\"wp-image-201537\" srcset=\"https:\/\/www.hoymercedes.com.ar\/principal\/wp-content\/uploads\/2026\/09\/Firma-Convenio-Munisterio-1-1024x682.jpg 1024w, https:\/\/www.hoymercedes.com.ar\/principal\/wp-content\/uploads\/2026\/09\/Firma-Convenio-Munisterio-1-150x100.jpg 150w, https:\/\/www.hoymercedes.com.ar\/principal\/wp-content\/uploads\/2026\/09\/Firma-Convenio-Munisterio-1-630x420.jpg 630w, https:\/\/www.hoymercedes.com.ar\/principal\/wp-content\/uploads\/2026\/09\/Firma-Convenio-Munisterio-1.jpg 1319w\" sizes=\"auto, (max-width: 1024px) 100vw, 1024px\" \/><\/figure>\n\n\n\n<p class=\"wp-block-paragraph\">En una jornada con diversas actividades oficiales, el intendente Juan Ustarroz recibi\u00f3 al ministro&nbsp;<strong>Mart\u00edn Mena<\/strong>&nbsp;quien visit\u00f3 Mercedes y firm\u00f3 un convenio con la Municipalidad con el objetivo de seguir trabajando en proyectos en com\u00fan, especialmente desde los talleres del Servicio Penitenciario.<\/p>\n\n\n\n<p class=\"wp-block-paragraph\"><strong>Convenio<\/strong><\/p>\n\n\n\n<p class=\"wp-block-paragraph\">El jefe comunal Juan Ustarroz agradeci\u00f3 al ministro \u201cel compromiso y la predisposici\u00f3n que desde siempre tiene hacia nuestra ciudad\u201d, y agreg\u00f3: \u201cEste convenio permitir\u00e1 seguir trabajando articuladamente con el Servicio Penitenciario, a trav\u00e9s de la Unidad N\u00b0 5, en intervenciones para distintas \u00e1reas como salud, educaci\u00f3n y seguridad\u201d.<\/p>\n\n\n\n<p class=\"wp-block-paragraph\">Tambi\u00e9n record\u00f3 que ya se han efectuado en el pasado reparaciones muy importantes, como patrulleros, el quir\u00f3fano m\u00f3vil de salud, elementos educativos, vallas y otras construcciones que \u201cbenefician a nuestro pueblo\u201d, adem\u00e1s de posibilitar procesos de ense\u00f1anza y aprendizaje para los internos en distintos talleres.<\/p>\n\n\n\n<p class=\"wp-block-paragraph\"><strong>Homenaje<\/strong><\/p>\n\n\n\n<p class=\"wp-block-paragraph\">Adem\u00e1s, participaron de la colocaci\u00f3n de placas conmemorativas en reconocimiento a los trabajadores judiciales Adolfo Vicente Bergerot y Luis Eduardo Goicochea, v\u00edctimas del terrorismo de Estado. Se cont\u00f3 all\u00ed con la presencia de Gonzalo Cianis, subsecretario de Derechos Humanos de la AJB; el presidente de la Suprema Corte de la Provincia, Dr. Sergio Gabriel Torres; la presidenta del Concejo Deliberante, Mariana San Mart\u00edn; la coordinadora de Derechos Humanos, Mara Quiroga; la secretaria de Gobierno, Dra. Clara Zunino; familiares, trabajadores judiciales e integrantes de la Comisi\u00f3n de la Memoria de Mercedes.<\/p>\n\n\n\n<p class=\"wp-block-paragraph\"><strong>Congreso<\/strong><\/p>\n\n\n\n<p class=\"wp-block-paragraph\">A su vez, Mercedes fue sede de un importante encuentro judicial. El ministro Dr. Mart\u00edn Mena detall\u00f3: \u201cJunto al intendente Juan Ignacio Ustarroz; el presidente de la Suprema Corte de Justicia, Sergio Torres; el procurador general, Julio Conte-Grand; el presidente del Colegio de Magistrados y Funcionarios, Mat\u00edas Rappazzo; el presidente de COLPROBA, Rafael Gentili, entre otras autoridades, participamos de la apertura del XXII Congreso de Funcionarios y Funcionarias del Poder Judicial de la provincia de Buenos Aires\u201d.<\/p>\n\n\n\n<p class=\"wp-block-paragraph\">Bajo el lema \u201cLa dimensi\u00f3n humana del Poder Judicial: cercan\u00eda y transformaci\u00f3n institucional\u201d, Ustarroz destac\u00f3 el valor de la jornada al se\u00f1alar que se trata de un espacio fundamental para el encuentro, la reflexi\u00f3n y el intercambio de miradas sobre los desaf\u00edos que atraviesa la funci\u00f3n judicial y sus v\u00ednculos con la comunidad.<\/p>\n\n\n\n<p class=\"wp-block-paragraph\"><strong>AJB<\/strong><\/p>\n\n\n\n<p class=\"wp-block-paragraph\">Por su parte, el espacio gremial que nuclea a las y los trabajadores judiciales, destacaron que \u201cdesde la Asociaci\u00f3n Judicial Bonaerense reivindicamos estas acciones de reparaci\u00f3n y memoria, que permiten recuperar las historias de las y los trabajadores judiciales perseguidos por el terrorismo de Estado y mantenerlas presentes en los mismos espacios que forman parte de la vida cotidiana del Poder Judicial.\u201d<\/p>\n","protected":false},"excerpt":{"rendered":"<p>En una jornada con diversas actividades oficiales, el intendente Juan Ustarroz recibi\u00f3 al ministro&nbsp;Mart\u00edn Mena&nbsp;quien visit\u00f3 Mercedes y firm\u00f3 un &#8230; <a title=\"Ustarroz y Mena sellaron un convenio de cooperaci\u00f3n con los talleres de la Unidad N\u00b0 5\" class=\"read-more\" href=\"https:\/\/www.hoymercedes.com.ar\/principal\/2026\/09\/05\/ustarroz-y-mena-sellaron-un-convenio-de-cooperacion-con-los-talleres-de-la-unidad-n-5\/\" aria-label=\"Leer m\u00e1s sobre Ustarroz y Mena sellaron un convenio de cooperaci\u00f3n con los talleres de la Unidad N\u00b0 5\">Leer m\u00e1s<\/a><\/p>\n","protected":false},"author":1,"featured_media":201537,"comment_status":"closed","ping_status":"open","sticky":false,"template":"","format":"standard","meta":{"_monsterinsights_skip_tracking":false,"_jetpack_newsletter_access":"","_jetpack_dont_email_post_to_subs":false,"_jetpack_newsletter_tier_id":0,"_jetpack_memberships_contains_paywalled_content":false,"_jetpack_feature_clip_id":0,"_jetpack_memberships_contains_paid_content":false,"footnotes":"","jetpack_publicize_message":"{title}\n\n{excerpt}\n\n{url}","jetpack_publicize_feature_enabled":true,"jetpack_social_post_already_shared":true,"jetpack_social_options":{"image_generator_settings":{"template":"highway","default_image_id":0,"font":"","enabled":false},"version":2},"_wpas_customize_per_network":false,"jetpack_post_was_ever_published":false},"categories":[8],"tags":[],"class_list":["post-201536","post","type-post","status-publish","format-standard","has-post-thumbnail","hentry","category-sociedad","generate-columns","tablet-grid-50","mobile-grid-100","grid-parent","grid-50"],"jetpack_publicize_connections":[],"wps_subtitle":"","jetpack_sharing_enabled":true,"jetpack_featured_media_url":"https:\/\/www.hoymercedes.com.ar\/principal\/wp-content\/uploads\/2026\/09\/Firma-Convenio-Munisterio-1.jpg","_links":{"self":[{"href":"https:\/\/www.hoymercedes.com.ar\/principal\/wp-json\/wp\/v2\/posts\/201536","targetHints":{"allow":["GET"]}}],"collection":[{"href":"https:\/\/www.hoymercedes.com.ar\/principal\/wp-json\/wp\/v2\/posts"}],"about":[{"href":"https:\/\/www.hoymercedes.com.ar\/principal\/wp-json\/wp\/v2\/types\/post"}],"author":[{"embeddable":true,"href":"https:\/\/www.hoymercedes.com.ar\/principal\/wp-json\/wp\/v2\/users\/1"}],"replies":[{"embeddable":true,"href":"https:\/\/www.hoymercedes.com.ar\/principal\/wp-json\/wp\/v2\/comments?post=201536"}],"version-history":[{"count":1,"href":"https:\/\/www.hoymercedes.com.ar\/principal\/wp-json\/wp\/v2\/posts\/201536\/revisions"}],"predecessor-version":[{"id":201538,"href":"https:\/\/www.hoymercedes.com.ar\/principal\/wp-json\/wp\/v2\/posts\/201536\/revisions\/201538"}],"wp:featuredmedia":[{"embeddable":true,"href":"https:\/\/www.hoymercedes.com.ar\/principal\/wp-json\/wp\/v2\/media\/201537"}],"wp:attachment":[{"href":"https:\/\/www.hoymercedes.com.ar\/principal\/wp-json\/wp\/v2\/media?parent=201536"}],"wp:term":[{"taxonomy":"category","embeddable":true,"href":"https:\/\/www.hoymercedes.com.ar\/principal\/wp-json\/wp\/v2\/categories?post=201536"},{"taxonomy":"post_tag","embeddable":true,"href":"https:\/\/www.hoymercedes.com.ar\/principal\/wp-json\/wp\/v2\/tags?post=201536"}],"curies":[{"name":"wp","href":"https:\/\/api.w.org\/{rel}","templated":true}]}}