{"id":201539,"date":"2026-09-05T16:13:00","date_gmt":"2026-09-05T19:13:00","guid":{"rendered":"https:\/\/www.hoymercedes.com.ar\/principal\/?p=201539"},"modified":"2026-09-04T20:24:41","modified_gmt":"2026-09-04T23:24:41","slug":"el-autodromo-bandoni-tendra-pruebas-libres-de-karting-y-super-motard","status":"publish","type":"post","link":"https:\/\/www.hoymercedes.com.ar\/principal\/2026\/09\/05\/el-autodromo-bandoni-tendra-pruebas-libres-de-karting-y-super-motard\/","title":{"rendered":"El aut\u00f3dromo Bandoni tendr\u00e1 pruebas libres de karting y s\u00faper motard"},"content":{"rendered":"\n<figure class=\"wp-block-image size-large\"><img loading=\"lazy\" decoding=\"async\" width=\"1024\" height=\"771\" data-attachment-id=\"201540\" data-permalink=\"https:\/\/www.hoymercedes.com.ar\/principal\/2026\/09\/05\/el-autodromo-bandoni-tendra-pruebas-libres-de-karting-y-super-motard\/chatgpt-image-4-sept-2026-20_19_51\/#main\" data-orig-file=\"https:\/\/www.hoymercedes.com.ar\/principal\/wp-content\/uploads\/2026\/09\/ChatGPT-Image-4-sept-2026-20_19_51.png\" data-orig-size=\"1445,1088\" data-comments-opened=\"0\" data-image-title=\"ChatGPT Image 4 sept 2026, 20_19_51\" data-image-description=\"\" data-image-caption=\"\" data-large-file=\"https:\/\/www.hoymercedes.com.ar\/principal\/wp-content\/uploads\/2026\/09\/ChatGPT-Image-4-sept-2026-20_19_51-1024x771.png\" src=\"https:\/\/www.hoymercedes.com.ar\/principal\/wp-content\/uploads\/2026\/09\/ChatGPT-Image-4-sept-2026-20_19_51-1024x771.png\" alt=\"\" class=\"wp-image-201540\" srcset=\"https:\/\/www.hoymercedes.com.ar\/principal\/wp-content\/uploads\/2026\/09\/ChatGPT-Image-4-sept-2026-20_19_51-1024x771.png 1024w, https:\/\/www.hoymercedes.com.ar\/principal\/wp-content\/uploads\/2026\/09\/ChatGPT-Image-4-sept-2026-20_19_51-150x113.png 150w, https:\/\/www.hoymercedes.com.ar\/principal\/wp-content\/uploads\/2026\/09\/ChatGPT-Image-4-sept-2026-20_19_51-630x474.png 630w, https:\/\/www.hoymercedes.com.ar\/principal\/wp-content\/uploads\/2026\/09\/ChatGPT-Image-4-sept-2026-20_19_51.png 1445w\" sizes=\"auto, (max-width: 1024px) 100vw, 1024px\" \/><\/figure>\n\n\n\n<p class=\"wp-block-paragraph\">El <strong>aut\u00f3dromo Luis L. Bandoni<\/strong> ser\u00e1 escenario este domingo de una jornada de pruebas libres para karting y s\u00faper motard, destinada a pilotos y aficionados del deporte motor.<\/p>\n\n\n\n<p class=\"wp-block-paragraph\">La actividad se desarrollar\u00e1 el <strong>domingo 6 de septiembre<\/strong>, de <strong>12 a 18<\/strong>, en el circuito ubicado sobre la <strong>Ruta Nacional 5, kil\u00f3metro 92,5<\/strong>, en Mercedes.<\/p>\n\n\n\n<p class=\"wp-block-paragraph\"><strong>Entrada gratuita para el p\u00fablico<\/strong><\/p>\n\n\n\n<p class=\"wp-block-paragraph\">El acceso para el p\u00fablico ser\u00e1 <strong>libre y gratuito<\/strong>. Los pilotos que quieran participar de las pruebas deber\u00e1n abonar un arancel de <strong>$40.000<\/strong>.<\/p>\n\n\n\n<p class=\"wp-block-paragraph\">Durante la jornada estar\u00e1n disponibles los servicios de <strong>cantina y ambulancia<\/strong>, tanto para acompa\u00f1ar a los competidores como para garantizar la atenci\u00f3n de quienes concurran al predio.<\/p>\n\n\n\n<p class=\"wp-block-paragraph\">La propuesta apunta a brindar un espacio de entrenamiento y puesta a punto para los participantes de ambas disciplinas, adem\u00e1s de acercar el automovilismo y el motociclismo a la comunidad.<\/p>\n","protected":false},"excerpt":{"rendered":"<p>El aut\u00f3dromo Luis L. Bandoni ser\u00e1 escenario este domingo de una jornada de pruebas libres para karting y s\u00faper motard, &#8230; <a title=\"El aut\u00f3dromo Bandoni tendr\u00e1 pruebas libres de karting y s\u00faper motard\" class=\"read-more\" href=\"https:\/\/www.hoymercedes.com.ar\/principal\/2026\/09\/05\/el-autodromo-bandoni-tendra-pruebas-libres-de-karting-y-super-motard\/\" aria-label=\"Leer m\u00e1s sobre El aut\u00f3dromo Bandoni tendr\u00e1 pruebas libres de karting y s\u00faper motard\">Leer m\u00e1s<\/a><\/p>\n","protected":false},"author":1,"featured_media":201540,"comment_status":"closed","ping_status":"open","sticky":false,"template":"","format":"standard","meta":{"_monsterinsights_skip_tracking":false,"_jetpack_newsletter_access":"","_jetpack_dont_email_post_to_subs":false,"_jetpack_newsletter_tier_id":0,"_jetpack_memberships_contains_paywalled_content":false,"_jetpack_feature_clip_id":0,"_jetpack_memberships_contains_paid_content":false,"footnotes":"","jetpack_publicize_message":"{title}\n\n{excerpt}\n\n{url}","jetpack_publicize_feature_enabled":true,"jetpack_social_post_already_shared":true,"jetpack_social_options":{"image_generator_settings":{"template":"highway","default_image_id":0,"font":"","enabled":false},"version":2},"_wpas_customize_per_network":false,"jetpack_post_was_ever_published":false},"categories":[21],"tags":[],"class_list":["post-201539","post","type-post","status-publish","format-standard","has-post-thumbnail","hentry","category-deportes","generate-columns","tablet-grid-50","mobile-grid-100","grid-parent","grid-50"],"jetpack_publicize_connections":[],"wps_subtitle":"","jetpack_sharing_enabled":true,"jetpack_featured_media_url":"https:\/\/www.hoymercedes.com.ar\/principal\/wp-content\/uploads\/2026\/09\/ChatGPT-Image-4-sept-2026-20_19_51.png","_links":{"self":[{"href":"https:\/\/www.hoymercedes.com.ar\/principal\/wp-json\/wp\/v2\/posts\/201539","targetHints":{"allow":["GET"]}}],"collection":[{"href":"https:\/\/www.hoymercedes.com.ar\/principal\/wp-json\/wp\/v2\/posts"}],"about":[{"href":"https:\/\/www.hoymercedes.com.ar\/principal\/wp-json\/wp\/v2\/types\/post"}],"author":[{"embeddable":true,"href":"https:\/\/www.hoymercedes.com.ar\/principal\/wp-json\/wp\/v2\/users\/1"}],"replies":[{"embeddable":true,"href":"https:\/\/www.hoymercedes.com.ar\/principal\/wp-json\/wp\/v2\/comments?post=201539"}],"version-history":[{"count":1,"href":"https:\/\/www.hoymercedes.com.ar\/principal\/wp-json\/wp\/v2\/posts\/201539\/revisions"}],"predecessor-version":[{"id":201541,"href":"https:\/\/www.hoymercedes.com.ar\/principal\/wp-json\/wp\/v2\/posts\/201539\/revisions\/201541"}],"wp:featuredmedia":[{"embeddable":true,"href":"https:\/\/www.hoymercedes.com.ar\/principal\/wp-json\/wp\/v2\/media\/201540"}],"wp:attachment":[{"href":"https:\/\/www.hoymercedes.com.ar\/principal\/wp-json\/wp\/v2\/media?parent=201539"}],"wp:term":[{"taxonomy":"category","embeddable":true,"href":"https:\/\/www.hoymercedes.com.ar\/principal\/wp-json\/wp\/v2\/categories?post=201539"},{"taxonomy":"post_tag","embeddable":true,"href":"https:\/\/www.hoymercedes.com.ar\/principal\/wp-json\/wp\/v2\/tags?post=201539"}],"curies":[{"name":"wp","href":"https:\/\/api.w.org\/{rel}","templated":true}]}}