{"id":201542,"date":"2026-09-06T10:24:00","date_gmt":"2026-09-06T13:24:00","guid":{"rendered":"https:\/\/www.hoymercedes.com.ar\/principal\/?p=201542"},"modified":"2026-09-04T20:25:52","modified_gmt":"2026-09-04T23:25:52","slug":"lola-montenegro-volvio-a-consagrarse-campeona-argentina-de-patinaje-artistico","status":"publish","type":"post","link":"https:\/\/www.hoymercedes.com.ar\/principal\/2026\/09\/06\/lola-montenegro-volvio-a-consagrarse-campeona-argentina-de-patinaje-artistico\/","title":{"rendered":"Lola Montenegro volvi\u00f3 a consagrarse campeona argentina de patinaje art\u00edstico"},"content":{"rendered":"\n<figure class=\"wp-block-image size-full\"><img loading=\"lazy\" decoding=\"async\" width=\"640\" height=\"556\" data-attachment-id=\"201543\" data-permalink=\"https:\/\/www.hoymercedes.com.ar\/principal\/2026\/09\/06\/lola-montenegro-volvio-a-consagrarse-campeona-argentina-de-patinaje-artistico\/image-1066\/#main\" data-orig-file=\"https:\/\/www.hoymercedes.com.ar\/principal\/wp-content\/uploads\/2026\/09\/image-22.png\" data-orig-size=\"640,556\" data-comments-opened=\"0\" data-image-title=\"image\" data-image-description=\"\" data-image-caption=\"\" data-large-file=\"https:\/\/www.hoymercedes.com.ar\/principal\/wp-content\/uploads\/2026\/09\/image-22.png\" src=\"https:\/\/www.hoymercedes.com.ar\/principal\/wp-content\/uploads\/2026\/09\/image-22.png\" alt=\"\" class=\"wp-image-201543\" srcset=\"https:\/\/www.hoymercedes.com.ar\/principal\/wp-content\/uploads\/2026\/09\/image-22.png 640w, https:\/\/www.hoymercedes.com.ar\/principal\/wp-content\/uploads\/2026\/09\/image-22-150x130.png 150w, https:\/\/www.hoymercedes.com.ar\/principal\/wp-content\/uploads\/2026\/09\/image-22-630x547.png 630w\" sizes=\"auto, (max-width: 640px) 100vw, 640px\" \/><\/figure>\n\n\n\n<p class=\"wp-block-paragraph\"><strong>Lola Montenegro<\/strong> se consagr\u00f3 nuevamente campeona argentina en el <strong>Campeonato Absoluto de Patinaje Art\u00edstico<\/strong>, disputado en el Vel\u00f3dromo <strong>Vicente Chancay de San Juan<\/strong>.<\/p>\n\n\n\n<p class=\"wp-block-paragraph\">La patinadora mercedina compiti\u00f3 en representaci\u00f3n del <strong>Club Mercedes<\/strong> y de la <strong>Federaci\u00f3n Porte\u00f1a de Pat\u00edn<\/strong>, y alcanz\u00f3 el primer puesto tanto en el <strong>programa corto<\/strong> como en el <strong>programa largo<\/strong>.<\/p>\n\n\n\n<p class=\"wp-block-paragraph\"><strong>Un equipo de trabajo multidisciplinario<\/strong><\/p>\n\n\n\n<p class=\"wp-block-paragraph\">Para la competencia, Montenegro cont\u00f3 en pista con la t\u00e9cnica nacional <strong>Laura Brunello<\/strong> y <strong>B\u00e1rbara Sudini<\/strong>. El equipo se completa con el core\u00f3grafo <strong>Gustavo Mart\u00edn<\/strong>, el preparador f\u00edsico <strong>Federico Achile<\/strong>, la nutricionista <strong>Lara Mancusi<\/strong> y la psic\u00f3loga <strong>Karina Maturano<\/strong>.<\/p>\n\n\n\n<p class=\"wp-block-paragraph\">El nuevo t\u00edtulo nacional corona una temporada de preparaci\u00f3n sostenida para la deportista y vuelve a ubicarla entre las principales figuras del patinaje art\u00edstico argentino.<\/p>\n","protected":false},"excerpt":{"rendered":"<p>Lola Montenegro se consagr\u00f3 nuevamente campeona argentina en el Campeonato Absoluto de Patinaje Art\u00edstico, disputado en el Vel\u00f3dromo Vicente Chancay &#8230; <a title=\"Lola Montenegro volvi\u00f3 a consagrarse campeona argentina de patinaje art\u00edstico\" class=\"read-more\" href=\"https:\/\/www.hoymercedes.com.ar\/principal\/2026\/09\/06\/lola-montenegro-volvio-a-consagrarse-campeona-argentina-de-patinaje-artistico\/\" aria-label=\"Leer m\u00e1s sobre Lola Montenegro volvi\u00f3 a consagrarse campeona argentina de patinaje art\u00edstico\">Leer m\u00e1s<\/a><\/p>\n","protected":false},"author":1,"featured_media":201543,"comment_status":"closed","ping_status":"open","sticky":false,"template":"","format":"standard","meta":{"_monsterinsights_skip_tracking":false,"_jetpack_newsletter_access":"","_jetpack_dont_email_post_to_subs":false,"_jetpack_newsletter_tier_id":0,"_jetpack_memberships_contains_paywalled_content":false,"_jetpack_feature_clip_id":0,"_jetpack_memberships_contains_paid_content":false,"footnotes":"","jetpack_publicize_message":"{title}\n\n{excerpt}\n\n{url}","jetpack_publicize_feature_enabled":true,"jetpack_social_post_already_shared":true,"jetpack_social_options":{"image_generator_settings":{"template":"highway","default_image_id":0,"font":"","enabled":false},"version":2},"_wpas_customize_per_network":false,"jetpack_post_was_ever_published":false},"categories":[21],"tags":[],"class_list":["post-201542","post","type-post","status-publish","format-standard","has-post-thumbnail","hentry","category-deportes","generate-columns","tablet-grid-50","mobile-grid-100","grid-parent","grid-50"],"jetpack_publicize_connections":[],"wps_subtitle":"","jetpack_sharing_enabled":true,"jetpack_featured_media_url":"https:\/\/www.hoymercedes.com.ar\/principal\/wp-content\/uploads\/2026\/09\/image-22.png","_links":{"self":[{"href":"https:\/\/www.hoymercedes.com.ar\/principal\/wp-json\/wp\/v2\/posts\/201542","targetHints":{"allow":["GET"]}}],"collection":[{"href":"https:\/\/www.hoymercedes.com.ar\/principal\/wp-json\/wp\/v2\/posts"}],"about":[{"href":"https:\/\/www.hoymercedes.com.ar\/principal\/wp-json\/wp\/v2\/types\/post"}],"author":[{"embeddable":true,"href":"https:\/\/www.hoymercedes.com.ar\/principal\/wp-json\/wp\/v2\/users\/1"}],"replies":[{"embeddable":true,"href":"https:\/\/www.hoymercedes.com.ar\/principal\/wp-json\/wp\/v2\/comments?post=201542"}],"version-history":[{"count":1,"href":"https:\/\/www.hoymercedes.com.ar\/principal\/wp-json\/wp\/v2\/posts\/201542\/revisions"}],"predecessor-version":[{"id":201544,"href":"https:\/\/www.hoymercedes.com.ar\/principal\/wp-json\/wp\/v2\/posts\/201542\/revisions\/201544"}],"wp:featuredmedia":[{"embeddable":true,"href":"https:\/\/www.hoymercedes.com.ar\/principal\/wp-json\/wp\/v2\/media\/201543"}],"wp:attachment":[{"href":"https:\/\/www.hoymercedes.com.ar\/principal\/wp-json\/wp\/v2\/media?parent=201542"}],"wp:term":[{"taxonomy":"category","embeddable":true,"href":"https:\/\/www.hoymercedes.com.ar\/principal\/wp-json\/wp\/v2\/categories?post=201542"},{"taxonomy":"post_tag","embeddable":true,"href":"https:\/\/www.hoymercedes.com.ar\/principal\/wp-json\/wp\/v2\/tags?post=201542"}],"curies":[{"name":"wp","href":"https:\/\/api.w.org\/{rel}","templated":true}]}}