{"id":201547,"date":"2026-09-05T18:52:00","date_gmt":"2026-09-05T21:52:00","guid":{"rendered":"https:\/\/www.hoymercedes.com.ar\/principal\/?p=201547"},"modified":"2026-09-04T20:53:53","modified_gmt":"2026-09-04T23:53:53","slug":"mercedes-celebra-el-dia-del-scout-con-una-historia-que-comenzo-hace-mas-de-un-siglo","status":"publish","type":"post","link":"https:\/\/www.hoymercedes.com.ar\/principal\/2026\/09\/05\/mercedes-celebra-el-dia-del-scout-con-una-historia-que-comenzo-hace-mas-de-un-siglo\/","title":{"rendered":"Mercedes celebra el D\u00eda del Scout con una historia que comenz\u00f3 hace m\u00e1s de un siglo"},"content":{"rendered":"\n<figure class=\"wp-block-image size-large\"><img loading=\"lazy\" decoding=\"async\" width=\"1024\" height=\"576\" data-attachment-id=\"201548\" data-permalink=\"https:\/\/www.hoymercedes.com.ar\/principal\/2026\/09\/05\/mercedes-celebra-el-dia-del-scout-con-una-historia-que-comenzo-hace-mas-de-un-siglo\/image-1067\/#main\" data-orig-file=\"https:\/\/www.hoymercedes.com.ar\/principal\/wp-content\/uploads\/2026\/09\/image-23.png\" data-orig-size=\"1440,810\" data-comments-opened=\"0\" data-image-title=\"image\" data-image-description=\"\" data-image-caption=\"\" data-large-file=\"https:\/\/www.hoymercedes.com.ar\/principal\/wp-content\/uploads\/2026\/09\/image-23-1024x576.png\" src=\"https:\/\/www.hoymercedes.com.ar\/principal\/wp-content\/uploads\/2026\/09\/image-23-1024x576.png\" alt=\"\" class=\"wp-image-201548\" srcset=\"https:\/\/www.hoymercedes.com.ar\/principal\/wp-content\/uploads\/2026\/09\/image-23-1024x576.png 1024w, https:\/\/www.hoymercedes.com.ar\/principal\/wp-content\/uploads\/2026\/09\/image-23-150x84.png 150w, https:\/\/www.hoymercedes.com.ar\/principal\/wp-content\/uploads\/2026\/09\/image-23-630x354.png 630w, https:\/\/www.hoymercedes.com.ar\/principal\/wp-content\/uploads\/2026\/09\/image-23.png 1440w\" sizes=\"auto, (max-width: 1024px) 100vw, 1024px\" \/><\/figure>\n\n\n\n<p class=\"wp-block-paragraph\">Cada <strong>5 de septiembre<\/strong> se conmemora el <strong>D\u00eda del Scout<\/strong>, una fecha incorporada al calendario escolar a partir de una resoluci\u00f3n del Consejo de Educaci\u00f3n de la Naci\u00f3n de <strong>1939<\/strong>. En Mercedes, la actividad scout cuenta con antecedentes que se remontan a <strong>1915<\/strong>.<\/p>\n\n\n\n<p class=\"wp-block-paragraph\">La revista <strong>El Baqueano<\/strong>, editada por la Confederaci\u00f3n de Boys Scouts Provinciales, mencion\u00f3 en su edici\u00f3n de junio de ese a\u00f1o a <strong>Mercedes y Jun\u00edn<\/strong> como algunas de las primeras ciudades bonaerenses en incorporar patrullas scouts en colegios vinculados con comunidades irlandesas.<\/p>\n\n\n\n<p class=\"wp-block-paragraph\"><strong>Primeras experiencias en la ciudad<\/strong><\/p>\n\n\n\n<p class=\"wp-block-paragraph\">Durante sus primeros a\u00f1os, el movimiento estuvo organizado por ramas diferenciadas para varones y mujeres. En escuelas privadas y cat\u00f3licas, muchas j\u00f3venes se incorporaron al movimiento de Gu\u00edas y luego asumieron tareas vinculadas con la rama de Lobatos, destinada a los ni\u00f1os m\u00e1s peque\u00f1os.<\/p>\n\n\n\n<p class=\"wp-block-paragraph\">En Mercedes existieron experiencias en el <strong>Colegio San Patricio<\/strong>, con actividades desarrolladas de manera discontinua, entre ellas las correspondientes a <strong>2002<\/strong> y al per\u00edodo <strong>2013-2016<\/strong>. Tambi\u00e9n hubo participaci\u00f3n de j\u00f3venes en el <strong>Colegio San Antonio<\/strong>.<\/p>\n\n\n\n<p class=\"wp-block-paragraph\">Uno de los primeros grupos mixtos fue el <strong>Grupo San Vicente de Paul<\/strong>, que en <strong>1990<\/strong> tom\u00f3 la decisi\u00f3n de integrar a ni\u00f1os y ni\u00f1as, y se ubic\u00f3 entre los primeros nueve grupos del pa\u00eds en adoptar esa modalidad.<\/p>\n\n\n\n<p class=\"wp-block-paragraph\"><strong>Los grupos pioneros<\/strong><\/p>\n\n\n\n<p class=\"wp-block-paragraph\">Entre <strong>1957 y 1960<\/strong>, la Casa del Ni\u00f1o, dependiente del Municipio de Mercedes, cont\u00f3 con una patrulla identificada como <strong>Grupo Scout N\u00b0 90 San Mamerto Esqui\u00fa<\/strong>. La iniciativa fue impulsada por el director de la instituci\u00f3n y sus integrantes participaron de campamentos junto con el grupo encabezado por <strong>Clemente Estevez<\/strong>. La actividad finaliz\u00f3 cuando el responsable se jubil\u00f3.<\/p>\n\n\n\n<p class=\"wp-block-paragraph\">En <strong>1955<\/strong>, Estevez hab\u00eda creado el <strong>Grupo Scout N\u00b0 83 San Jos\u00e9 Obrero<\/strong>, con sede en la parroquia hom\u00f3nima. La agrupaci\u00f3n fue considerada la primera formaci\u00f3n de scouts cat\u00f3licos con reconocimiento formal en Mercedes y logr\u00f3 sostener sus actividades durante varios a\u00f1os. Una experiencia similar se retom\u00f3 entre <strong>2013 y 2018<\/strong>.<\/p>\n\n\n\n<p class=\"wp-block-paragraph\">La evoluci\u00f3n de ese grupo fue reflejada por la prensa local. En marzo de <strong>1956<\/strong>, el diario <em>El Oeste<\/em> public\u00f3 un art\u00edculo sobre la historia del movimiento scout y las actividades que se desarrollaban en la ciudad, entre ellas los preparativos para reunir fondos destinados a la compra de uniformes y la participaci\u00f3n en el desfile del 25 de Mayo.<\/p>\n\n\n\n<p class=\"wp-block-paragraph\"><strong>El Grupo San Vicente de Paul<\/strong><\/p>\n\n\n\n<p class=\"wp-block-paragraph\">El <strong>20 de mayo de 1977<\/strong>, bajo el patrocinio de la Uni\u00f3n Scouts Cat\u00f3licos Argentinos, se form\u00f3 el <strong>Grupo Scout N\u00b0 402 San Vicente de Paul<\/strong>, cuyo primer dirigente fue el escribano <strong>Jos\u00e9 \u00c1ngel Gonz\u00e1lez Rodr\u00edguez<\/strong>.<\/p>\n\n\n\n<p class=\"wp-block-paragraph\">Sus primeras actividades se realizaron en distintos espacios vinculados con la Iglesia, como Villa Anunciaci\u00f3n, la Estancia Santa Mar\u00eda de San Jacinto y el Hogar Torello. Con el tiempo, el grupo pas\u00f3 por otras sedes hasta que obtuvo un terreno cedido por el Municipio durante la gesti\u00f3n del intendente <strong>Julio C\u00e9sar Gioscio<\/strong>, en <strong>calle 101 y 26 bis<\/strong>.<\/p>\n\n\n\n<p class=\"wp-block-paragraph\">La sede fue construida mediante el trabajo de las familias de los scouts, con el acompa\u00f1amiento del Obispado y de Gendarmer\u00eda. La agrupaci\u00f3n mantiene sus actividades de manera ininterrumpida y en <strong>2027 cumplir\u00e1 50 a\u00f1os<\/strong>.<\/p>\n\n\n\n<p class=\"wp-block-paragraph\"><strong>Una jornada por el 50\u00b0 aniversario<\/strong><\/p>\n\n\n\n<p class=\"wp-block-paragraph\">En el marco de esa celebraci\u00f3n, este s\u00e1bado <strong>5 de septiembre<\/strong> se realizar\u00e1 la actividad <strong>\u201cCacer\u00eda del 50\u00b0 aniversario\u201d<\/strong>.<\/p>\n\n\n\n<p class=\"wp-block-paragraph\">Lobatos, scouts, raiders, rovers, dirigentes y familias partir\u00e1n desde la sede del grupo para recorrer distintos lugares relacionados con su historia. La propuesta finalizar\u00e1 con actividades en la <strong>Plaza San Mart\u00edn<\/strong>, desde las <strong>17<\/strong>.<\/p>\n\n\n\n<p class=\"wp-block-paragraph\"><strong>M\u00e1s grupos y experiencias<\/strong><\/p>\n\n\n\n<p class=\"wp-block-paragraph\">En <strong>2001<\/strong>, durante la jefatura de <strong>Alberto Navarrete<\/strong>, se form\u00f3 el <strong>Grupo Scout N\u00b0 16 Nuestra Se\u00f1ora de las Mercedes<\/strong>, con sede administrativa en el sal\u00f3n parroquial de la Catedral, en <strong>calle 22 N\u00b0 674<\/strong>. La agrupaci\u00f3n funcion\u00f3 durante algunos a\u00f1os.<\/p>\n\n\n\n<p class=\"wp-block-paragraph\">La parroquia <strong>San Vicente de Paul<\/strong> tambi\u00e9n cont\u00f3 con distintos grupos en los per\u00edodos <strong>2004-2005<\/strong> y <strong>2019-2025<\/strong>, cuando funcion\u00f3 el <strong>Grupo Scout Aprisco<\/strong>, a cargo de <strong>Mariano Berm\u00fadez<\/strong>.<\/p>\n\n\n\n<p class=\"wp-block-paragraph\">En tanto, en la parroquia <strong>Sagrado Coraz\u00f3n<\/strong> se cre\u00f3 un grupo en <strong>2007<\/strong>, que traslad\u00f3 sus actividades al <strong>CIC<\/strong> entre <strong>2010 y 2011<\/strong>, bajo la conducci\u00f3n de <strong>Gustavo Marcel<\/strong>.<\/p>\n\n\n\n<p class=\"wp-block-paragraph\">La propuesta scout combina el contacto con la naturaleza, la vida comunitaria, el ejercicio de responsabilidades, una pedagog\u00eda activa y un sistema progresivo de aprendizaje. A lo largo de los a\u00f1os, numerosos ni\u00f1os, ni\u00f1as y j\u00f3venes que participaron de los grupos de Mercedes continuaron vinculados con organizaciones sociales y comunitarias, o asumieron tareas de dirigencia para sostener el movimiento.<\/p>\n","protected":false},"excerpt":{"rendered":"<p>Cada 5 de septiembre se conmemora el D\u00eda del Scout, una fecha incorporada al calendario escolar a partir de una &#8230; <a title=\"Mercedes celebra el D\u00eda del Scout con una historia que comenz\u00f3 hace m\u00e1s de un siglo\" class=\"read-more\" href=\"https:\/\/www.hoymercedes.com.ar\/principal\/2026\/09\/05\/mercedes-celebra-el-dia-del-scout-con-una-historia-que-comenzo-hace-mas-de-un-siglo\/\" aria-label=\"Leer m\u00e1s sobre Mercedes celebra el D\u00eda del Scout con una historia que comenz\u00f3 hace m\u00e1s de un siglo\">Leer m\u00e1s<\/a><\/p>\n","protected":false},"author":1,"featured_media":201548,"comment_status":"closed","ping_status":"open","sticky":false,"template":"","format":"standard","meta":{"_monsterinsights_skip_tracking":false,"_jetpack_newsletter_access":"","_jetpack_dont_email_post_to_subs":false,"_jetpack_newsletter_tier_id":0,"_jetpack_memberships_contains_paywalled_content":false,"_jetpack_feature_clip_id":0,"_jetpack_memberships_contains_paid_content":false,"footnotes":"","jetpack_publicize_message":"{title}\n\n{excerpt}\n\n{url}","jetpack_publicize_feature_enabled":true,"jetpack_social_post_already_shared":true,"jetpack_social_options":{"image_generator_settings":{"template":"highway","default_image_id":0,"font":"","enabled":false},"version":2},"_wpas_customize_per_network":false,"jetpack_post_was_ever_published":false},"categories":[8],"tags":[],"class_list":["post-201547","post","type-post","status-publish","format-standard","has-post-thumbnail","hentry","category-sociedad","generate-columns","tablet-grid-50","mobile-grid-100","grid-parent","grid-50"],"jetpack_publicize_connections":[],"wps_subtitle":"","jetpack_sharing_enabled":true,"jetpack_featured_media_url":"https:\/\/www.hoymercedes.com.ar\/principal\/wp-content\/uploads\/2026\/09\/image-23.png","_links":{"self":[{"href":"https:\/\/www.hoymercedes.com.ar\/principal\/wp-json\/wp\/v2\/posts\/201547","targetHints":{"allow":["GET"]}}],"collection":[{"href":"https:\/\/www.hoymercedes.com.ar\/principal\/wp-json\/wp\/v2\/posts"}],"about":[{"href":"https:\/\/www.hoymercedes.com.ar\/principal\/wp-json\/wp\/v2\/types\/post"}],"author":[{"embeddable":true,"href":"https:\/\/www.hoymercedes.com.ar\/principal\/wp-json\/wp\/v2\/users\/1"}],"replies":[{"embeddable":true,"href":"https:\/\/www.hoymercedes.com.ar\/principal\/wp-json\/wp\/v2\/comments?post=201547"}],"version-history":[{"count":1,"href":"https:\/\/www.hoymercedes.com.ar\/principal\/wp-json\/wp\/v2\/posts\/201547\/revisions"}],"predecessor-version":[{"id":201549,"href":"https:\/\/www.hoymercedes.com.ar\/principal\/wp-json\/wp\/v2\/posts\/201547\/revisions\/201549"}],"wp:featuredmedia":[{"embeddable":true,"href":"https:\/\/www.hoymercedes.com.ar\/principal\/wp-json\/wp\/v2\/media\/201548"}],"wp:attachment":[{"href":"https:\/\/www.hoymercedes.com.ar\/principal\/wp-json\/wp\/v2\/media?parent=201547"}],"wp:term":[{"taxonomy":"category","embeddable":true,"href":"https:\/\/www.hoymercedes.com.ar\/principal\/wp-json\/wp\/v2\/categories?post=201547"},{"taxonomy":"post_tag","embeddable":true,"href":"https:\/\/www.hoymercedes.com.ar\/principal\/wp-json\/wp\/v2\/tags?post=201547"}],"curies":[{"name":"wp","href":"https:\/\/api.w.org\/{rel}","templated":true}]}}