{"id":201550,"date":"2026-09-06T12:54:00","date_gmt":"2026-09-06T15:54:00","guid":{"rendered":"https:\/\/www.hoymercedes.com.ar\/principal\/?p=201550"},"modified":"2026-09-04T20:55:30","modified_gmt":"2026-09-04T23:55:30","slug":"educadores-palotinos-se-reunieron-en-mercedes-para-fortalecer-el-ideario-institucional","status":"publish","type":"post","link":"https:\/\/www.hoymercedes.com.ar\/principal\/2026\/09\/06\/educadores-palotinos-se-reunieron-en-mercedes-para-fortalecer-el-ideario-institucional\/","title":{"rendered":"Educadores palotinos se reunieron en Mercedes para fortalecer el ideario institucional"},"content":{"rendered":"\n<figure class=\"wp-block-image size-full\"><img loading=\"lazy\" decoding=\"async\" width=\"596\" height=\"346\" data-attachment-id=\"201551\" data-permalink=\"https:\/\/www.hoymercedes.com.ar\/principal\/2026\/09\/06\/educadores-palotinos-se-reunieron-en-mercedes-para-fortalecer-el-ideario-institucional\/image-1068\/#main\" data-orig-file=\"https:\/\/www.hoymercedes.com.ar\/principal\/wp-content\/uploads\/2026\/09\/image-24.png\" data-orig-size=\"596,346\" data-comments-opened=\"0\" data-image-title=\"image\" data-image-description=\"\" data-image-caption=\"\" data-large-file=\"https:\/\/www.hoymercedes.com.ar\/principal\/wp-content\/uploads\/2026\/09\/image-24.png\" src=\"https:\/\/www.hoymercedes.com.ar\/principal\/wp-content\/uploads\/2026\/09\/image-24.png\" alt=\"\" class=\"wp-image-201551\" srcset=\"https:\/\/www.hoymercedes.com.ar\/principal\/wp-content\/uploads\/2026\/09\/image-24.png 596w, https:\/\/www.hoymercedes.com.ar\/principal\/wp-content\/uploads\/2026\/09\/image-24-150x87.png 150w\" sizes=\"auto, (max-width: 596px) 100vw, 596px\" \/><\/figure>\n\n\n\n<p class=\"wp-block-paragraph\">Docentes y directivos de instituciones educativas de la <strong>comunidad palotina argentina<\/strong> participaron de una jornada de formaci\u00f3n pedag\u00f3gica y pastoral en el <strong>Colegio San Patricio de Mercedes<\/strong>.<\/p>\n\n\n\n<p class=\"wp-block-paragraph\">El encuentro se realiz\u00f3 el pasado <strong>29 de agosto<\/strong> y tuvo como objetivo profundizar los valores y principios que orientan el trabajo de las escuelas palotinas. El representante legal del establecimiento anfitri\u00f3n, <strong>padre Pablo Bocca<\/strong>, se\u00f1al\u00f3 que la propuesta busc\u00f3 \u201crescatar y profundizar los valores palotinos en nuestras escuelas\u201d.<\/p>\n\n\n\n<p class=\"wp-block-paragraph\"><strong>Formaci\u00f3n y espiritualidad<\/strong><\/p>\n\n\n\n<p class=\"wp-block-paragraph\">Las actividades de la ma\u00f1ana estuvieron coordinadas por el Consejo Nacional de la <strong>Uni\u00f3n del Apostolado Cat\u00f3lico (UAC)<\/strong>. Las exposiciones abordaron el carisma y la espiritualidad vinculados con la obra de <strong>San Vicente Pallotti<\/strong>, adem\u00e1s del perfil del educador a partir de tres pilares: <strong>confianza, libertad y caridad<\/strong>.<\/p>\n\n\n\n<p class=\"wp-block-paragraph\">Tambi\u00e9n se trabaj\u00f3 sobre el papel institucional de la UAC, una asociaci\u00f3n p\u00fablica internacional con presencia en <strong>56 pa\u00edses<\/strong>, la devoci\u00f3n mariana y la funci\u00f3n de la escuela como espacio de contenci\u00f3n afectiva y espiritual.<\/p>\n\n\n\n<p class=\"wp-block-paragraph\">La jornada se desarroll\u00f3 en un marco especial para la comunidad palotina, al cumplirse <strong>140 a\u00f1os de la llegada de los primeros religiosos palotinos a la Argentina<\/strong> y en v\u00edsperas del <strong>50\u00b0 aniversario de la Masacre de San Patricio<\/strong>, en la que fueron asesinados cinco integrantes de la congregaci\u00f3n.<\/p>\n\n\n\n<p class=\"wp-block-paragraph\"><strong>Trabajo colectivo<\/strong><\/p>\n\n\n\n<p class=\"wp-block-paragraph\">Durante la tarde, los participantes se organizaron en mesas de trabajo para analizar el rol docente frente a los desaf\u00edos actuales de la educaci\u00f3n.<\/p>\n\n\n\n<p class=\"wp-block-paragraph\">Las conclusiones destacaron que la tarea institucional no se limita a la ense\u00f1anza acad\u00e9mica, sino que tambi\u00e9n comprende el acompa\u00f1amiento, la escucha activa y la construcci\u00f3n de una comunidad escolar.<\/p>\n\n\n\n<p class=\"wp-block-paragraph\">Las actividades finalizaron con una misa en la <strong>Parroquia San Patricio<\/strong>. Actualmente, la red educativa palotina cuenta con <strong>ocho instituciones<\/strong> en la Argentina.<\/p>\n","protected":false},"excerpt":{"rendered":"<p>Docentes y directivos de instituciones educativas de la comunidad palotina argentina participaron de una jornada de formaci\u00f3n pedag\u00f3gica y pastoral &#8230; <a title=\"Educadores palotinos se reunieron en Mercedes para fortalecer el ideario institucional\" class=\"read-more\" href=\"https:\/\/www.hoymercedes.com.ar\/principal\/2026\/09\/06\/educadores-palotinos-se-reunieron-en-mercedes-para-fortalecer-el-ideario-institucional\/\" aria-label=\"Leer m\u00e1s sobre Educadores palotinos se reunieron en Mercedes para fortalecer el ideario institucional\">Leer m\u00e1s<\/a><\/p>\n","protected":false},"author":1,"featured_media":201551,"comment_status":"closed","ping_status":"open","sticky":false,"template":"","format":"standard","meta":{"_monsterinsights_skip_tracking":false,"_jetpack_newsletter_access":"","_jetpack_dont_email_post_to_subs":false,"_jetpack_newsletter_tier_id":0,"_jetpack_memberships_contains_paywalled_content":false,"_jetpack_feature_clip_id":0,"_jetpack_memberships_contains_paid_content":false,"footnotes":"","jetpack_publicize_message":"{title}\n\n{excerpt}\n\n{url}","jetpack_publicize_feature_enabled":true,"jetpack_social_post_already_shared":true,"jetpack_social_options":{"image_generator_settings":{"template":"highway","default_image_id":0,"font":"","enabled":false},"version":2},"_wpas_customize_per_network":false,"jetpack_post_was_ever_published":false},"categories":[8],"tags":[],"class_list":["post-201550","post","type-post","status-publish","format-standard","has-post-thumbnail","hentry","category-sociedad","generate-columns","tablet-grid-50","mobile-grid-100","grid-parent","grid-50"],"jetpack_publicize_connections":[],"wps_subtitle":"","jetpack_sharing_enabled":true,"jetpack_featured_media_url":"https:\/\/www.hoymercedes.com.ar\/principal\/wp-content\/uploads\/2026\/09\/image-24.png","_links":{"self":[{"href":"https:\/\/www.hoymercedes.com.ar\/principal\/wp-json\/wp\/v2\/posts\/201550","targetHints":{"allow":["GET"]}}],"collection":[{"href":"https:\/\/www.hoymercedes.com.ar\/principal\/wp-json\/wp\/v2\/posts"}],"about":[{"href":"https:\/\/www.hoymercedes.com.ar\/principal\/wp-json\/wp\/v2\/types\/post"}],"author":[{"embeddable":true,"href":"https:\/\/www.hoymercedes.com.ar\/principal\/wp-json\/wp\/v2\/users\/1"}],"replies":[{"embeddable":true,"href":"https:\/\/www.hoymercedes.com.ar\/principal\/wp-json\/wp\/v2\/comments?post=201550"}],"version-history":[{"count":1,"href":"https:\/\/www.hoymercedes.com.ar\/principal\/wp-json\/wp\/v2\/posts\/201550\/revisions"}],"predecessor-version":[{"id":201552,"href":"https:\/\/www.hoymercedes.com.ar\/principal\/wp-json\/wp\/v2\/posts\/201550\/revisions\/201552"}],"wp:featuredmedia":[{"embeddable":true,"href":"https:\/\/www.hoymercedes.com.ar\/principal\/wp-json\/wp\/v2\/media\/201551"}],"wp:attachment":[{"href":"https:\/\/www.hoymercedes.com.ar\/principal\/wp-json\/wp\/v2\/media?parent=201550"}],"wp:term":[{"taxonomy":"category","embeddable":true,"href":"https:\/\/www.hoymercedes.com.ar\/principal\/wp-json\/wp\/v2\/categories?post=201550"},{"taxonomy":"post_tag","embeddable":true,"href":"https:\/\/www.hoymercedes.com.ar\/principal\/wp-json\/wp\/v2\/tags?post=201550"}],"curies":[{"name":"wp","href":"https:\/\/api.w.org\/{rel}","templated":true}]}}