{"id":201553,"date":"2026-09-06T12:31:00","date_gmt":"2026-09-06T15:31:00","guid":{"rendered":"https:\/\/www.hoymercedes.com.ar\/principal\/?p=201553"},"modified":"2026-09-04T21:33:20","modified_gmt":"2026-09-05T00:33:20","slug":"santiago-sosa-fue-figura-y-vasco-da-gama-avanzo-a-las-semifinales-de-la-copa-de-brasil","status":"publish","type":"post","link":"https:\/\/www.hoymercedes.com.ar\/principal\/2026\/09\/06\/santiago-sosa-fue-figura-y-vasco-da-gama-avanzo-a-las-semifinales-de-la-copa-de-brasil\/","title":{"rendered":"Santiago Sosa fue figura y Vasco da Gama avanz\u00f3 a las semifinales de la Copa de Brasil"},"content":{"rendered":"\n<figure class=\"wp-block-image size-large\"><img loading=\"lazy\" decoding=\"async\" width=\"900\" height=\"506\" data-attachment-id=\"201555\" data-permalink=\"https:\/\/www.hoymercedes.com.ar\/principal\/2026\/09\/06\/santiago-sosa-fue-figura-y-vasco-da-gama-avanzo-a-las-semifinales-de-la-copa-de-brasil\/whatsapp-image-2026-09-04-at-21-26-38-2\/#main\" data-orig-file=\"https:\/\/www.hoymercedes.com.ar\/principal\/wp-content\/uploads\/2026\/09\/WhatsApp-Image-2026-09-04-at-21.26.38-edited.jpeg\" data-orig-size=\"900,506\" data-comments-opened=\"0\" data-image-title=\"WhatsApp Image 2026-09-04 at 21.26.38\" data-image-description=\"\" data-image-caption=\"\" data-large-file=\"https:\/\/www.hoymercedes.com.ar\/principal\/wp-content\/uploads\/2026\/09\/WhatsApp-Image-2026-09-04-at-21.26.38-edited.jpeg\" src=\"https:\/\/www.hoymercedes.com.ar\/principal\/wp-content\/uploads\/2026\/09\/WhatsApp-Image-2026-09-04-at-21.26.38-edited.jpeg\" alt=\"\" class=\"wp-image-201555\" srcset=\"https:\/\/www.hoymercedes.com.ar\/principal\/wp-content\/uploads\/2026\/09\/WhatsApp-Image-2026-09-04-at-21.26.38-edited.jpeg 900w, https:\/\/www.hoymercedes.com.ar\/principal\/wp-content\/uploads\/2026\/09\/WhatsApp-Image-2026-09-04-at-21.26.38-edited-630x354.jpeg 630w, https:\/\/www.hoymercedes.com.ar\/principal\/wp-content\/uploads\/2026\/09\/WhatsApp-Image-2026-09-04-at-21.26.38-edited-150x84.jpeg 150w\" sizes=\"auto, (max-width: 900px) 100vw, 900px\" \/><\/figure>\n\n\n\n<p class=\"wp-block-paragraph\">El argentino <strong>Santiago Sosa<\/strong> se consolid\u00f3 r\u00e1pidamente en <strong>Vasco da Gama<\/strong> y fue una de las figuras del triunfo por <strong>2-0 ante Vit\u00f3ria<\/strong>, resultado que le permiti\u00f3 al equipo carioca avanzar a las semifinales de la <strong>Copa de Brasil<\/strong>.<\/p>\n\n\n\n<p class=\"wp-block-paragraph\">A menos de un mes de su llegada, el exjugador de <strong>Racing<\/strong> se gan\u00f3 un lugar en el equipo dirigido por <strong>Pedro Emanuel<\/strong>. Su actuaci\u00f3n tambi\u00e9n fue reconocida por los hinchas, que lo eligieron como el mejor jugador del partido en una encuesta realizada por Globo Esporte.<\/p>\n\n\n\n<p class=\"wp-block-paragraph\"><strong>El reconocimiento del entrenador<\/strong><\/p>\n\n\n\n<p class=\"wp-block-paragraph\">Sosa volvi\u00f3 a desempe\u00f1arse como l\u00edbero, ubicado entre <strong>Cuesta<\/strong> y <strong>Robert Renan<\/strong>, desde donde colabor\u00f3 en la salida del equipo, control\u00f3 los avances de Vit\u00f3ria y permiti\u00f3 que los laterales Jos\u00e9 Rodr\u00edguez y Lucas Pit\u00f3n tuvieran mayor libertad para proyectarse.<\/p>\n\n\n\n<p class=\"wp-block-paragraph\">\u201cSosa es un jugador experimentado y de gran calidad, y aport\u00f3 algo importante: equilibrio y armon\u00eda a nuestro equipo\u201d, destac\u00f3 Pedro Emanuel.<\/p>\n\n\n\n<p class=\"wp-block-paragraph\">El t\u00e9cnico tambi\u00e9n valor\u00f3 su r\u00e1pida adaptaci\u00f3n: \u201cNo es f\u00e1cil llegar y, un mes despu\u00e9s, ya tener esta importancia en el equipo\u201d, se\u00f1al\u00f3. Adem\u00e1s, atribuy\u00f3 ese proceso a la humildad del futbolista, su capacidad para escuchar y comprender la cultura del club, y el trabajo realizado dentro de la cancha.<\/p>\n\n\n\n<p class=\"wp-block-paragraph\"><strong>Un inicio en ascenso<\/strong><\/p>\n\n\n\n<p class=\"wp-block-paragraph\">Sosa debut\u00f3 hace menos de tres semanas, cuando ingres\u00f3 ante <strong>Santos<\/strong> por la lesi\u00f3n de Jair. Desde entonces, fue titular en las victorias frente a <strong>Cruzeiro<\/strong>, por el Brasileirao, y ante Vit\u00f3ria, por la Copa de Brasil.<\/p>\n\n\n\n<p class=\"wp-block-paragraph\">\u201cCreo que seguir\u00e1 deleitando a nuestros hinchas con sus actuaciones\u201d, afirm\u00f3 Pedro Emanuel tras la clasificaci\u00f3n.<\/p>\n\n\n\n<p class=\"wp-block-paragraph\">Generado por Zapia.com, tu IA personal<\/p>\n","protected":false},"excerpt":{"rendered":"<p>El argentino Santiago Sosa se consolid\u00f3 r\u00e1pidamente en Vasco da Gama y fue una de las figuras del triunfo por &#8230; <a title=\"Santiago Sosa fue figura y Vasco da Gama avanz\u00f3 a las semifinales de la Copa de Brasil\" class=\"read-more\" href=\"https:\/\/www.hoymercedes.com.ar\/principal\/2026\/09\/06\/santiago-sosa-fue-figura-y-vasco-da-gama-avanzo-a-las-semifinales-de-la-copa-de-brasil\/\" aria-label=\"Leer m\u00e1s sobre Santiago Sosa fue figura y Vasco da Gama avanz\u00f3 a las semifinales de la Copa de Brasil\">Leer m\u00e1s<\/a><\/p>\n","protected":false},"author":1,"featured_media":201555,"comment_status":"closed","ping_status":"open","sticky":false,"template":"","format":"standard","meta":{"_monsterinsights_skip_tracking":false,"_jetpack_newsletter_access":"","_jetpack_dont_email_post_to_subs":false,"_jetpack_newsletter_tier_id":0,"_jetpack_memberships_contains_paywalled_content":false,"_jetpack_feature_clip_id":0,"_jetpack_memberships_contains_paid_content":false,"footnotes":"","jetpack_publicize_message":"{title}\n\n{excerpt}\n\n{url}","jetpack_publicize_feature_enabled":true,"jetpack_social_post_already_shared":true,"jetpack_social_options":{"image_generator_settings":{"template":"highway","default_image_id":0,"font":"","enabled":false},"version":2},"_wpas_customize_per_network":false,"jetpack_post_was_ever_published":false},"categories":[21],"tags":[],"class_list":["post-201553","post","type-post","status-publish","format-standard","has-post-thumbnail","hentry","category-deportes","generate-columns","tablet-grid-50","mobile-grid-100","grid-parent","grid-50"],"jetpack_publicize_connections":[],"wps_subtitle":"","jetpack_sharing_enabled":true,"jetpack_featured_media_url":"https:\/\/www.hoymercedes.com.ar\/principal\/wp-content\/uploads\/2026\/09\/WhatsApp-Image-2026-09-04-at-21.26.38-edited.jpeg","_links":{"self":[{"href":"https:\/\/www.hoymercedes.com.ar\/principal\/wp-json\/wp\/v2\/posts\/201553","targetHints":{"allow":["GET"]}}],"collection":[{"href":"https:\/\/www.hoymercedes.com.ar\/principal\/wp-json\/wp\/v2\/posts"}],"about":[{"href":"https:\/\/www.hoymercedes.com.ar\/principal\/wp-json\/wp\/v2\/types\/post"}],"author":[{"embeddable":true,"href":"https:\/\/www.hoymercedes.com.ar\/principal\/wp-json\/wp\/v2\/users\/1"}],"replies":[{"embeddable":true,"href":"https:\/\/www.hoymercedes.com.ar\/principal\/wp-json\/wp\/v2\/comments?post=201553"}],"version-history":[{"count":1,"href":"https:\/\/www.hoymercedes.com.ar\/principal\/wp-json\/wp\/v2\/posts\/201553\/revisions"}],"predecessor-version":[{"id":201556,"href":"https:\/\/www.hoymercedes.com.ar\/principal\/wp-json\/wp\/v2\/posts\/201553\/revisions\/201556"}],"wp:featuredmedia":[{"embeddable":true,"href":"https:\/\/www.hoymercedes.com.ar\/principal\/wp-json\/wp\/v2\/media\/201555"}],"wp:attachment":[{"href":"https:\/\/www.hoymercedes.com.ar\/principal\/wp-json\/wp\/v2\/media?parent=201553"}],"wp:term":[{"taxonomy":"category","embeddable":true,"href":"https:\/\/www.hoymercedes.com.ar\/principal\/wp-json\/wp\/v2\/categories?post=201553"},{"taxonomy":"post_tag","embeddable":true,"href":"https:\/\/www.hoymercedes.com.ar\/principal\/wp-json\/wp\/v2\/tags?post=201553"}],"curies":[{"name":"wp","href":"https:\/\/api.w.org\/{rel}","templated":true}]}}