{"id":2018,"date":"2011-02-04T15:19:55","date_gmt":"2011-02-04T15:19:55","guid":{"rendered":"http:\/\/www.hoymercedes.com.ar\/principal\/?p=2018"},"modified":"2011-02-04T15:19:55","modified_gmt":"2011-02-04T15:19:55","slug":"invitan-al-lanzamiento-de-kolina-mercedes","status":"publish","type":"post","link":"https:\/\/www.hoymercedes.com.ar\/principal\/2011\/02\/04\/invitan-al-lanzamiento-de-kolina-mercedes\/","title":{"rendered":"Invitan al lanzamiento de Kolina Mercedes"},"content":{"rendered":"<p style=\"text-align: justify;\">Desde el espacio pol\u00edtico Kolina af\u00edn a la MInistra Alicia Kirchner y que ya se ven\u00eda armando desde antes de la muerte del ex presidente N\u00e9stro Kirchner. En estos momentos se invita a la comunidad y a la prensa al acto de lanzamiento formal.<\/p>\n<p style=\"text-align: justify;\"><strong>Invitaci\u00f3n emitida por Kolina:<\/strong><\/p>\n<figure id=\"attachment_2020\" aria-describedby=\"caption-attachment-2020\" style=\"width: 290px\" class=\"wp-caption alignleft\"><a href=\"https:\/\/www.hoymercedes.com.ar\/principal\/wp-content\/uploads\/2011\/02\/Kolina.jpg\"><img loading=\"lazy\" decoding=\"async\" data-attachment-id=\"2020\" data-permalink=\"https:\/\/www.hoymercedes.com.ar\/principal\/2011\/02\/04\/invitan-al-lanzamiento-de-kolina-mercedes\/kolina\/#main\" data-orig-file=\"https:\/\/www.hoymercedes.com.ar\/principal\/wp-content\/uploads\/2011\/02\/Kolina.jpg\" data-orig-size=\"1532,822\" data-comments-opened=\"1\" data-image-meta=\"{&quot;aperture&quot;:&quot;0&quot;,&quot;credit&quot;:&quot;&quot;,&quot;camera&quot;:&quot;&quot;,&quot;caption&quot;:&quot;&quot;,&quot;created_timestamp&quot;:&quot;0&quot;,&quot;copyright&quot;:&quot;&quot;,&quot;focal_length&quot;:&quot;0&quot;,&quot;iso&quot;:&quot;0&quot;,&quot;shutter_speed&quot;:&quot;0&quot;,&quot;title&quot;:&quot;&quot;}\" data-image-title=\"Kolina\" data-image-description=\"\" data-image-caption=\"\" data-large-file=\"https:\/\/www.hoymercedes.com.ar\/principal\/wp-content\/uploads\/2011\/02\/Kolina-1024x549.jpg\" class=\"size-medium wp-image-2020\" title=\"Kolina\" src=\"https:\/\/www.hoymercedes.com.ar\/principal\/wp-content\/uploads\/2011\/02\/Kolina-300x160.jpg\" alt=\"\" width=\"300\" height=\"160\" srcset=\"https:\/\/www.hoymercedes.com.ar\/principal\/wp-content\/uploads\/2011\/02\/Kolina-300x160.jpg 300w, https:\/\/www.hoymercedes.com.ar\/principal\/wp-content\/uploads\/2011\/02\/Kolina-1024x549.jpg 1024w, https:\/\/www.hoymercedes.com.ar\/principal\/wp-content\/uploads\/2011\/02\/Kolina.jpg 1532w\" sizes=\"auto, (max-width: 300px) 100vw, 300px\" \/><\/a><figcaption id=\"caption-attachment-2020\" class=\"wp-caption-text\">Kolina Mercedes<\/figcaption><\/figure>\n<p style=\"text-align: justify;\">KOLINA nace como una herramienta de organizaci\u00f3n pol\u00edtica para apuntalar la construcci\u00f3n del proyecto nacional con la profundizaci\u00f3n de las transformaciones iniciadas por<\/p>\n<p style=\"text-align: justify;\">N\u00e9stor y Cristina, recreando los espacios de militancia en la acci\u00f3n cotidiana y estrat\u00e9gica.<\/p>\n<p style=\"text-align: justify;\">\u201cKOLINA es una corriente de uni\u00f3n, que defiende el cambio hacia un futuro mejor para todos.<\/p>\n<p style=\"text-align: justify;\">Una corriente de ideas que se contrapone a los intereses reaccionarios y que busca desarrollar un ejercicio multisectorial desde las bases de nuestra sociedad. Este proyecto hoy llevado a cabo por la Ministra<\/p>\n<p style=\"text-align: justify;\">Alicia Kirchner y\u00a0 a nivel local en la Conducci\u00f3n el Lic. Matias Galiani.<\/p>\n<p style=\"text-align: justify;\">El d\u00eca Martes 8 de Febrero se realizara el lanzamiento de \u00abKolina Mercedes\u201d, en dicho acto se encontraran presentes el Doc. Carlos Castagneto\u00a0 (Vice Ministro de Desarrollo Social), Sr. Hector Meton (INAES),<\/p>\n<p style=\"text-align: justify;\">Lic. Alberto Gandulfo (Microcreditos),Doc. Gabriel Monzon (Senado), y el Lic. Matias Galiani, se realizara en Club Velez , cito en calle 15 y 4 a partir de las 19 Hs, esperamos contar con su presencia.<\/p>\n<p style=\"text-align: justify;\">Desde ya muchas gracias<\/p>\n","protected":false},"excerpt":{"rendered":"<p>Desde el espacio pol\u00edtico Kolina af\u00edn a la MInistra Alicia Kirchner y que ya se ven\u00eda armando desde antes de &#8230; <a title=\"Invitan al lanzamiento de Kolina Mercedes\" class=\"read-more\" href=\"https:\/\/www.hoymercedes.com.ar\/principal\/2011\/02\/04\/invitan-al-lanzamiento-de-kolina-mercedes\/\" aria-label=\"Leer m\u00e1s sobre Invitan al lanzamiento de Kolina Mercedes\">Leer m\u00e1s<\/a><\/p>\n","protected":false},"author":1,"featured_media":0,"comment_status":"open","ping_status":"open","sticky":false,"template":"","format":"standard","meta":{"_monsterinsights_skip_tracking":false,"_monsterinsights_sitenote_active":false,"_monsterinsights_sitenote_note":"","_monsterinsights_sitenote_category":0,"jetpack_post_was_ever_published":false,"_jetpack_newsletter_access":"","_jetpack_dont_email_post_to_subs":false,"_jetpack_newsletter_tier_id":0,"_jetpack_memberships_contains_paywalled_content":false,"_jetpack_memberships_contains_paid_content":false,"footnotes":"","jetpack_publicize_message":"","jetpack_publicize_feature_enabled":true,"jetpack_social_post_already_shared":false,"jetpack_social_options":{"image_generator_settings":{"template":"highway","default_image_id":0,"font":"","enabled":false},"version":2},"_wpas_customize_per_network":false},"categories":[5],"tags":[439],"class_list":["post-2018","post","type-post","status-publish","format-standard","hentry","category-politica","tag-kolina-mercedes","generate-columns","tablet-grid-50","mobile-grid-100","grid-parent","grid-50"],"jetpack_publicize_connections":[],"jetpack_featured_media_url":"","wps_subtitle":"","jetpack_sharing_enabled":true,"_links":{"self":[{"href":"https:\/\/www.hoymercedes.com.ar\/principal\/wp-json\/wp\/v2\/posts\/2018","targetHints":{"allow":["GET"]}}],"collection":[{"href":"https:\/\/www.hoymercedes.com.ar\/principal\/wp-json\/wp\/v2\/posts"}],"about":[{"href":"https:\/\/www.hoymercedes.com.ar\/principal\/wp-json\/wp\/v2\/types\/post"}],"author":[{"embeddable":true,"href":"https:\/\/www.hoymercedes.com.ar\/principal\/wp-json\/wp\/v2\/users\/1"}],"replies":[{"embeddable":true,"href":"https:\/\/www.hoymercedes.com.ar\/principal\/wp-json\/wp\/v2\/comments?post=2018"}],"version-history":[{"count":0,"href":"https:\/\/www.hoymercedes.com.ar\/principal\/wp-json\/wp\/v2\/posts\/2018\/revisions"}],"wp:attachment":[{"href":"https:\/\/www.hoymercedes.com.ar\/principal\/wp-json\/wp\/v2\/media?parent=2018"}],"wp:term":[{"taxonomy":"category","embeddable":true,"href":"https:\/\/www.hoymercedes.com.ar\/principal\/wp-json\/wp\/v2\/categories?post=2018"},{"taxonomy":"post_tag","embeddable":true,"href":"https:\/\/www.hoymercedes.com.ar\/principal\/wp-json\/wp\/v2\/tags?post=2018"}],"curies":[{"name":"wp","href":"https:\/\/api.w.org\/{rel}","templated":true}]}}