{"id":20186,"date":"2013-02-28T00:23:58","date_gmt":"2013-02-28T00:23:58","guid":{"rendered":"http:\/\/www.hoymercedes.com.ar\/principal\/?p=20186"},"modified":"2013-02-28T00:24:08","modified_gmt":"2013-02-28T00:24:08","slug":"selva-la-autopista-mercedes-lujan-es-un-mal-endemico","status":"publish","type":"post","link":"https:\/\/www.hoymercedes.com.ar\/principal\/2013\/02\/28\/selva-la-autopista-mercedes-lujan-es-un-mal-endemico\/","title":{"rendered":"Selva: \u00abLa autopista Mercedes &#8211; Luj\u00e1n es un mal end\u00e9mico\u00bb"},"content":{"rendered":"<figure id=\"attachment_20188\" aria-describedby=\"caption-attachment-20188\" style=\"width: 608px\" class=\"wp-caption aligncenter\"><a href=\"https:\/\/www.hoymercedes.com.ar\/principal\/wp-content\/uploads\/2013\/02\/Selva-Carlos.jpg\"><img loading=\"lazy\" decoding=\"async\" data-attachment-id=\"20188\" data-permalink=\"https:\/\/www.hoymercedes.com.ar\/principal\/2013\/02\/28\/selva-la-autopista-mercedes-lujan-es-un-mal-endemico\/sanyo-digital-camera-15\/#main\" data-orig-file=\"https:\/\/www.hoymercedes.com.ar\/principal\/wp-content\/uploads\/2013\/02\/Selva-Carlos.jpg\" data-orig-size=\"618,166\" data-comments-opened=\"1\" data-image-meta=\"{&quot;aperture&quot;:&quot;2.8&quot;,&quot;credit&quot;:&quot;&quot;,&quot;camera&quot;:&quot;S770&quot;,&quot;caption&quot;:&quot;&quot;,&quot;created_timestamp&quot;:&quot;1200443016&quot;,&quot;copyright&quot;:&quot;&quot;,&quot;focal_length&quot;:&quot;5.8&quot;,&quot;iso&quot;:&quot;200&quot;,&quot;shutter_speed&quot;:&quot;0.025&quot;,&quot;title&quot;:&quot;SANYO DIGITAL CAMERA&quot;}\" data-image-title=\"Carlos Selva &amp;#8211;  Intendente Mercedes\" data-image-description=\"&lt;p&gt;Carlos Selva &amp;#8211;  Intendente Mercedes&lt;\/p&gt;\n\" data-image-caption=\"&lt;p&gt;Carlos Selva &amp;#8211;  Intendente Mercedes&lt;\/p&gt;\n\" data-large-file=\"https:\/\/www.hoymercedes.com.ar\/principal\/wp-content\/uploads\/2013\/02\/Selva-Carlos.jpg\" class=\"size-full wp-image-20188\" alt=\"Carlos Selva -  Intendente Mercedes\" src=\"https:\/\/www.hoymercedes.com.ar\/principal\/wp-content\/uploads\/2013\/02\/Selva-Carlos.jpg\" width=\"618\" height=\"166\" \/><\/a><figcaption id=\"caption-attachment-20188\" class=\"wp-caption-text\">Carlos Selva &#8211; Intendente Mercedes\u00a0<\/figcaption><\/figure>\n<p><strong><em>De esa manera categ\u00f3rica se manifest\u00f3 el intendente local, Carlos Selva, ante el sitio de noticias \u00abAgencia la provincia\u00bb. El di\u00e1logo incluy\u00f3 su opini\u00f3n sobre diversas rutas. \u201cNosotros tenemos dos rutas principales que hacen un punto de encuentro que ha servido hasta para el desarrollo de la ciudad de Mercedes, la intersecci\u00f3n de la ruta nacional n\u00famero 5 y la ruta provincial 41\u201d, declar\u00f3 al sitio de noticias.<\/em><\/strong><\/p>\n<p>Adem\u00e1s afirm\u00f3: <em>\u201cSi hablo de la ruta 41, hay un estado muy complicado en el tramo Mercedes-San Antonio de Areco que se hab\u00eda hecho un trabajo muy interesante hace dos a\u00f1os atr\u00e1s en el tramo Mercedes-Giles y que lamentablemente -por falta de controles de peso- volvi\u00f3 a tener un deterioro bastante importante y, en las puertas de nuestra ciudad, tuvimos que lamentar un choque con cuatro personas fallecidas (\u2026) Lo cierto es que vialidad provincial hab\u00eda empezado a hacer un peque\u00f1o bacheo, se hab\u00eda empezado con el corte de pasto de banquina y nosotros firmamos un convenio para la colocaci\u00f3n de una balanza en nuestra intersecci\u00f3n; solamente estamos esperando la instrumentaci\u00f3n a cargo del municipio. De tres reclamos que hemos hecho, no en la magnitud de fondo que necesita la ruta 41, que van por otros andariveles, se hab\u00eda empezado a dar respuesta a trav\u00e9s de una reuni\u00f3n mantenida con el doctor Curetti. (\u2026) Estamos esperando la colocaci\u00f3n de una balanza en nuestro distrito. Su estado requiere de inversiones en el tramo San Antonio de Areco-Mercedes y en toda la trama\u201d<\/em><\/p>\n<p>En relaci\u00f3n a la autov\u00eda Mercedes \u2013 Luj\u00e1n afirm\u00f3: <em>\u201cel problema es end\u00e9mico. Empezamos a pagar peaje en 1991, son 33 kil\u00f3metros. Desde hace m\u00e1s de 2 a\u00f1os est\u00e1 parada la finalizaci\u00f3n de la misma y hay 8 km pendientes que se pararon y est\u00e1 totalmente destruida la mano descendente Mercedes-Capital o Mercedes-Luj\u00e1n. Lo m\u00e1s grave es que no se termina de ver la uni\u00f3n de esta autopista con la autopista del Oeste y, lamentablemente, va a quedar trunco en lo que hace a utilizaci\u00f3n. Esta obra se empez\u00f3 en 1991 y nos preocupa que no se termine esta autopista que siempre tuvo peaje y no vemos la voluntad para quererla terminar\u201d<\/em><\/p>\n<p>De esta manera el jefe comunal dio su punto de vista respecto a la situaci\u00f3n problem\u00e1tica que tenemos en la zona en relaci\u00f3n a las rutas.<\/p>\n<p>La entrevista fue concedida por Selva a \u201c<a href=\"http:\/\/www.agencialaprovincia.info\/index.php?option=com_content&amp;view=article&amp;id=19763:la-autopista-mercedes-lujan-es-un-problema-endemico-aseguro-selva&amp;catid=23:audios-y-videos&amp;Itemid=28\" target=\"_blank\" rel=\"noopener\">Agencialaprovincia.info<\/a>\u201d<\/p>\n<p>&nbsp;<\/p>\n","protected":false},"excerpt":{"rendered":"<p>De esa manera categ\u00f3rica se manifest\u00f3 el intendente local, Carlos Selva, ante el sitio de noticias \u00abAgencia la provincia\u00bb. El &#8230; <a title=\"Selva: \u00abLa autopista Mercedes &#8211; Luj\u00e1n es un mal end\u00e9mico\u00bb\" class=\"read-more\" href=\"https:\/\/www.hoymercedes.com.ar\/principal\/2013\/02\/28\/selva-la-autopista-mercedes-lujan-es-un-mal-endemico\/\" aria-label=\"Leer m\u00e1s sobre Selva: \u00abLa autopista Mercedes &#8211; Luj\u00e1n es un mal end\u00e9mico\u00bb\">Leer m\u00e1s<\/a><\/p>\n","protected":false},"author":1,"featured_media":0,"comment_status":"open","ping_status":"open","sticky":false,"template":"","format":"standard","meta":{"_monsterinsights_skip_tracking":false,"_monsterinsights_sitenote_active":false,"_monsterinsights_sitenote_note":"","_monsterinsights_sitenote_category":0,"jetpack_post_was_ever_published":false,"_jetpack_newsletter_access":"","_jetpack_dont_email_post_to_subs":false,"_jetpack_newsletter_tier_id":0,"_jetpack_memberships_contains_paywalled_content":false,"_jetpack_memberships_contains_paid_content":false,"footnotes":"","jetpack_publicize_message":"","jetpack_publicize_feature_enabled":true,"jetpack_social_post_already_shared":false,"jetpack_social_options":{"image_generator_settings":{"template":"highway","default_image_id":0,"font":"","enabled":false},"version":2},"_wpas_customize_per_network":false},"categories":[5],"tags":[942,3245,538],"class_list":["post-20186","post","type-post","status-publish","format-standard","hentry","category-politica","tag-accidente-ruta-41","tag-carlos-selva-intendente-mercedes","tag-ruta-5","generate-columns","tablet-grid-50","mobile-grid-100","grid-parent","grid-50"],"jetpack_publicize_connections":[],"jetpack_featured_media_url":"","wps_subtitle":"","jetpack_sharing_enabled":true,"_links":{"self":[{"href":"https:\/\/www.hoymercedes.com.ar\/principal\/wp-json\/wp\/v2\/posts\/20186","targetHints":{"allow":["GET"]}}],"collection":[{"href":"https:\/\/www.hoymercedes.com.ar\/principal\/wp-json\/wp\/v2\/posts"}],"about":[{"href":"https:\/\/www.hoymercedes.com.ar\/principal\/wp-json\/wp\/v2\/types\/post"}],"author":[{"embeddable":true,"href":"https:\/\/www.hoymercedes.com.ar\/principal\/wp-json\/wp\/v2\/users\/1"}],"replies":[{"embeddable":true,"href":"https:\/\/www.hoymercedes.com.ar\/principal\/wp-json\/wp\/v2\/comments?post=20186"}],"version-history":[{"count":0,"href":"https:\/\/www.hoymercedes.com.ar\/principal\/wp-json\/wp\/v2\/posts\/20186\/revisions"}],"wp:attachment":[{"href":"https:\/\/www.hoymercedes.com.ar\/principal\/wp-json\/wp\/v2\/media?parent=20186"}],"wp:term":[{"taxonomy":"category","embeddable":true,"href":"https:\/\/www.hoymercedes.com.ar\/principal\/wp-json\/wp\/v2\/categories?post=20186"},{"taxonomy":"post_tag","embeddable":true,"href":"https:\/\/www.hoymercedes.com.ar\/principal\/wp-json\/wp\/v2\/tags?post=20186"}],"curies":[{"name":"wp","href":"https:\/\/api.w.org\/{rel}","templated":true}]}}