{"id":20241,"date":"2013-03-01T23:48:29","date_gmt":"2013-03-01T23:48:29","guid":{"rendered":"http:\/\/www.hoymercedes.com.ar\/principal\/?p=20241"},"modified":"2013-03-01T23:48:59","modified_gmt":"2013-03-01T23:48:59","slug":"obras-en-municipios-por-ahora-a-mercedes-no-le-tocaria","status":"publish","type":"post","link":"https:\/\/www.hoymercedes.com.ar\/principal\/2013\/03\/01\/obras-en-municipios-por-ahora-a-mercedes-no-le-tocaria\/","title":{"rendered":"Obras en municipios: Por ahora a Mercedes no le tocar\u00eda"},"content":{"rendered":"<p><em><strong>Seg\u00fan anunci\u00f3 el gobierno, se destinara alrededor de $500 millones para que los municipios puedan realizar obras. Suipacha ser\u00e1 uno de los beneficiados.<\/strong><\/em><\/p>\n<p>Un nuevo aporte desde el gobierno nacional llegar\u00e1 a algunos municipios bonaerenses, en donde sus intendentes se mostraron satisfechos por el aporte y cada uno hizo menci\u00f3n de las diferentes obras que pueden realizar gracias al acompa\u00f1amiento del gobierno nacional.<\/p>\n<p>Por su parte, el jefe comunal de Florencio Varela, Julio C\u00e9sar Pereyra, asegur\u00f3 que gracias al Plan M\u00e1s Cerca \u201csolucionaremos los problemas de desag\u00fces en una vasta zona de Florencio Varela\u201d.<\/p>\n<p>\u201cEstamos profundizando el modelo con m\u00e1s obras y mejor calidad de vida para nuestros vecinos, por eso apoyamos sin vueltas a la presidenta Cristina Fern\u00e1ndez de Kirchner\u201d.<\/p>\n<p>En tanto nuestra ciudad no se encuentra en la larga n\u00f3mina de los intendentes convocados.<\/p>\n<p>Los jefes comunales beneficiados son: de de Avellaneda (Jorge Ferraresi), Berazategui (Patricio Mussi), Campana (Stella Maris Giroldi), Ca\u00f1uelas (Marisa Fassy), Chacabuco ( Mauricio Barrientos), Florencio Varela (Julio C\u00e9sar Pereyra), General Lamadrid (Juan Carlos Pellita), General Pinto (Alexis Guerrera), General Rodr\u00edguez (Juan Pablo Anghileri), General San Mart\u00edn (Gabriel Katopodis), Ituzaing\u00f3 (Alberto Descalzo), Jos\u00e9 C. Paz (Carlos Urquiaga), La Costa (juan De Jes\u00fas), La Matanza (Fernando Espinoza), Lan\u00fas (Dar\u00edo D\u00edaz P\u00e9rez), Lobos (Gustavo Sobrero), Marcos Paz (Ricardo Pedro Curutchet), Merlo (Ra\u00fal Othacehe), Moreno (Mariano West), Necochea (Horacio Tellechea), Pehuaj\u00f3 (Pablo Zurro), Presidente Per\u00f3n (An\u00edbal Regueiro), Punta Indio (Hern\u00e1n Izurieta), Quilmes (Francisco Guti\u00e9rrez), Roque P\u00e9rez (Juan Carlos Gasparini), Saavedra (Alejandro Corvatta), San Antonio de Areco (Francisco Dura\u00f1ona), Suipacha (Juan Antonio Delfino), Villa Gesell (Jorge Rodr\u00edguez Erneta) y Villarino (Patricia Cobello).<\/p>\n","protected":false},"excerpt":{"rendered":"<p>Seg\u00fan anunci\u00f3 el gobierno, se destinara alrededor de $500 millones para que los municipios puedan realizar obras. Suipacha ser\u00e1 uno &#8230; <a title=\"Obras en municipios: Por ahora a Mercedes no le tocar\u00eda\" class=\"read-more\" href=\"https:\/\/www.hoymercedes.com.ar\/principal\/2013\/03\/01\/obras-en-municipios-por-ahora-a-mercedes-no-le-tocaria\/\" aria-label=\"Leer m\u00e1s sobre Obras en municipios: Por ahora a Mercedes no le tocar\u00eda\">Leer m\u00e1s<\/a><\/p>\n","protected":false},"author":1,"featured_media":0,"comment_status":"open","ping_status":"open","sticky":false,"template":"","format":"standard","meta":{"_monsterinsights_skip_tracking":false,"_monsterinsights_sitenote_active":false,"_monsterinsights_sitenote_note":"","_monsterinsights_sitenote_category":0,"jetpack_post_was_ever_published":false,"_jetpack_newsletter_access":"","_jetpack_dont_email_post_to_subs":false,"_jetpack_newsletter_tier_id":0,"_jetpack_memberships_contains_paywalled_content":false,"_jetpack_memberships_contains_paid_content":false,"footnotes":"","jetpack_publicize_message":"","jetpack_publicize_feature_enabled":true,"jetpack_social_post_already_shared":false,"jetpack_social_options":{"image_generator_settings":{"template":"highway","default_image_id":0,"font":"","enabled":false},"version":2},"_wpas_customize_per_network":false},"categories":[5],"tags":[3252],"class_list":["post-20241","post","type-post","status-publish","format-standard","hentry","category-politica","tag-obras-en-municipios","generate-columns","tablet-grid-50","mobile-grid-100","grid-parent","grid-50"],"jetpack_publicize_connections":[],"jetpack_featured_media_url":"","wps_subtitle":"","jetpack_sharing_enabled":true,"_links":{"self":[{"href":"https:\/\/www.hoymercedes.com.ar\/principal\/wp-json\/wp\/v2\/posts\/20241","targetHints":{"allow":["GET"]}}],"collection":[{"href":"https:\/\/www.hoymercedes.com.ar\/principal\/wp-json\/wp\/v2\/posts"}],"about":[{"href":"https:\/\/www.hoymercedes.com.ar\/principal\/wp-json\/wp\/v2\/types\/post"}],"author":[{"embeddable":true,"href":"https:\/\/www.hoymercedes.com.ar\/principal\/wp-json\/wp\/v2\/users\/1"}],"replies":[{"embeddable":true,"href":"https:\/\/www.hoymercedes.com.ar\/principal\/wp-json\/wp\/v2\/comments?post=20241"}],"version-history":[{"count":0,"href":"https:\/\/www.hoymercedes.com.ar\/principal\/wp-json\/wp\/v2\/posts\/20241\/revisions"}],"wp:attachment":[{"href":"https:\/\/www.hoymercedes.com.ar\/principal\/wp-json\/wp\/v2\/media?parent=20241"}],"wp:term":[{"taxonomy":"category","embeddable":true,"href":"https:\/\/www.hoymercedes.com.ar\/principal\/wp-json\/wp\/v2\/categories?post=20241"},{"taxonomy":"post_tag","embeddable":true,"href":"https:\/\/www.hoymercedes.com.ar\/principal\/wp-json\/wp\/v2\/tags?post=20241"}],"curies":[{"name":"wp","href":"https:\/\/api.w.org\/{rel}","templated":true}]}}