{"id":20245,"date":"2013-03-02T02:07:26","date_gmt":"2013-03-02T02:07:26","guid":{"rendered":"http:\/\/www.hoymercedes.com.ar\/principal\/?p=20245"},"modified":"2013-03-02T02:07:41","modified_gmt":"2013-03-02T02:07:41","slug":"carlos-selva-estuvo-en-la-legislatura-provincial","status":"publish","type":"post","link":"https:\/\/www.hoymercedes.com.ar\/principal\/2013\/03\/02\/carlos-selva-estuvo-en-la-legislatura-provincial\/","title":{"rendered":"Carlos Selva estuvo en la legislatura provincial"},"content":{"rendered":"<figure id=\"attachment_20247\" aria-describedby=\"caption-attachment-20247\" style=\"width: 608px\" class=\"wp-caption aligncenter\"><a href=\"https:\/\/www.hoymercedes.com.ar\/principal\/wp-content\/uploads\/2013\/03\/Selva-Rabolini.jpg\"><img loading=\"lazy\" decoding=\"async\" data-attachment-id=\"20247\" data-permalink=\"https:\/\/www.hoymercedes.com.ar\/principal\/2013\/03\/02\/carlos-selva-estuvo-en-la-legislatura-provincial\/selva-rabolini\/#main\" data-orig-file=\"https:\/\/www.hoymercedes.com.ar\/principal\/wp-content\/uploads\/2013\/03\/Selva-Rabolini.jpg\" data-orig-size=\"618,464\" data-comments-opened=\"1\" data-image-meta=\"{&quot;aperture&quot;:&quot;2.6&quot;,&quot;credit&quot;:&quot;&quot;,&quot;camera&quot;:&quot;GT-I9300&quot;,&quot;caption&quot;:&quot;&quot;,&quot;created_timestamp&quot;:&quot;1362170064&quot;,&quot;copyright&quot;:&quot;&quot;,&quot;focal_length&quot;:&quot;3.7&quot;,&quot;iso&quot;:&quot;100&quot;,&quot;shutter_speed&quot;:&quot;0.066666666666667&quot;,&quot;title&quot;:&quot;&quot;}\" data-image-title=\"Selva-Rabolini\" data-image-description=\"&lt;p&gt;Carlos Selva junto a Karina Robolini&lt;\/p&gt;\n\" data-image-caption=\"&lt;p&gt;Carlos Selva junto a Karina Robolini&lt;\/p&gt;\n\" data-large-file=\"https:\/\/www.hoymercedes.com.ar\/principal\/wp-content\/uploads\/2013\/03\/Selva-Rabolini.jpg\" class=\"size-full wp-image-20247\" alt=\"Carlos Selva junto a Karina Robolini\" src=\"https:\/\/www.hoymercedes.com.ar\/principal\/wp-content\/uploads\/2013\/03\/Selva-Rabolini.jpg\" width=\"618\" height=\"464\" \/><\/a><figcaption id=\"caption-attachment-20247\" class=\"wp-caption-text\">Carlos Selva junto a Karina Robolini<\/figcaption><\/figure>\n<p><em><strong>El intendente Carlos Selva estuvo presente en el inicio del ciclo legislativo 2013 de la provincia de Buenos Aires que llev\u00f3 adelante el gobernador Daniel Scioli. Al mediod\u00eda el gobernador hab\u00eda estado junto a la presidenta por eso su presentaci\u00f3n fue por la tarde. El primer mandatario local fue parte de aquellos que lo acompa\u00f1aron.\u00a0<\/strong><\/em><\/p>\n<p>El intendente Carlos Selva acompa\u00f1\u00f3 este viernes al gobernador Daniel Scioli en el acto de apertura de las sesiones ordinarias de la Legislatura bonaerense.<\/p>\n<p>El primer mandatario local fue uno de los invitados al acto de apertura de las sesiones ordinarias que se desarroll\u00f3 en la ciudad de La Plata. Selva tuvo la oportunidad de charlar con colegas intendentes, ministros y fue muy solicitado por los medios de prensa provinciales y nacionales, ya que lo establecen como un interlocutor v\u00e1lido dentro del PJ y adem\u00e1s como parte del armado de Sergio Massa. Adem\u00e1s estuvo con la presidenta de la Fundaci\u00f3n Banco Provincia y esposa del gobernador Scioli, Karina Rabollini. No es un dato menor, ya que en los \u00faltimos d\u00edas algunos medios provinciales lo colocaban a Selva como el principal gestor para la presencia de Rabollini en una lista junto a Massa.<\/p>\n<p>El gobernador bonaerense dio el discurso ante los diputados y senadores y ratific\u00f3 esta noche su \u00abcompromiso\u00bb de llevar adelante en 2013 \u00abuna gesti\u00f3n integrada al Gobierno nacional y los municipios\u00bb.<\/p>\n<p>\u00abEn 2011 la gente nos respald\u00f3 en las urnas de manera contundente para seguir trabajando en una gesti\u00f3n integrada con la Naci\u00f3n y los municipios. Ese es mi compromiso\u00bb, apunt\u00f3 el gobernador.<\/p>\n<p>Al inaugurar el periodo de sesiones ordinarias en la Legislatura bonaerense, el mandatario marc\u00f3 adem\u00e1s la necesidad de \u00abadecuar el federalismo fiscal\u00bb pero sin \u00abtironearnos entre provincias y el Gobierno nacional\u00bb.<\/p>\n<p>El gobernador habl\u00f3 de la educaci\u00f3n como \u201cla soluci\u00f3n de fondo de todos los problemas que enfrentamos y tambi\u00e9n la base para la inclusi\u00f3n social y la formaci\u00f3n de ciudadanos libres\u201d.<\/p>\n<p>Y, en un mensaje a los gremios docentes, afirm\u00f3: \u00abSoy un Gobernador que comprende los reclamos. Los entiendo y vamos \u00a0seguir trabajando para encontrar una soluci\u00f3n, ustedes m\u00e1s que nadie, saben la importancia que tiene cada d\u00eda de clases en un ni\u00f1o\u00bb.<\/p>\n","protected":false},"excerpt":{"rendered":"<p>El intendente Carlos Selva estuvo presente en el inicio del ciclo legislativo 2013 de la provincia de Buenos Aires que &#8230; <a title=\"Carlos Selva estuvo en la legislatura provincial\" class=\"read-more\" href=\"https:\/\/www.hoymercedes.com.ar\/principal\/2013\/03\/02\/carlos-selva-estuvo-en-la-legislatura-provincial\/\" aria-label=\"Leer m\u00e1s sobre Carlos Selva estuvo en la legislatura provincial\">Leer m\u00e1s<\/a><\/p>\n","protected":false},"author":1,"featured_media":0,"comment_status":"open","ping_status":"open","sticky":false,"template":"","format":"standard","meta":{"_monsterinsights_skip_tracking":false,"_monsterinsights_sitenote_active":false,"_monsterinsights_sitenote_note":"","_monsterinsights_sitenote_category":0,"jetpack_post_was_ever_published":false,"_jetpack_newsletter_access":"","_jetpack_dont_email_post_to_subs":false,"_jetpack_newsletter_tier_id":0,"_jetpack_memberships_contains_paywalled_content":false,"_jetpack_memberships_contains_paid_content":false,"footnotes":"","jetpack_publicize_message":"","jetpack_publicize_feature_enabled":true,"jetpack_social_post_already_shared":false,"jetpack_social_options":{"image_generator_settings":{"template":"highway","default_image_id":0,"font":"","enabled":false},"version":2},"_wpas_customize_per_network":false},"categories":[5],"tags":[39,3253],"class_list":["post-20245","post","type-post","status-publish","format-standard","hentry","category-politica","tag-carlos-selva","tag-karina-rabolina","generate-columns","tablet-grid-50","mobile-grid-100","grid-parent","grid-50"],"jetpack_publicize_connections":[],"jetpack_featured_media_url":"","wps_subtitle":"","jetpack_sharing_enabled":true,"_links":{"self":[{"href":"https:\/\/www.hoymercedes.com.ar\/principal\/wp-json\/wp\/v2\/posts\/20245","targetHints":{"allow":["GET"]}}],"collection":[{"href":"https:\/\/www.hoymercedes.com.ar\/principal\/wp-json\/wp\/v2\/posts"}],"about":[{"href":"https:\/\/www.hoymercedes.com.ar\/principal\/wp-json\/wp\/v2\/types\/post"}],"author":[{"embeddable":true,"href":"https:\/\/www.hoymercedes.com.ar\/principal\/wp-json\/wp\/v2\/users\/1"}],"replies":[{"embeddable":true,"href":"https:\/\/www.hoymercedes.com.ar\/principal\/wp-json\/wp\/v2\/comments?post=20245"}],"version-history":[{"count":0,"href":"https:\/\/www.hoymercedes.com.ar\/principal\/wp-json\/wp\/v2\/posts\/20245\/revisions"}],"wp:attachment":[{"href":"https:\/\/www.hoymercedes.com.ar\/principal\/wp-json\/wp\/v2\/media?parent=20245"}],"wp:term":[{"taxonomy":"category","embeddable":true,"href":"https:\/\/www.hoymercedes.com.ar\/principal\/wp-json\/wp\/v2\/categories?post=20245"},{"taxonomy":"post_tag","embeddable":true,"href":"https:\/\/www.hoymercedes.com.ar\/principal\/wp-json\/wp\/v2\/tags?post=20245"}],"curies":[{"name":"wp","href":"https:\/\/api.w.org\/{rel}","templated":true}]}}