{"id":20310,"date":"2013-03-05T00:24:43","date_gmt":"2013-03-05T00:24:43","guid":{"rendered":"http:\/\/www.hoymercedes.com.ar\/principal\/?p=20310"},"modified":"2013-03-05T00:25:22","modified_gmt":"2013-03-05T00:25:22","slug":"conmemoraran-el-dia-internacional-de-la-mujer-en-barrio-san-martin","status":"publish","type":"post","link":"https:\/\/www.hoymercedes.com.ar\/principal\/2013\/03\/05\/conmemoraran-el-dia-internacional-de-la-mujer-en-barrio-san-martin\/","title":{"rendered":"Conmemorar\u00e1n el D\u00eda Internacional de la Mujer en Barrio San Mart\u00edn"},"content":{"rendered":"<p><a href=\"https:\/\/www.hoymercedes.com.ar\/principal\/wp-content\/uploads\/2013\/03\/DiadelaMujer.jpg\"><img loading=\"lazy\" decoding=\"async\" data-attachment-id=\"20312\" data-permalink=\"https:\/\/www.hoymercedes.com.ar\/principal\/2013\/03\/05\/conmemoraran-el-dia-internacional-de-la-mujer-en-barrio-san-martin\/diadelamujer\/#main\" data-orig-file=\"https:\/\/www.hoymercedes.com.ar\/principal\/wp-content\/uploads\/2013\/03\/DiadelaMujer.jpg\" data-orig-size=\"618,464\" data-comments-opened=\"1\" data-image-meta=\"{&quot;aperture&quot;:&quot;0&quot;,&quot;credit&quot;:&quot;&quot;,&quot;camera&quot;:&quot;&quot;,&quot;caption&quot;:&quot;&quot;,&quot;created_timestamp&quot;:&quot;0&quot;,&quot;copyright&quot;:&quot;&quot;,&quot;focal_length&quot;:&quot;0&quot;,&quot;iso&quot;:&quot;0&quot;,&quot;shutter_speed&quot;:&quot;0&quot;,&quot;title&quot;:&quot;&quot;}\" data-image-title=\"DiadelaMujer\" data-image-description=\"\" data-image-caption=\"\" data-large-file=\"https:\/\/www.hoymercedes.com.ar\/principal\/wp-content\/uploads\/2013\/03\/DiadelaMujer.jpg\" class=\"aligncenter size-full wp-image-20312\" alt=\"DiadelaMujer\" src=\"https:\/\/www.hoymercedes.com.ar\/principal\/wp-content\/uploads\/2013\/03\/DiadelaMujer.jpg\" width=\"618\" height=\"464\" \/><\/a><\/p>\n<p><em><strong>La Agrupaci\u00f3n 17 de Octubre conmemorar\u00e1 el \u00abD\u00eda Internacional de la Mujer\u00bb este mi\u00e9rcoles 6 en el \u00e1mbito del Barrio San Mart\u00edn.<\/strong><\/em><\/p>\n<p>Desde la agrupaci\u00f3n pol\u00edtica comandada por el intendente Carlos Selva se conmemorar\u00e1 este mi\u00e9rcoles el \u00abD\u00eda Internacional de la Mujer\u00bb en el espacio de la Unidad B\u00e1sica Evita, de calle 2 y 75 ubicada en el Barrio San Mart\u00edn desde las 19hs.<\/p>\n<p>Se hace extensiva la invitaci\u00f3n a la barriada y a la comunidad.<\/p>\n","protected":false},"excerpt":{"rendered":"<p>La Agrupaci\u00f3n 17 de Octubre conmemorar\u00e1 el \u00abD\u00eda Internacional de la Mujer\u00bb este mi\u00e9rcoles 6 en el \u00e1mbito del Barrio &#8230; <a title=\"Conmemorar\u00e1n el D\u00eda Internacional de la Mujer en Barrio San Mart\u00edn\" class=\"read-more\" href=\"https:\/\/www.hoymercedes.com.ar\/principal\/2013\/03\/05\/conmemoraran-el-dia-internacional-de-la-mujer-en-barrio-san-martin\/\" aria-label=\"Leer m\u00e1s sobre Conmemorar\u00e1n el D\u00eda Internacional de la Mujer en Barrio San Mart\u00edn\">Leer m\u00e1s<\/a><\/p>\n","protected":false},"author":1,"featured_media":0,"comment_status":"open","ping_status":"open","sticky":false,"template":"","format":"standard","meta":{"_monsterinsights_skip_tracking":false,"_monsterinsights_sitenote_active":false,"_monsterinsights_sitenote_note":"","_monsterinsights_sitenote_category":0,"jetpack_post_was_ever_published":false,"_jetpack_newsletter_access":"","_jetpack_dont_email_post_to_subs":false,"_jetpack_newsletter_tier_id":0,"_jetpack_memberships_contains_paywalled_content":false,"_jetpack_memberships_contains_paid_content":false,"footnotes":"","jetpack_publicize_message":"","jetpack_publicize_feature_enabled":true,"jetpack_social_post_already_shared":false,"jetpack_social_options":{"image_generator_settings":{"template":"highway","default_image_id":0,"font":"","enabled":false},"version":2},"_wpas_customize_per_network":false},"categories":[5],"tags":[1041,541,3258],"class_list":["post-20310","post","type-post","status-publish","format-standard","hentry","category-politica","tag-barrio-san-martin","tag-dia-internacional-de-la-mujer","tag-unidad-basica-evita","generate-columns","tablet-grid-50","mobile-grid-100","grid-parent","grid-50"],"jetpack_publicize_connections":[],"jetpack_featured_media_url":"","wps_subtitle":"","jetpack_sharing_enabled":true,"_links":{"self":[{"href":"https:\/\/www.hoymercedes.com.ar\/principal\/wp-json\/wp\/v2\/posts\/20310","targetHints":{"allow":["GET"]}}],"collection":[{"href":"https:\/\/www.hoymercedes.com.ar\/principal\/wp-json\/wp\/v2\/posts"}],"about":[{"href":"https:\/\/www.hoymercedes.com.ar\/principal\/wp-json\/wp\/v2\/types\/post"}],"author":[{"embeddable":true,"href":"https:\/\/www.hoymercedes.com.ar\/principal\/wp-json\/wp\/v2\/users\/1"}],"replies":[{"embeddable":true,"href":"https:\/\/www.hoymercedes.com.ar\/principal\/wp-json\/wp\/v2\/comments?post=20310"}],"version-history":[{"count":0,"href":"https:\/\/www.hoymercedes.com.ar\/principal\/wp-json\/wp\/v2\/posts\/20310\/revisions"}],"wp:attachment":[{"href":"https:\/\/www.hoymercedes.com.ar\/principal\/wp-json\/wp\/v2\/media?parent=20310"}],"wp:term":[{"taxonomy":"category","embeddable":true,"href":"https:\/\/www.hoymercedes.com.ar\/principal\/wp-json\/wp\/v2\/categories?post=20310"},{"taxonomy":"post_tag","embeddable":true,"href":"https:\/\/www.hoymercedes.com.ar\/principal\/wp-json\/wp\/v2\/tags?post=20310"}],"curies":[{"name":"wp","href":"https:\/\/api.w.org\/{rel}","templated":true}]}}