{"id":20320,"date":"2013-03-05T01:04:15","date_gmt":"2013-03-05T01:04:15","guid":{"rendered":"http:\/\/www.hoymercedes.com.ar\/principal\/?p=20320"},"modified":"2013-03-05T01:04:21","modified_gmt":"2013-03-05T01:04:21","slug":"auto-impacta-contra-fachada-de-comercio","status":"publish","type":"post","link":"https:\/\/www.hoymercedes.com.ar\/principal\/2013\/03\/05\/auto-impacta-contra-fachada-de-comercio\/","title":{"rendered":"Auto impacta contra fachada de comercio"},"content":{"rendered":"<p><em><strong>El hecho sucedi\u00f3 la semana pasada, pero, por la magnitud del mismo no ha perdido importancia m\u00e1s cuando en la \u00faltima semana la ciudad ha sido testigo de varios accidentes. Un auto e se incrust\u00f3 contra la fachada de un comercio mercedino cuando no logr\u00f3 realizar la maniobra que deseaba.<\/strong><\/em><\/p>\n<p>Se trata del comercio ubicado en calle 18 entre 27 y 29 donde funciona una conocida \u00f3ptima propiedad de Silvina Rossi.<\/p>\n<p>Un auto Ford Ka circulaba por avenida 29 y decide hacer un giro en calle 18 y mientras realizaba la curva su conductor pierde el control del veh\u00edculo e impacta con el comercio.<\/p>\n<p>Lo importante es que no resultaron personas heridas. En cuanto al comercio sufri\u00f3 la ruptura de todo su frente.<\/p>\n<p>&nbsp;<\/p>\n<p>&nbsp;<\/p>\n<p>&nbsp;<\/p>\n","protected":false},"excerpt":{"rendered":"<p>El hecho sucedi\u00f3 la semana pasada, pero, por la magnitud del mismo no ha perdido importancia m\u00e1s cuando en la &#8230; <a title=\"Auto impacta contra fachada de comercio\" class=\"read-more\" href=\"https:\/\/www.hoymercedes.com.ar\/principal\/2013\/03\/05\/auto-impacta-contra-fachada-de-comercio\/\" aria-label=\"Leer m\u00e1s sobre Auto impacta contra fachada de comercio\">Leer m\u00e1s<\/a><\/p>\n","protected":false},"author":1,"featured_media":0,"comment_status":"open","ping_status":"open","sticky":false,"template":"","format":"standard","meta":{"_monsterinsights_skip_tracking":false,"_monsterinsights_sitenote_active":false,"_monsterinsights_sitenote_note":"","_monsterinsights_sitenote_category":0,"jetpack_post_was_ever_published":false,"_jetpack_newsletter_access":"","_jetpack_dont_email_post_to_subs":false,"_jetpack_newsletter_tier_id":0,"_jetpack_memberships_contains_paywalled_content":false,"_jetpack_memberships_contains_paid_content":false,"footnotes":"","jetpack_publicize_message":"","jetpack_publicize_feature_enabled":true,"jetpack_social_post_already_shared":false,"jetpack_social_options":{"image_generator_settings":{"template":"highway","default_image_id":0,"font":"","enabled":false},"version":2},"_wpas_customize_per_network":false},"categories":[85],"tags":[3260,3261],"class_list":["post-20320","post","type-post","status-publish","format-standard","hentry","category-policial","tag-choque","tag-optica-silvina-rossi","generate-columns","tablet-grid-50","mobile-grid-100","grid-parent","grid-50"],"jetpack_publicize_connections":[],"jetpack_featured_media_url":"","wps_subtitle":"","jetpack_sharing_enabled":true,"_links":{"self":[{"href":"https:\/\/www.hoymercedes.com.ar\/principal\/wp-json\/wp\/v2\/posts\/20320","targetHints":{"allow":["GET"]}}],"collection":[{"href":"https:\/\/www.hoymercedes.com.ar\/principal\/wp-json\/wp\/v2\/posts"}],"about":[{"href":"https:\/\/www.hoymercedes.com.ar\/principal\/wp-json\/wp\/v2\/types\/post"}],"author":[{"embeddable":true,"href":"https:\/\/www.hoymercedes.com.ar\/principal\/wp-json\/wp\/v2\/users\/1"}],"replies":[{"embeddable":true,"href":"https:\/\/www.hoymercedes.com.ar\/principal\/wp-json\/wp\/v2\/comments?post=20320"}],"version-history":[{"count":0,"href":"https:\/\/www.hoymercedes.com.ar\/principal\/wp-json\/wp\/v2\/posts\/20320\/revisions"}],"wp:attachment":[{"href":"https:\/\/www.hoymercedes.com.ar\/principal\/wp-json\/wp\/v2\/media?parent=20320"}],"wp:term":[{"taxonomy":"category","embeddable":true,"href":"https:\/\/www.hoymercedes.com.ar\/principal\/wp-json\/wp\/v2\/categories?post=20320"},{"taxonomy":"post_tag","embeddable":true,"href":"https:\/\/www.hoymercedes.com.ar\/principal\/wp-json\/wp\/v2\/tags?post=20320"}],"curies":[{"name":"wp","href":"https:\/\/api.w.org\/{rel}","templated":true}]}}