{"id":20324,"date":"2013-03-05T02:27:40","date_gmt":"2013-03-05T02:27:40","guid":{"rendered":"http:\/\/www.hoymercedes.com.ar\/principal\/?p=20324"},"modified":"2013-03-05T02:27:51","modified_gmt":"2013-03-05T02:27:51","slug":"gad-mercedes-participo-de-allanamientos-en-moreno-y-san-miguel","status":"publish","type":"post","link":"https:\/\/www.hoymercedes.com.ar\/principal\/2013\/03\/05\/gad-mercedes-participo-de-allanamientos-en-moreno-y-san-miguel\/","title":{"rendered":"GAD Mercedes particip\u00f3 de allanamientos en Moreno y San Miguel"},"content":{"rendered":"<figure id=\"attachment_20326\" aria-describedby=\"caption-attachment-20326\" style=\"width: 608px\" class=\"wp-caption aligncenter\"><a href=\"https:\/\/www.hoymercedes.com.ar\/principal\/wp-content\/uploads\/2013\/03\/2012-12-27-14.34.59.jpg\"><img loading=\"lazy\" decoding=\"async\" data-attachment-id=\"20326\" data-permalink=\"https:\/\/www.hoymercedes.com.ar\/principal\/2013\/03\/05\/gad-mercedes-participo-de-allanamientos-en-moreno-y-san-miguel\/2012-12-27-14-34-59\/#main\" data-orig-file=\"https:\/\/www.hoymercedes.com.ar\/principal\/wp-content\/uploads\/2013\/03\/2012-12-27-14.34.59.jpg\" data-orig-size=\"618,465\" data-comments-opened=\"1\" data-image-meta=\"{&quot;aperture&quot;:&quot;2.6&quot;,&quot;credit&quot;:&quot;&quot;,&quot;camera&quot;:&quot;GT-B5510L&quot;,&quot;caption&quot;:&quot;&quot;,&quot;created_timestamp&quot;:&quot;1356618899&quot;,&quot;copyright&quot;:&quot;&quot;,&quot;focal_length&quot;:&quot;2.79&quot;,&quot;iso&quot;:&quot;50&quot;,&quot;shutter_speed&quot;:&quot;0.0033112582781457&quot;,&quot;title&quot;:&quot;&quot;}\" data-image-title=\"\" data-image-description=\"\" data-image-caption=\"&lt;p&gt;Departamental Mercedes&lt;\/p&gt;\n\" data-large-file=\"https:\/\/www.hoymercedes.com.ar\/principal\/wp-content\/uploads\/2013\/03\/2012-12-27-14.34.59.jpg\" class=\"size-full wp-image-20326\" alt=\"Departamental Mercedes\" src=\"https:\/\/www.hoymercedes.com.ar\/principal\/wp-content\/uploads\/2013\/03\/2012-12-27-14.34.59.jpg\" width=\"618\" height=\"465\" \/><\/a><figcaption id=\"caption-attachment-20326\" class=\"wp-caption-text\">Departamental Mercedes<\/figcaption><\/figure>\n<p><em><strong>Personal del GAD Mercedes particip\u00f3 de un procedimiento importante en cuanto a las investigaciones previas realizadas en las localidades de Moreno y San Miguel trabajando conjuntamente con el personal de la Comisaria Luj\u00e1n Primero y el Destacamento de Pueblo Nuevo.<\/strong><\/em><\/p>\n<p>Las acciones se desprendieron de una investigaci\u00f3n desarrollada alrededor del robo vivido por una familia en la localidad de Cort\u00ednez. El hecho hab\u00eda sido calificado como \u00abrobo calificado en poblado y banda\u00bb siendo las v\u00edctimas de apellido Amado.<\/p>\n<p>En San Miguel y en el famoso por sus caracter\u00edsticas y peligrosidad barrio Las Catonas de Moreno se realizaron los dos allanamientos que arrojaron la recuperaci\u00f3n de algunos bienes sustra\u00eddos que ya fueron devueltos a la familia. Por el robo hab\u00eda tres imputados de apellido Garc\u00eda, Climi\u00f1o y Ramos. El\u00a0Grupo de Apoyo Departamental de la Polic\u00eda Bonaerense de Mercedes particip\u00f3 de los acciones.<\/p>\n<p>El robo se hab\u00eda producido el 28 de febrero y el despliegue policial logr\u00f3 los resultados que ahora de dan a conocer.<\/p>\n","protected":false},"excerpt":{"rendered":"<p>Personal del GAD Mercedes particip\u00f3 de un procedimiento importante en cuanto a las investigaciones previas realizadas en las localidades de &#8230; <a title=\"GAD Mercedes particip\u00f3 de allanamientos en Moreno y San Miguel\" class=\"read-more\" href=\"https:\/\/www.hoymercedes.com.ar\/principal\/2013\/03\/05\/gad-mercedes-participo-de-allanamientos-en-moreno-y-san-miguel\/\" aria-label=\"Leer m\u00e1s sobre GAD Mercedes particip\u00f3 de allanamientos en Moreno y San Miguel\">Leer m\u00e1s<\/a><\/p>\n","protected":false},"author":1,"featured_media":0,"comment_status":"open","ping_status":"open","sticky":false,"template":"","format":"standard","meta":{"_monsterinsights_skip_tracking":false,"_monsterinsights_sitenote_active":false,"_monsterinsights_sitenote_note":"","_monsterinsights_sitenote_category":0,"jetpack_post_was_ever_published":false,"_jetpack_newsletter_access":"","_jetpack_dont_email_post_to_subs":false,"_jetpack_newsletter_tier_id":0,"_jetpack_memberships_contains_paywalled_content":false,"_jetpack_memberships_contains_paid_content":false,"footnotes":"","jetpack_publicize_message":"","jetpack_publicize_feature_enabled":true,"jetpack_social_post_already_shared":false,"jetpack_social_options":{"image_generator_settings":{"template":"highway","default_image_id":0,"font":"","enabled":false},"version":2},"_wpas_customize_per_network":false},"categories":[85],"tags":[3263,3262],"class_list":["post-20324","post","type-post","status-publish","format-standard","hentry","category-policial","tag-allanamiento-mercedes","tag-gad-mercedes","generate-columns","tablet-grid-50","mobile-grid-100","grid-parent","grid-50"],"jetpack_publicize_connections":[],"jetpack_featured_media_url":"","wps_subtitle":"","jetpack_sharing_enabled":true,"_links":{"self":[{"href":"https:\/\/www.hoymercedes.com.ar\/principal\/wp-json\/wp\/v2\/posts\/20324","targetHints":{"allow":["GET"]}}],"collection":[{"href":"https:\/\/www.hoymercedes.com.ar\/principal\/wp-json\/wp\/v2\/posts"}],"about":[{"href":"https:\/\/www.hoymercedes.com.ar\/principal\/wp-json\/wp\/v2\/types\/post"}],"author":[{"embeddable":true,"href":"https:\/\/www.hoymercedes.com.ar\/principal\/wp-json\/wp\/v2\/users\/1"}],"replies":[{"embeddable":true,"href":"https:\/\/www.hoymercedes.com.ar\/principal\/wp-json\/wp\/v2\/comments?post=20324"}],"version-history":[{"count":0,"href":"https:\/\/www.hoymercedes.com.ar\/principal\/wp-json\/wp\/v2\/posts\/20324\/revisions"}],"wp:attachment":[{"href":"https:\/\/www.hoymercedes.com.ar\/principal\/wp-json\/wp\/v2\/media?parent=20324"}],"wp:term":[{"taxonomy":"category","embeddable":true,"href":"https:\/\/www.hoymercedes.com.ar\/principal\/wp-json\/wp\/v2\/categories?post=20324"},{"taxonomy":"post_tag","embeddable":true,"href":"https:\/\/www.hoymercedes.com.ar\/principal\/wp-json\/wp\/v2\/tags?post=20324"}],"curies":[{"name":"wp","href":"https:\/\/api.w.org\/{rel}","templated":true}]}}