{"id":2034,"date":"2011-02-06T02:50:18","date_gmt":"2011-02-06T02:50:18","guid":{"rendered":"http:\/\/www.hoymercedes.com.ar\/principal\/?p=2034"},"modified":"2011-02-06T02:50:18","modified_gmt":"2011-02-06T02:50:18","slug":"representantes-de-uatre-se-refirieron-en-nuestra-ciudad-al-trabajo-rural-en-negro","status":"publish","type":"post","link":"https:\/\/www.hoymercedes.com.ar\/principal\/2011\/02\/06\/representantes-de-uatre-se-refirieron-en-nuestra-ciudad-al-trabajo-rural-en-negro\/","title":{"rendered":"Representantes de UATRE se refirieron en nuestra ciudad al trabajo rural en negro"},"content":{"rendered":"<figure id=\"attachment_2036\" aria-describedby=\"caption-attachment-2036\" style=\"width: 290px\" class=\"wp-caption alignleft\"><a href=\"https:\/\/www.hoymercedes.com.ar\/principal\/wp-content\/uploads\/2011\/02\/uatre.jpg\"><img loading=\"lazy\" decoding=\"async\" data-attachment-id=\"2036\" data-permalink=\"https:\/\/www.hoymercedes.com.ar\/principal\/2011\/02\/06\/representantes-de-uatre-se-refirieron-en-nuestra-ciudad-al-trabajo-rural-en-negro\/uatre\/#main\" data-orig-file=\"https:\/\/www.hoymercedes.com.ar\/principal\/wp-content\/uploads\/2011\/02\/uatre.jpg\" data-orig-size=\"300,225\" data-comments-opened=\"1\" data-image-meta=\"{&quot;aperture&quot;:&quot;2.8&quot;,&quot;credit&quot;:&quot;&quot;,&quot;camera&quot;:&quot;COOLPIX L10&quot;,&quot;caption&quot;:&quot;&quot;,&quot;created_timestamp&quot;:&quot;1296655037&quot;,&quot;copyright&quot;:&quot;Copyright 2006&quot;,&quot;focal_length&quot;:&quot;6.2&quot;,&quot;iso&quot;:&quot;64&quot;,&quot;shutter_speed&quot;:&quot;0.016666666666667&quot;,&quot;title&quot;:&quot;&quot;}\" data-image-title=\"uatre\" data-image-description=\"\" data-image-caption=\"\" data-large-file=\"https:\/\/www.hoymercedes.com.ar\/principal\/wp-content\/uploads\/2011\/02\/uatre.jpg\" class=\"size-full wp-image-2036\" title=\"uatre\" src=\"https:\/\/www.hoymercedes.com.ar\/principal\/wp-content\/uploads\/2011\/02\/uatre.jpg\" alt=\"\" width=\"300\" height=\"225\" \/><\/a><figcaption id=\"caption-attachment-2036\" class=\"wp-caption-text\">Representantes UATRE<\/figcaption><\/figure>\n<p style=\"text-align: justify;\">Se hicieron presentes en la Casa de Campo el Delegado Regional de UATRE en el Gran Buenos Aires Oscar G\u00f3mez, el Secretario de OSPRERA Cecilio Salazar y el se\u00f1or Carlos Bell que se desempe\u00f1a como Inspector de las entidades que agrupan al personal rural<\/p>\n<p style=\"text-align: justify;\">Luego de los operativos efectuados en San Pedro donde se logr\u00f3\u00a0 localizar a una importante cantidad de trabajadores en negro en explotaciones rurales viviendo realmente en condiciones paup\u00e9rrimas, en nuestra ciudad, concretamente los responsables de UATRE (Uni\u00f3n Argentina de Trabajadores Rurales y Estibadores) organizaron una conferencia de prensa en la Casa de Campo ubicada en la planta alta de la Terminal con la presencia del Delegado Regional de UATRE en el Gran Buenos Aires, Oscar G\u00f3mez, el Secretario de OSPRERA Cecilio Salazar y el inspector Carlos Bell en representaci\u00f3n de las entidades que agrupan al trabajador rural dando a conocer los trabajos que desde el gremio se vienen realizando para evitar situaciones como las ocurridas en la vecina localidad de San Pedro, incluso se proyect\u00f3 parte de un video donde trabajadores narran como es la condici\u00f3n de vida a la que son sometidos si es que quieren trabajar y de que manera perciben sus salarios, \u201cviven en lugares en los que por sus caracter\u00edsticas deben tener por lo menos una temperatura interior de cincuenta grados\u201d sostuvieron.<\/p>\n<p style=\"text-align: justify;\">Desde ya que adem\u00e1s de los visitantes se encontraban aposentes los representantes de UATRE Mercedes con el Ingeniero Serantes al frente.<\/p>\n<p style=\"text-align: justify;\">Entre las conclusiones a las que se llegaron luego de escucharse los diferentes informes se puede sacar en limpio que de acuerdo a lo manifestado, por G\u00f3mez y Salazar \u201cencontrar a los trabajadores cuando ellos lo llevan a un lugar determinado es muy dif\u00edcil porque por ejemplo en el caso del ma\u00edz por m\u00e1s que tengamos fotos satelitales de donde esta sembrado, como s todo igual no podemos contar con precisiones para llegar a descubrir en que sector est\u00e1n, eso no ocurre por ejemplo con la papa donde por convenio con el INTA disponemos de un mapa satelital que\u00a0 nos permite llegar gasta el lugar propiamente dicho sin equivocarnos en un solo metro por eso nosotros le pedimos a la gente que sabe ser\u00e1 contratada para trabajar en el campo que antes de irse nos llame al menos diciendo quienes lo contrataron y estimativamente donde estar\u00e1n\u201d.<\/p>\n<p style=\"text-align: justify;\">M\u00e1s adelante agregaron \u201ccreemos que el gobierno no tiene la voluntad pol\u00edtica de salir a combatir a fondo con controles el trabajo en negro de los trabajadores rurales, incluso sabemos muy bien que al \u00fanico Ministerio que el gobierno Nacional no le ampli\u00f3 el presupuesto para este 2011 es al de Trabajo por eso conseguir cosas para poder hacer inspecciones es casi imposible.<\/p>\n<p style=\"text-align: justify;\">De cualquier manera y m\u00e1s all\u00e1 de lo que digan nosotros vamos a seguir trabajando porque lo volvemos a repetir afortunadamente esto apareci\u00f3\u00a0 en los medios nacionales y si bien en muchos casos se public\u00f3 apuntando directamente a nuestro accionar por lo menos la opini\u00f3n p\u00fablica en general del pa\u00eds puede comenzar a conocer lo que realmente est\u00e1 ocurriendo en el campo en especial con quienes trabajan en los mismos sobre todo en las grandes empresas multinacionales, conocer que es dif\u00edcil saber donde los llevan y donde los alojan porque usualmente loasen de noche, en camines o colectivos cerrados y se internan muy en el interior de los campos donde no podemos entrar si no contamos con el auxilio de las Fiscal\u00eda que muchas veces se toman su tiempo en actuar\u201d.<\/p>\n<p style=\"text-align: justify;\">Luego dieron un ejemplo muy claro acerca de lo que ha ocurrido en los \u00faltimos a\u00f1os en San Pedro sosteniendo \u201custedes saben que San Pedro le disputa a Mercedes el titulo de tener los mejores duraznos de la zona pero as\u00ed como ocurri\u00f3 ac\u00e1 en Mercedes pasa all\u00e1 en San Pedro donde de la tremenda cantidad de hect\u00e1reas con montes, casi 20 mil, ahora solo se dice quedan\u00a0 nada m\u00e1s que entre seis y ocho mil, el resto se desmont\u00f3 y ahora siembran ma\u00edz y sobre todo soja.<\/p>\n<p style=\"text-align: justify;\">Todos sabemos que un campo de 200 hect\u00e1reas con un trabajador, a lo sumo dos, hace todo por el asa la m\u00e1quina, prepara el suelo, luego vienen con una maquina y siembran, luego con otra m\u00e1quina cosechan y ya est\u00e1. Mientras tanto para el durazno nosotros ten\u00edamos trabajando\u00a0 en 200 hect\u00e1reas no menos de\u00a0 ciento cincuenta personas por d\u00eda durante cuatro meses al a\u00f1o\u201d.<\/p>\n","protected":false},"excerpt":{"rendered":"<p>Se hicieron presentes en la Casa de Campo el Delegado Regional de UATRE en el Gran Buenos Aires Oscar G\u00f3mez, &#8230; <a title=\"Representantes de UATRE se refirieron en nuestra ciudad al trabajo rural en negro\" class=\"read-more\" href=\"https:\/\/www.hoymercedes.com.ar\/principal\/2011\/02\/06\/representantes-de-uatre-se-refirieron-en-nuestra-ciudad-al-trabajo-rural-en-negro\/\" aria-label=\"Leer m\u00e1s sobre Representantes de UATRE se refirieron en nuestra ciudad al trabajo rural en negro\">Leer m\u00e1s<\/a><\/p>\n","protected":false},"author":1,"featured_media":0,"comment_status":"open","ping_status":"open","sticky":false,"template":"","format":"standard","meta":{"_monsterinsights_skip_tracking":false,"_monsterinsights_sitenote_active":false,"_monsterinsights_sitenote_note":"","_monsterinsights_sitenote_category":0,"jetpack_post_was_ever_published":false,"_jetpack_newsletter_access":"","_jetpack_dont_email_post_to_subs":false,"_jetpack_newsletter_tier_id":0,"_jetpack_memberships_contains_paywalled_content":false,"_jetpack_memberships_contains_paid_content":false,"footnotes":"","jetpack_publicize_message":"","jetpack_publicize_feature_enabled":true,"jetpack_social_post_already_shared":false,"jetpack_social_options":{"image_generator_settings":{"template":"highway","default_image_id":0,"font":"","enabled":false},"version":2},"_wpas_customize_per_network":false},"categories":[8],"tags":[443,442],"class_list":["post-2034","post","type-post","status-publish","format-standard","hentry","category-sociedad","tag-trabajo-en-negro","tag-uatre","generate-columns","tablet-grid-50","mobile-grid-100","grid-parent","grid-50"],"jetpack_publicize_connections":[],"jetpack_featured_media_url":"","wps_subtitle":"","jetpack_sharing_enabled":true,"_links":{"self":[{"href":"https:\/\/www.hoymercedes.com.ar\/principal\/wp-json\/wp\/v2\/posts\/2034","targetHints":{"allow":["GET"]}}],"collection":[{"href":"https:\/\/www.hoymercedes.com.ar\/principal\/wp-json\/wp\/v2\/posts"}],"about":[{"href":"https:\/\/www.hoymercedes.com.ar\/principal\/wp-json\/wp\/v2\/types\/post"}],"author":[{"embeddable":true,"href":"https:\/\/www.hoymercedes.com.ar\/principal\/wp-json\/wp\/v2\/users\/1"}],"replies":[{"embeddable":true,"href":"https:\/\/www.hoymercedes.com.ar\/principal\/wp-json\/wp\/v2\/comments?post=2034"}],"version-history":[{"count":0,"href":"https:\/\/www.hoymercedes.com.ar\/principal\/wp-json\/wp\/v2\/posts\/2034\/revisions"}],"wp:attachment":[{"href":"https:\/\/www.hoymercedes.com.ar\/principal\/wp-json\/wp\/v2\/media?parent=2034"}],"wp:term":[{"taxonomy":"category","embeddable":true,"href":"https:\/\/www.hoymercedes.com.ar\/principal\/wp-json\/wp\/v2\/categories?post=2034"},{"taxonomy":"post_tag","embeddable":true,"href":"https:\/\/www.hoymercedes.com.ar\/principal\/wp-json\/wp\/v2\/tags?post=2034"}],"curies":[{"name":"wp","href":"https:\/\/api.w.org\/{rel}","templated":true}]}}