{"id":20341,"date":"2013-03-06T00:20:22","date_gmt":"2013-03-06T00:20:22","guid":{"rendered":"http:\/\/www.hoymercedes.com.ar\/principal\/?p=20341"},"modified":"2013-03-06T00:23:06","modified_gmt":"2013-03-06T00:23:06","slug":"unidad-y-lealtad-homenajeara-a-la-mujer-en-su-dia","status":"publish","type":"post","link":"https:\/\/www.hoymercedes.com.ar\/principal\/2013\/03\/06\/unidad-y-lealtad-homenajeara-a-la-mujer-en-su-dia\/","title":{"rendered":"Unidad y Lealtad homenajear\u00e1 a la mujer en su d\u00eda"},"content":{"rendered":"<p><em><strong>Desde la agrupaci\u00f3n pol\u00edtica de calle 26 entre 31 y 33 dan a conocer las actividades que llevar\u00e1n a cabo en relaci\u00f3n al D\u00eda Internacional de la Mujer que ser\u00e1 este 8 de marzo. En la agrupaci\u00f3n ser\u00e1 el mismo viernes.<\/strong><\/em><\/p>\n<p>La invitaci\u00f3n es la siguiente, para toda la comunidad:<\/p>\n<p style=\"padding-left: 30px;\"><em>En adhesi\u00f3n a la jornada celebratoria del D\u00eda Internacional de la Mujer, la Agrupaci\u00f3n Justicialista \u00abUnidad y Lealtad\u00bb, ha programado realizar un encuentro, agasajo y entrega de distinciones a damas de nuestro medio, entre ellas, a una ni\u00f1a de tan s\u00f3lo ocho a\u00f1os de edad, que por su arrojo, salv\u00f3 la vida de un chiquil\u00edn de tres a\u00f1os, pr\u00f3ximo a ahogarse en una pileta de un gremio.<\/em><\/p>\n<p style=\"padding-left: 30px;\"><em>Asimismo, en la ocasi\u00f3n actuar\u00e1 como disertante la profesora de historia y abogada, Viviana Edit Cerisola y, adem\u00e1s, poetisas mercedinas ofrecer\u00e1n obras de su autor\u00eda.<\/em><\/p>\n<p style=\"padding-left: 30px;\"><em>Con entrada totalmente libre, el encuentro homenaje se llevar\u00e1 a cabo el viernes 8, a la hora 20, en la sede de la Agrupaci\u00f3n situada en calle 26 entre 29 y 31, frente mismo a la Escuela 2.<\/em><\/p>\n","protected":false},"excerpt":{"rendered":"<p>Desde la agrupaci\u00f3n pol\u00edtica de calle 26 entre 31 y 33 dan a conocer las actividades que llevar\u00e1n a cabo &#8230; <a title=\"Unidad y Lealtad homenajear\u00e1 a la mujer en su d\u00eda\" class=\"read-more\" href=\"https:\/\/www.hoymercedes.com.ar\/principal\/2013\/03\/06\/unidad-y-lealtad-homenajeara-a-la-mujer-en-su-dia\/\" aria-label=\"Leer m\u00e1s sobre Unidad y Lealtad homenajear\u00e1 a la mujer en su d\u00eda\">Leer m\u00e1s<\/a><\/p>\n","protected":false},"author":1,"featured_media":0,"comment_status":"open","ping_status":"open","sticky":false,"template":"","format":"standard","meta":{"_monsterinsights_skip_tracking":false,"_monsterinsights_sitenote_active":false,"_monsterinsights_sitenote_note":"","_monsterinsights_sitenote_category":0,"jetpack_post_was_ever_published":false,"_jetpack_newsletter_access":"","_jetpack_dont_email_post_to_subs":false,"_jetpack_newsletter_tier_id":0,"_jetpack_memberships_contains_paywalled_content":false,"_jetpack_memberships_contains_paid_content":false,"footnotes":"","jetpack_publicize_message":"","jetpack_publicize_feature_enabled":true,"jetpack_social_post_already_shared":false,"jetpack_social_options":{"image_generator_settings":{"template":"highway","default_image_id":0,"font":"","enabled":false},"version":2},"_wpas_customize_per_network":false},"categories":[5],"tags":[541,129],"class_list":["post-20341","post","type-post","status-publish","format-standard","hentry","category-politica","tag-dia-internacional-de-la-mujer","tag-unidad-y-lealtad","generate-columns","tablet-grid-50","mobile-grid-100","grid-parent","grid-50"],"jetpack_publicize_connections":[],"jetpack_featured_media_url":"","wps_subtitle":"","jetpack_sharing_enabled":true,"_links":{"self":[{"href":"https:\/\/www.hoymercedes.com.ar\/principal\/wp-json\/wp\/v2\/posts\/20341","targetHints":{"allow":["GET"]}}],"collection":[{"href":"https:\/\/www.hoymercedes.com.ar\/principal\/wp-json\/wp\/v2\/posts"}],"about":[{"href":"https:\/\/www.hoymercedes.com.ar\/principal\/wp-json\/wp\/v2\/types\/post"}],"author":[{"embeddable":true,"href":"https:\/\/www.hoymercedes.com.ar\/principal\/wp-json\/wp\/v2\/users\/1"}],"replies":[{"embeddable":true,"href":"https:\/\/www.hoymercedes.com.ar\/principal\/wp-json\/wp\/v2\/comments?post=20341"}],"version-history":[{"count":0,"href":"https:\/\/www.hoymercedes.com.ar\/principal\/wp-json\/wp\/v2\/posts\/20341\/revisions"}],"wp:attachment":[{"href":"https:\/\/www.hoymercedes.com.ar\/principal\/wp-json\/wp\/v2\/media?parent=20341"}],"wp:term":[{"taxonomy":"category","embeddable":true,"href":"https:\/\/www.hoymercedes.com.ar\/principal\/wp-json\/wp\/v2\/categories?post=20341"},{"taxonomy":"post_tag","embeddable":true,"href":"https:\/\/www.hoymercedes.com.ar\/principal\/wp-json\/wp\/v2\/tags?post=20341"}],"curies":[{"name":"wp","href":"https:\/\/api.w.org\/{rel}","templated":true}]}}