{"id":20365,"date":"2013-03-06T02:01:53","date_gmt":"2013-03-06T02:01:53","guid":{"rendered":"http:\/\/www.hoymercedes.com.ar\/principal\/?p=20365"},"modified":"2013-03-06T02:04:52","modified_gmt":"2013-03-06T02:04:52","slug":"la-esquina-rosada-mercedes-un-importante-acto-delictivo-se-produjo-este-fin-de-semana-en-nuestra-ciudad-siendo-victima-el-tradicional-comercio-ubicado-en-calle-29-y-6-la-esquina-rosada","status":"publish","type":"post","link":"https:\/\/www.hoymercedes.com.ar\/principal\/2013\/03\/06\/la-esquina-rosada-mercedes-un-importante-acto-delictivo-se-produjo-este-fin-de-semana-en-nuestra-ciudad-siendo-victima-el-tradicional-comercio-ubicado-en-calle-29-y-6-la-esquina-rosada\/","title":{"rendered":"Espectacular robo en vivero \u00abLa Esquina Rosada\u00bb durante dos madrugadas"},"content":{"rendered":"<p><a href=\"https:\/\/www.hoymercedes.com.ar\/principal\/wp-content\/uploads\/2013\/03\/LaEsquinaRosada.jpg\"><img loading=\"lazy\" decoding=\"async\" data-attachment-id=\"20348\" data-permalink=\"https:\/\/www.hoymercedes.com.ar\/principal\/2013\/03\/04\/espectacular-robo-en-vivero-la-esquina-rosada\/laesquinarosada\/#main\" data-orig-file=\"https:\/\/www.hoymercedes.com.ar\/principal\/wp-content\/uploads\/2013\/03\/LaEsquinaRosada.jpg\" data-orig-size=\"618,836\" data-comments-opened=\"1\" data-image-meta=\"{&quot;aperture&quot;:&quot;0&quot;,&quot;credit&quot;:&quot;&quot;,&quot;camera&quot;:&quot;&quot;,&quot;caption&quot;:&quot;&quot;,&quot;created_timestamp&quot;:&quot;0&quot;,&quot;copyright&quot;:&quot;&quot;,&quot;focal_length&quot;:&quot;0&quot;,&quot;iso&quot;:&quot;0&quot;,&quot;shutter_speed&quot;:&quot;0&quot;,&quot;title&quot;:&quot;&quot;}\" data-image-title=\"LaEsquinaRosada\" data-image-description=\"\" data-image-caption=\"\" data-large-file=\"https:\/\/www.hoymercedes.com.ar\/principal\/wp-content\/uploads\/2013\/03\/LaEsquinaRosada.jpg\" class=\"aligncenter size-full wp-image-20348\" alt=\"La Esquina Rosada - Mercedes\" src=\"https:\/\/www.hoymercedes.com.ar\/principal\/wp-content\/uploads\/2013\/03\/LaEsquinaRosada.jpg\" width=\"618\" height=\"836\" srcset=\"https:\/\/www.hoymercedes.com.ar\/principal\/wp-content\/uploads\/2013\/03\/LaEsquinaRosada.jpg 618w, https:\/\/www.hoymercedes.com.ar\/principal\/wp-content\/uploads\/2013\/03\/LaEsquinaRosada-458x620.jpg 458w\" sizes=\"auto, (max-width: 618px) 100vw, 618px\" \/><\/a><\/p>\n<p><em><strong>Un importante acto delictivo se produjo este fin de semana en nuestra ciudad siendo v\u00edctima el tradicional comercio ubicado en calle 29 y 6, \u201cLa Esquina Rosada\u201d. Dos d\u00edas seguidos fueron v\u00edctimas de un robo planificado y tranquilo en que se los despoj\u00f3 de pr\u00e1cticamente todos los bienes.<\/strong><\/em><\/p>\n<p>Desde el comercio detectaron que los delincuentes lograron trabajar durante dos madrugadas llev\u00e1ndose desmalezadoras, fumigadoras, computadoras, herramientas, cajas con elementos de trabajo, entre otros valiosos bienes. Es decir, una \u201climpieza total\u201d.<\/p>\n<p>Los ladrones trabajaron las madrugadas del s\u00e1bado y el lunes. Ingresaron por una peque\u00f1a ventana que da a avenida 29 logrando violar todas las medidas de seguridad haci\u00e9ndolo incluso con luz dado que existe en el comercio fotoc\u00e9lulas de encendido autom\u00e1tico. Nadie not\u00f3 nada en una esquina muy transitada de la ciudad dejando incluso sorpresa porque los perros entrenados tampoco lograron persuadir a los tomadores.<\/p>\n<p>El d\u00eda lunes empez\u00f3 a trabajar en el lugar la polic\u00eda cient\u00edfica de nuestra ciudad.<\/p>\n<p>Desde el comercio remarcaron que se tomar\u00e1n todas las medidas para sostener lo m\u00e1s importante que es las fuentes de trabajo, algo que \u201c<em>gener\u00f3 una profunda preocupaci\u00f3n en los empleados del lugar que vieron como desvalijaron el vivero y los despojaron de todos sus habituales elementos de trabajo con p\u00e9rdidas important\u00edsimas. Estaban muy preocupados, como todos los que desarrollamos actividades, pensando se ver\u00edan vulneradas sus fuentes de trabajo, pero, no ser\u00e1 as\u00ed ya que buscaremos muy pronto volver a la normalidad y dejamos la tranquilidad a nuestros clientes que los trabajos comprometidos se realizan y realizar\u00e1n tal como estaban programados. Se salv\u00f3 casi como an\u00e9cdota una desmalezadora\u201d<\/em>, coment\u00f3 su titular a HoyMercedes. Remarcando que.\u00a0<em>\u00abdentro del mal trago tambi\u00e9n valoramos que fue cuando no hab\u00eda nadie y que los empleados como nosotros estamos todos bien\u00bb<\/em><\/p>\n<p>El robo tiene su car\u00e1cter de espectacularidad por el lugar, la tranquilidad de trabajo, la forma en que entraron y sacaron los bienes y c\u00f3mo lograron llevarse tanta cantidad de elementos sin que nadie note nada.<\/p>\n<p>&nbsp;<\/p>\n","protected":false},"excerpt":{"rendered":"<p>Un importante acto delictivo se produjo este fin de semana en nuestra ciudad siendo v\u00edctima el tradicional comercio ubicado en &#8230; <a title=\"Espectacular robo en vivero \u00abLa Esquina Rosada\u00bb durante dos madrugadas\" class=\"read-more\" href=\"https:\/\/www.hoymercedes.com.ar\/principal\/2013\/03\/06\/la-esquina-rosada-mercedes-un-importante-acto-delictivo-se-produjo-este-fin-de-semana-en-nuestra-ciudad-siendo-victima-el-tradicional-comercio-ubicado-en-calle-29-y-6-la-esquina-rosada\/\" aria-label=\"Leer m\u00e1s sobre Espectacular robo en vivero \u00abLa Esquina Rosada\u00bb durante dos madrugadas\">Leer m\u00e1s<\/a><\/p>\n","protected":false},"author":1,"featured_media":0,"comment_status":"open","ping_status":"open","sticky":false,"template":"","format":"standard","meta":{"_monsterinsights_skip_tracking":false,"_monsterinsights_sitenote_active":false,"_monsterinsights_sitenote_note":"","_monsterinsights_sitenote_category":0,"jetpack_post_was_ever_published":false,"_jetpack_newsletter_access":"","_jetpack_dont_email_post_to_subs":false,"_jetpack_newsletter_tier_id":0,"_jetpack_memberships_contains_paywalled_content":false,"_jetpack_memberships_contains_paid_content":false,"footnotes":"","jetpack_publicize_message":"","jetpack_publicize_feature_enabled":true,"jetpack_social_post_already_shared":false,"jetpack_social_options":{"image_generator_settings":{"template":"highway","default_image_id":0,"font":"","enabled":false},"version":2},"_wpas_customize_per_network":false},"categories":[85],"tags":[3267,3266,666],"class_list":["post-20365","post","type-post","status-publish","format-standard","hentry","category-policial","tag-robo-la-esquina-rosada","tag-robo-vivero-mercedes","tag-robos-mercedes","generate-columns","tablet-grid-50","mobile-grid-100","grid-parent","grid-50"],"jetpack_publicize_connections":[],"jetpack_featured_media_url":"","wps_subtitle":"","jetpack_sharing_enabled":true,"_links":{"self":[{"href":"https:\/\/www.hoymercedes.com.ar\/principal\/wp-json\/wp\/v2\/posts\/20365","targetHints":{"allow":["GET"]}}],"collection":[{"href":"https:\/\/www.hoymercedes.com.ar\/principal\/wp-json\/wp\/v2\/posts"}],"about":[{"href":"https:\/\/www.hoymercedes.com.ar\/principal\/wp-json\/wp\/v2\/types\/post"}],"author":[{"embeddable":true,"href":"https:\/\/www.hoymercedes.com.ar\/principal\/wp-json\/wp\/v2\/users\/1"}],"replies":[{"embeddable":true,"href":"https:\/\/www.hoymercedes.com.ar\/principal\/wp-json\/wp\/v2\/comments?post=20365"}],"version-history":[{"count":0,"href":"https:\/\/www.hoymercedes.com.ar\/principal\/wp-json\/wp\/v2\/posts\/20365\/revisions"}],"wp:attachment":[{"href":"https:\/\/www.hoymercedes.com.ar\/principal\/wp-json\/wp\/v2\/media?parent=20365"}],"wp:term":[{"taxonomy":"category","embeddable":true,"href":"https:\/\/www.hoymercedes.com.ar\/principal\/wp-json\/wp\/v2\/categories?post=20365"},{"taxonomy":"post_tag","embeddable":true,"href":"https:\/\/www.hoymercedes.com.ar\/principal\/wp-json\/wp\/v2\/tags?post=20365"}],"curies":[{"name":"wp","href":"https:\/\/api.w.org\/{rel}","templated":true}]}}