{"id":20393,"date":"2013-03-07T00:52:47","date_gmt":"2013-03-07T00:52:47","guid":{"rendered":"http:\/\/www.hoymercedes.com.ar\/principal\/?p=20393"},"modified":"2013-03-07T01:02:30","modified_gmt":"2013-03-07T01:02:30","slug":"selva-ratifico-su-duro-posicionamiento-respecto-a-principi-y-el-hospital","status":"publish","type":"post","link":"https:\/\/www.hoymercedes.com.ar\/principal\/2013\/03\/07\/selva-ratifico-su-duro-posicionamiento-respecto-a-principi-y-el-hospital\/","title":{"rendered":"Selva ratific\u00f3 su duro posicionamiento respecto a Pr\u00edncipi y el Hospital"},"content":{"rendered":"<figure id=\"attachment_20395\" aria-describedby=\"caption-attachment-20395\" style=\"width: 608px\" class=\"wp-caption aligncenter\"><a href=\"https:\/\/www.hoymercedes.com.ar\/principal\/wp-content\/uploads\/2013\/03\/Selva-Carlos.jpg\"><img loading=\"lazy\" decoding=\"async\" data-attachment-id=\"20395\" data-permalink=\"https:\/\/www.hoymercedes.com.ar\/principal\/2013\/03\/07\/selva-ratifico-su-duro-posicionamiento-respecto-a-principi-y-el-hospital\/selva-carlos-4\/#main\" data-orig-file=\"https:\/\/www.hoymercedes.com.ar\/principal\/wp-content\/uploads\/2013\/03\/Selva-Carlos.jpg\" data-orig-size=\"618,248\" data-comments-opened=\"1\" data-image-meta=\"{&quot;aperture&quot;:&quot;5.2&quot;,&quot;credit&quot;:&quot;&quot;,&quot;camera&quot;:&quot;DSC-S2000&quot;,&quot;caption&quot;:&quot;&quot;,&quot;created_timestamp&quot;:&quot;1362395869&quot;,&quot;copyright&quot;:&quot;&quot;,&quot;focal_length&quot;:&quot;15.5&quot;,&quot;iso&quot;:&quot;400&quot;,&quot;shutter_speed&quot;:&quot;0.025&quot;,&quot;title&quot;:&quot;&quot;}\" data-image-title=\"Selva-Carlos\" data-image-description=\"\" data-image-caption=\"&lt;p&gt;Carlos Selva&lt;\/p&gt;\n\" data-large-file=\"https:\/\/www.hoymercedes.com.ar\/principal\/wp-content\/uploads\/2013\/03\/Selva-Carlos.jpg\" class=\"size-full wp-image-20395\" alt=\"Carlos Selva\" src=\"https:\/\/www.hoymercedes.com.ar\/principal\/wp-content\/uploads\/2013\/03\/Selva-Carlos.jpg\" width=\"618\" height=\"248\" \/><\/a><figcaption id=\"caption-attachment-20395\" class=\"wp-caption-text\">Carlos Selva<\/figcaption><\/figure>\n<p>Carlos Selva ratific\u00f3 el comunicado que d\u00edas atr\u00e1s se conoci\u00f3 por los medios en el cual marcaba su diferencia, irreparable por el momento, con la actual conducci\u00f3n del Hospital Dubarry a qui\u00e9n acusa de \u201chacer pol\u00edtica\u201d y no atender a la salud sosteniendo que \u201csi todos los directores de los hospitales que tuvieran problemas en lugar de dedicarse a atender problemas se dedicaran a hacer pol\u00edtica como es el caso de lo que est\u00e1 pasando ahora ac\u00e1 la verdad es que la salud estar\u00eda prendida fuego\u201d<\/p>\n<p>Las palabras del primer mandatario fueron en la misma direcci\u00f3n que lo expresado no dejando lugar a dudas de lo que ya se hab\u00eda conocido de pu\u00f1o y letra.<\/p>\n<p>Selva sostuvo: <em>\u201cLo que estamos haci\u00e9ndonos cargo todos los contribuyentes de Mercedes a trav\u00e9s del aporte de una ambulancia es del funcionamiento de la misma. De mantenimiento de cubierta a combustible y todo el gasto del m\u00f3vil. M\u00e1s un turno a la ma\u00f1ana que ponemos un chofer. Eso lo manifestamos. Como la municipalidad ten\u00eda una ambulancia adem\u00e1s de la que compro la afect\u00f3 a la zona rural. Est\u00e1 en Gowland, en la zona de Agote, que tiene una persona que est\u00e1 las 24hs con base operativa permanente. Esa ambulancia tambi\u00e9n tiene todos los cargos sobre el municipio. Qu\u00e9 queremos decir esto, que nos molest\u00f3 la note del \u201cNuevo Cronista\u201d porque nosotros cuando mandamos el proyecto fiscal de este a\u00f1o subimos los que era del gasto regular al doble. El 100%. Los 75 mil pesos que figuran en transferencia de gastos mensuales al hospital lo duplicamos. Esa cifra se sube de dos formas: uno por la decisi\u00f3n pol\u00edtica de aumentar la partida al hospital y la otra por los contribuyentes que pagan porque del alumbrado, barrido y limpieza se destina un monto. Cada vez que alguien paga la tasa el municipio saca esa plata y la afecta. Para este a\u00f1o, 2013, la municipalidad duplica esa cifra. Nosotros vetamos, pero, como la herramienta se retrotra\u00eda al 2012 y como la voluntad era aumentar las transferencias lo \u00edbamos a hacer por otra v\u00eda, eso est\u00e1 escrito, piso m\u00ednimo lo que fue en el 2012 con lo cual nunca estuvo en duda la transferencia, de ah\u00ed que creemos hubo mala intenci\u00f3n, pero adem\u00e1s queda claro en el mismo veto que vamos a incrementar al monto propuesto por otros mecanismos administrativos. \u00bfCu\u00e1les son? Subsidios, no tenemos otras formas. Se transfiere la primera cuota de este a\u00f1o. Sale un cheque que la cooperativa viene a buscar. Salido y conocido la municipalidad duplica v\u00eda subsidio. Eso es lo que est\u00e1 puesto en el veto. No hay lugar a dudas de que la municipalidad va a dejar de ayudar. Tuvimos que publicar la solicitada porque cre\u00edamos oportuno y ahora ratificarlo ya que tengo el derecho de pensar que hay una mala intenci\u00f3n. Ratificando el final de la solicitada donde digo: si todos los directores de los hospitales que tuvieran problemas en lugar de dedicarse a atender problemas se dedicaran a hacer pol\u00edtica como es el caso de lo que est\u00e1 pasando ahora ac\u00e1 la verdad es que la salud estar\u00eda prendida fuego entonces nosotros no escondemos nuestro estado de \u00e1nimo, nos molesta que m\u00e1s que trabajar por el hospital se est\u00e9 haciendo pol\u00edtica. Es una situaci\u00f3n grave que tambi\u00e9n lo vamos a hacer saber en los \u00e1mbitos que correspondan\u201d<\/em><\/p>\n<p>De esta forma Selva explic\u00f3 c\u00f3mo es el mecanismo de transferencia de dinero al Hospital Dubarry, el estado de los aportes concretos por ambulancia y qu\u00e9 opina de la direcci\u00f3n de Rodolfo Pr\u00edncipi qui\u00e9n tambi\u00e9n ha tenido en el \u00faltimo tiempo duras palabras sobre el intendente y su entorno.<\/p>\n<p>&nbsp;<\/p>\n<p>&nbsp;<\/p>\n","protected":false},"excerpt":{"rendered":"<p>Carlos Selva ratific\u00f3 el comunicado que d\u00edas atr\u00e1s se conoci\u00f3 por los medios en el cual marcaba su diferencia, irreparable &#8230; <a title=\"Selva ratific\u00f3 su duro posicionamiento respecto a Pr\u00edncipi y el Hospital\" class=\"read-more\" href=\"https:\/\/www.hoymercedes.com.ar\/principal\/2013\/03\/07\/selva-ratifico-su-duro-posicionamiento-respecto-a-principi-y-el-hospital\/\" aria-label=\"Leer m\u00e1s sobre Selva ratific\u00f3 su duro posicionamiento respecto a Pr\u00edncipi y el Hospital\">Leer m\u00e1s<\/a><\/p>\n","protected":false},"author":1,"featured_media":0,"comment_status":"open","ping_status":"open","sticky":false,"template":"","format":"standard","meta":{"_monsterinsights_skip_tracking":false,"_monsterinsights_sitenote_active":false,"_monsterinsights_sitenote_note":"","_monsterinsights_sitenote_category":0,"jetpack_post_was_ever_published":false,"_jetpack_newsletter_access":"","_jetpack_dont_email_post_to_subs":false,"_jetpack_newsletter_tier_id":0,"_jetpack_memberships_contains_paywalled_content":false,"_jetpack_memberships_contains_paid_content":false,"footnotes":"","jetpack_publicize_message":"","jetpack_publicize_feature_enabled":true,"jetpack_social_post_already_shared":false,"jetpack_social_options":{"image_generator_settings":{"template":"highway","default_image_id":0,"font":"","enabled":false},"version":2},"_wpas_customize_per_network":false},"categories":[5],"tags":[39,532,133],"class_list":["post-20393","post","type-post","status-publish","format-standard","hentry","category-politica","tag-carlos-selva","tag-fito-principi","tag-hospital-mercedes","generate-columns","tablet-grid-50","mobile-grid-100","grid-parent","grid-50"],"jetpack_publicize_connections":[],"jetpack_featured_media_url":"","wps_subtitle":"","jetpack_sharing_enabled":true,"_links":{"self":[{"href":"https:\/\/www.hoymercedes.com.ar\/principal\/wp-json\/wp\/v2\/posts\/20393","targetHints":{"allow":["GET"]}}],"collection":[{"href":"https:\/\/www.hoymercedes.com.ar\/principal\/wp-json\/wp\/v2\/posts"}],"about":[{"href":"https:\/\/www.hoymercedes.com.ar\/principal\/wp-json\/wp\/v2\/types\/post"}],"author":[{"embeddable":true,"href":"https:\/\/www.hoymercedes.com.ar\/principal\/wp-json\/wp\/v2\/users\/1"}],"replies":[{"embeddable":true,"href":"https:\/\/www.hoymercedes.com.ar\/principal\/wp-json\/wp\/v2\/comments?post=20393"}],"version-history":[{"count":0,"href":"https:\/\/www.hoymercedes.com.ar\/principal\/wp-json\/wp\/v2\/posts\/20393\/revisions"}],"wp:attachment":[{"href":"https:\/\/www.hoymercedes.com.ar\/principal\/wp-json\/wp\/v2\/media?parent=20393"}],"wp:term":[{"taxonomy":"category","embeddable":true,"href":"https:\/\/www.hoymercedes.com.ar\/principal\/wp-json\/wp\/v2\/categories?post=20393"},{"taxonomy":"post_tag","embeddable":true,"href":"https:\/\/www.hoymercedes.com.ar\/principal\/wp-json\/wp\/v2\/tags?post=20393"}],"curies":[{"name":"wp","href":"https:\/\/api.w.org\/{rel}","templated":true}]}}