{"id":20433,"date":"2013-03-08T19:46:35","date_gmt":"2013-03-08T19:46:35","guid":{"rendered":"http:\/\/www.hoymercedes.com.ar\/principal\/?p=20433"},"modified":"2013-03-08T19:47:56","modified_gmt":"2013-03-08T19:47:56","slug":"frente-mercedino-tambien-recordo-a-chavez","status":"publish","type":"post","link":"https:\/\/www.hoymercedes.com.ar\/principal\/2013\/03\/08\/frente-mercedino-tambien-recordo-a-chavez\/","title":{"rendered":"Frente Mercedino tambi\u00e9n record\u00f3 a Chavez"},"content":{"rendered":"<p>Desde el espacio del Frente Mercedino para la Victoria recordaron al recientemente fallecido presidente de Venezuela Hugo Chavez. Fue un encuentro con la presencia de militantes, vecinos y su referente Juan Ustarr\u00f3z.<\/p>\n<p>Recordaron que cuando el mundo estaba en crisis fue su gobierno el que le tendi\u00f3 una mano a nuestro pa\u00eds.<\/p>\n<p>La oratoria estuvo a cargo de Juan Uztarroz quien record\u00f3 el paso de Ch\u00e1vez por la presidencia, y luego de brindar un minuto de silencio por su partida, se estall\u00f3 un muy pronunciado aplauso de los presentes para manifestar as\u00ed el dolor por la perdida.<\/p>\n<p><em>\u00a0\u201cCh\u00e1vez le dio una mano a la Argentina cuando todos nos daban vuelta la cara, y esos son gestos que, como sociedad, en su conjunto, no podemos olvidar\u201d<\/em>, expres\u00f3 el m\u00e1ximo referente del Frente mercedino.<\/p>\n","protected":false},"excerpt":{"rendered":"<p>Desde el espacio del Frente Mercedino para la Victoria recordaron al recientemente fallecido presidente de Venezuela Hugo Chavez. Fue un &#8230; <a title=\"Frente Mercedino tambi\u00e9n record\u00f3 a Chavez\" class=\"read-more\" href=\"https:\/\/www.hoymercedes.com.ar\/principal\/2013\/03\/08\/frente-mercedino-tambien-recordo-a-chavez\/\" aria-label=\"Leer m\u00e1s sobre Frente Mercedino tambi\u00e9n record\u00f3 a Chavez\">Leer m\u00e1s<\/a><\/p>\n","protected":false},"author":1,"featured_media":0,"comment_status":"open","ping_status":"open","sticky":false,"template":"","format":"standard","meta":{"_monsterinsights_skip_tracking":false,"_monsterinsights_sitenote_active":false,"_monsterinsights_sitenote_note":"","_monsterinsights_sitenote_category":0,"jetpack_post_was_ever_published":false,"_jetpack_newsletter_access":"","_jetpack_dont_email_post_to_subs":false,"_jetpack_newsletter_tier_id":0,"_jetpack_memberships_contains_paywalled_content":false,"_jetpack_memberships_contains_paid_content":false,"footnotes":"","jetpack_publicize_message":"","jetpack_publicize_feature_enabled":true,"jetpack_social_post_already_shared":false,"jetpack_social_options":{"image_generator_settings":{"template":"highway","default_image_id":0,"font":"","enabled":false},"version":2},"_wpas_customize_per_network":false},"categories":[5],"tags":[1007,3272],"class_list":["post-20433","post","type-post","status-publish","format-standard","hentry","category-politica","tag-frente-mercedino","tag-hugo-chavez","generate-columns","tablet-grid-50","mobile-grid-100","grid-parent","grid-50"],"jetpack_publicize_connections":[],"jetpack_featured_media_url":"","wps_subtitle":"","jetpack_sharing_enabled":true,"_links":{"self":[{"href":"https:\/\/www.hoymercedes.com.ar\/principal\/wp-json\/wp\/v2\/posts\/20433","targetHints":{"allow":["GET"]}}],"collection":[{"href":"https:\/\/www.hoymercedes.com.ar\/principal\/wp-json\/wp\/v2\/posts"}],"about":[{"href":"https:\/\/www.hoymercedes.com.ar\/principal\/wp-json\/wp\/v2\/types\/post"}],"author":[{"embeddable":true,"href":"https:\/\/www.hoymercedes.com.ar\/principal\/wp-json\/wp\/v2\/users\/1"}],"replies":[{"embeddable":true,"href":"https:\/\/www.hoymercedes.com.ar\/principal\/wp-json\/wp\/v2\/comments?post=20433"}],"version-history":[{"count":0,"href":"https:\/\/www.hoymercedes.com.ar\/principal\/wp-json\/wp\/v2\/posts\/20433\/revisions"}],"wp:attachment":[{"href":"https:\/\/www.hoymercedes.com.ar\/principal\/wp-json\/wp\/v2\/media?parent=20433"}],"wp:term":[{"taxonomy":"category","embeddable":true,"href":"https:\/\/www.hoymercedes.com.ar\/principal\/wp-json\/wp\/v2\/categories?post=20433"},{"taxonomy":"post_tag","embeddable":true,"href":"https:\/\/www.hoymercedes.com.ar\/principal\/wp-json\/wp\/v2\/tags?post=20433"}],"curies":[{"name":"wp","href":"https:\/\/api.w.org\/{rel}","templated":true}]}}