{"id":2044,"date":"2011-02-06T02:59:13","date_gmt":"2011-02-06T02:59:13","guid":{"rendered":"http:\/\/www.hoymercedes.com.ar\/principal\/?p=2044"},"modified":"2011-02-06T02:59:13","modified_gmt":"2011-02-06T02:59:13","slug":"conciliacion-en-lamar-se-prorrogo-pero-de-manera-voluntaria-hasta-el-23-de-febrero","status":"publish","type":"post","link":"https:\/\/www.hoymercedes.com.ar\/principal\/2011\/02\/06\/conciliacion-en-lamar-se-prorrogo-pero-de-manera-voluntaria-hasta-el-23-de-febrero\/","title":{"rendered":"Conciliaci\u00f3n en Lamar: se prorrog\u00f3 pero de manera voluntaria hasta el 23 de febrero"},"content":{"rendered":"<p style=\"text-align: justify;\">La reuni\u00f3n de ayer sirvi\u00f3\u00a0 para descomprimir un tanto la situaci\u00f3n y si bien no se aprob\u00f3\u00a0 a una soluci\u00f3n final al menos se acord\u00f3 seguir conversando en el marco de la figura legal de la Conciliaci\u00f3n Voluntaria<\/p>\n<p style=\"text-align: justify;\">Tal como lo hab\u00eda establecido la Delegaci\u00f3n local del Ministerio de Trabajo de la Provincia de Buenos Aires se concret\u00f3 este mediod\u00eda la segunda parte de la audiencia de conciliaci\u00f3n entre el Sindicato de Trabajadores de la Carne y los responsables del Frigor\u00edfico y Matadero Lamar debido al conflicto colectivo de trabajo que se registro en dicha empresa que ya es de dominio p\u00fablico.<\/p>\n<p style=\"text-align: justify;\">Ayer con la asistencia de los responsables directos de la empresa en di\u00e1logo mejor\u00f3 sustancialmente a punto talque tras extenso encuentro las partes acordaron seguir conversando pero ya no en el marco de la Conciliaci\u00f3n Obligatoria sino dentro de la figura legal de la Conciliaci\u00f3n Voluntaria que incluso favorece la posici\u00f3n del Ministerio ya que le permite una nueva opci\u00f3n de intervenci\u00f3n en caso de ser necesario.<\/p>\n<p style=\"text-align: justify;\">Ayer el Sindicato le entreg\u00f3\u00a0 a los responsables de la empresa una propuesta laboral para despegar definitivamente de la crisis que afecta de fondo las relaciones entre ambas partes y esta se comprometi\u00f3 a estudiar la misma y en caso de no estar de acuerdo en forma parcial o total entregar el d\u00eda 23 del corriente mes cuando se efect\u00fae el nuevo encuentro pactado en el Ministerio una contra oferta.<\/p>\n<p style=\"text-align: justify;\">De esta manera se podr\u00eda decir que en algo la situaci\u00f3n mejor\u00f3 ya que la empresa inform\u00f3 que hab\u00eda resuelto dejar de manera total sin efecto la suspensi\u00f3n por cinco d\u00edas que se le impusiera a los trabajadores en el momento en que se inici\u00f3 el actual conflicto de partes.<\/p>\n","protected":false},"excerpt":{"rendered":"<p>La reuni\u00f3n de ayer sirvi\u00f3\u00a0 para descomprimir un tanto la situaci\u00f3n y si bien no se aprob\u00f3\u00a0 a una soluci\u00f3n &#8230; <a title=\"Conciliaci\u00f3n en Lamar: se prorrog\u00f3 pero de manera voluntaria hasta el 23 de febrero\" class=\"read-more\" href=\"https:\/\/www.hoymercedes.com.ar\/principal\/2011\/02\/06\/conciliacion-en-lamar-se-prorrogo-pero-de-manera-voluntaria-hasta-el-23-de-febrero\/\" aria-label=\"Leer m\u00e1s sobre Conciliaci\u00f3n en Lamar: se prorrog\u00f3 pero de manera voluntaria hasta el 23 de febrero\">Leer m\u00e1s<\/a><\/p>\n","protected":false},"author":1,"featured_media":0,"comment_status":"open","ping_status":"open","sticky":false,"template":"","format":"standard","meta":{"_monsterinsights_skip_tracking":false,"_monsterinsights_sitenote_active":false,"_monsterinsights_sitenote_note":"","_monsterinsights_sitenote_category":0,"jetpack_post_was_ever_published":false,"_jetpack_newsletter_access":"","_jetpack_dont_email_post_to_subs":false,"_jetpack_newsletter_tier_id":0,"_jetpack_memberships_contains_paywalled_content":false,"_jetpack_memberships_contains_paid_content":false,"footnotes":"","jetpack_publicize_message":"","jetpack_publicize_feature_enabled":true,"jetpack_social_post_already_shared":false,"jetpack_social_options":{"image_generator_settings":{"template":"highway","default_image_id":0,"font":"","enabled":false},"version":2},"_wpas_customize_per_network":false},"categories":[8],"tags":[398],"class_list":["post-2044","post","type-post","status-publish","format-standard","hentry","category-sociedad","tag-lamar","generate-columns","tablet-grid-50","mobile-grid-100","grid-parent","grid-50"],"jetpack_publicize_connections":[],"jetpack_featured_media_url":"","wps_subtitle":"","jetpack_sharing_enabled":true,"_links":{"self":[{"href":"https:\/\/www.hoymercedes.com.ar\/principal\/wp-json\/wp\/v2\/posts\/2044","targetHints":{"allow":["GET"]}}],"collection":[{"href":"https:\/\/www.hoymercedes.com.ar\/principal\/wp-json\/wp\/v2\/posts"}],"about":[{"href":"https:\/\/www.hoymercedes.com.ar\/principal\/wp-json\/wp\/v2\/types\/post"}],"author":[{"embeddable":true,"href":"https:\/\/www.hoymercedes.com.ar\/principal\/wp-json\/wp\/v2\/users\/1"}],"replies":[{"embeddable":true,"href":"https:\/\/www.hoymercedes.com.ar\/principal\/wp-json\/wp\/v2\/comments?post=2044"}],"version-history":[{"count":0,"href":"https:\/\/www.hoymercedes.com.ar\/principal\/wp-json\/wp\/v2\/posts\/2044\/revisions"}],"wp:attachment":[{"href":"https:\/\/www.hoymercedes.com.ar\/principal\/wp-json\/wp\/v2\/media?parent=2044"}],"wp:term":[{"taxonomy":"category","embeddable":true,"href":"https:\/\/www.hoymercedes.com.ar\/principal\/wp-json\/wp\/v2\/categories?post=2044"},{"taxonomy":"post_tag","embeddable":true,"href":"https:\/\/www.hoymercedes.com.ar\/principal\/wp-json\/wp\/v2\/tags?post=2044"}],"curies":[{"name":"wp","href":"https:\/\/api.w.org\/{rel}","templated":true}]}}