{"id":20442,"date":"2013-03-09T16:18:58","date_gmt":"2013-03-09T16:18:58","guid":{"rendered":"http:\/\/www.hoymercedes.com.ar\/principal\/?p=20442"},"modified":"2013-03-09T16:29:20","modified_gmt":"2013-03-09T16:29:20","slug":"ucr-conmemoro-a-la-mujer-en-su-dia","status":"publish","type":"post","link":"https:\/\/www.hoymercedes.com.ar\/principal\/2013\/03\/09\/ucr-conmemoro-a-la-mujer-en-su-dia\/","title":{"rendered":"UCR conmemor\u00f3 a la mujer en su d\u00eda"},"content":{"rendered":"<figure id=\"attachment_20444\" aria-describedby=\"caption-attachment-20444\" style=\"width: 608px\" class=\"wp-caption aligncenter\"><a href=\"https:\/\/www.hoymercedes.com.ar\/principal\/wp-content\/uploads\/2013\/03\/UCR-DiaMujre-I.jpg\"><img loading=\"lazy\" decoding=\"async\" data-attachment-id=\"20444\" data-permalink=\"https:\/\/www.hoymercedes.com.ar\/principal\/2013\/03\/09\/ucr-conmemoro-a-la-mujer-en-su-dia\/ucr-diamujre-i\/#main\" data-orig-file=\"https:\/\/www.hoymercedes.com.ar\/principal\/wp-content\/uploads\/2013\/03\/UCR-DiaMujre-I.jpg\" data-orig-size=\"618,464\" data-comments-opened=\"1\" data-image-meta=\"{&quot;aperture&quot;:&quot;0&quot;,&quot;credit&quot;:&quot;&quot;,&quot;camera&quot;:&quot;&quot;,&quot;caption&quot;:&quot;&quot;,&quot;created_timestamp&quot;:&quot;0&quot;,&quot;copyright&quot;:&quot;&quot;,&quot;focal_length&quot;:&quot;0&quot;,&quot;iso&quot;:&quot;0&quot;,&quot;shutter_speed&quot;:&quot;0&quot;,&quot;title&quot;:&quot;&quot;}\" data-image-title=\"UCR-DiaMujre-I\" data-image-description=\"&lt;p&gt;UCR Conmemor\u00f3 el d\u00eda internacional de la mujer&lt;\/p&gt;\n\" data-image-caption=\"&lt;p&gt;UCR Conmemor\u00f3 el d\u00eda internacional de la mujer&lt;\/p&gt;\n\" data-large-file=\"https:\/\/www.hoymercedes.com.ar\/principal\/wp-content\/uploads\/2013\/03\/UCR-DiaMujre-I.jpg\" class=\"size-full wp-image-20444\" alt=\"UCR Conmemor\u00f3 el d\u00eda internacional de la mujer\" src=\"https:\/\/www.hoymercedes.com.ar\/principal\/wp-content\/uploads\/2013\/03\/UCR-DiaMujre-I.jpg\" width=\"618\" height=\"464\" \/><\/a><figcaption id=\"caption-attachment-20444\" class=\"wp-caption-text\">UCR Conmemor\u00f3 el d\u00eda internacional de la mujer<\/figcaption><\/figure>\n<p>Como ya hab\u00eda anunciado el Comit\u00e9 de Distrito, el d\u00eda mi\u00e9rcoles se realiz\u00f3 en las instalaciones del Club Comunicaciones un acto en conmemoraci\u00f3n del D\u00eda Internacional de la Mujer.<\/p>\n<p>Con la presencia de muchos afiliados, el Comit\u00e9 de la Uni\u00f3n C\u00edvica Radical encabezado por su presidente Oscar Albini, reconoci\u00f3 el labor de aquellas Concejales y Consejeras escolares desde el retorno de la democracia a la fecha, entre ellas se encontraban: Ana Maria \u00abCuca\u00bb Bussinger, A\u00edda \u00abPety\u00bb Laporta, Maria del Carmen Silva, Susana Camele, Alicia \u00abLel\u00e9\u00bb Falabella, Nelly Zetti e In\u00e9s Ghione como Concejales yMercedes Vacarini, Maria Ureta, Viviana Comerio y Mabel Lassi como Consejeras Escolares.<\/p>\n<p>Elba Aguilera hizo la apertura del acto, realizando un recorrido hist\u00f3rico sobre el d\u00eda internacional de la mujer.<\/p>\n<p>Sigui\u00f3 Oscar Albini, quien aprovech\u00f3 la oportunidad para hablar sobre el resultado de la Convenci\u00f3n Provincial de la Uni\u00f3n C\u00edvica Radical y despu\u00e9s destac\u00f3 las mujeres radicales mercedinas: Hablo de Catalina Morras, quien fuera la primer Intendente mujer, no solo de Mercedes, sino de la Provincia de Buenos Aires. Hizo una menci\u00f3n muy especial para Soledad Garrido, primera presidente mujer de la historia del Comit\u00e9 de Distrito.<\/p>\n<p>Despu\u00e9s se proyect\u00f3 un emotivo video con una de las \u00faltimas entrevistas a Florentina Gomez Miranda, diputada radical que logro desde el Congreso Nacional, la aprobaci\u00f3n de leyes fundamentales en la pol\u00edtica de derechos de genero.<\/p>\n<p>Por \u00faltimo, la Diputada Nacional Mar\u00eda Luis Storani, brind\u00f3 una charla relacionada con todo el trabajo que ella, junto a otras mujeres de la c\u00e1mara baja, est\u00e1n haciendo para seguir avanzando en debates y leyes que siguen teniendo como centro la defensa de los derechos de las mujeres, frente a la violencia de g\u00e9nero, entendida esta como amplio espectro, mas\u00a0all\u00e1\u00a0de la violencia f\u00edsica.<\/p>\n<p><span style=\"color: #888888;\">\u00a0Fuente: UCR Mercedes<\/span><\/p>\n<p>&nbsp;<\/p>\n<figure id=\"attachment_20446\" aria-describedby=\"caption-attachment-20446\" style=\"width: 608px\" class=\"wp-caption aligncenter\"><a href=\"https:\/\/www.hoymercedes.com.ar\/principal\/wp-content\/uploads\/2013\/03\/UCR-DiaMujre-II1.jpg\"><img loading=\"lazy\" decoding=\"async\" data-attachment-id=\"20446\" data-permalink=\"https:\/\/www.hoymercedes.com.ar\/principal\/2013\/03\/09\/ucr-conmemoro-a-la-mujer-en-su-dia\/ucr-diamujre-ii-2\/#main\" data-orig-file=\"https:\/\/www.hoymercedes.com.ar\/principal\/wp-content\/uploads\/2013\/03\/UCR-DiaMujre-II1.jpg\" data-orig-size=\"618,464\" data-comments-opened=\"1\" data-image-meta=\"{&quot;aperture&quot;:&quot;0&quot;,&quot;credit&quot;:&quot;&quot;,&quot;camera&quot;:&quot;&quot;,&quot;caption&quot;:&quot;&quot;,&quot;created_timestamp&quot;:&quot;0&quot;,&quot;copyright&quot;:&quot;&quot;,&quot;focal_length&quot;:&quot;0&quot;,&quot;iso&quot;:&quot;0&quot;,&quot;shutter_speed&quot;:&quot;0&quot;,&quot;title&quot;:&quot;&quot;}\" data-image-title=\"UCR-DiaMujre-II\" data-image-description=\"&lt;p&gt;UCR Conmemor\u00f3 el d\u00eda internacional de la mujer&lt;\/p&gt;\n\" data-image-caption=\"&lt;p&gt;UCR Conmemor\u00f3 el d\u00eda internacional de la mujer&lt;\/p&gt;\n\" data-large-file=\"https:\/\/www.hoymercedes.com.ar\/principal\/wp-content\/uploads\/2013\/03\/UCR-DiaMujre-II1.jpg\" class=\"size-full wp-image-20446\" alt=\"UCR Conmemor\u00f3 el d\u00eda internacional de la mujer\" src=\"https:\/\/www.hoymercedes.com.ar\/principal\/wp-content\/uploads\/2013\/03\/UCR-DiaMujre-II1.jpg\" width=\"618\" height=\"464\" srcset=\"https:\/\/www.hoymercedes.com.ar\/principal\/wp-content\/uploads\/2013\/03\/UCR-DiaMujre-II1.jpg 618w, https:\/\/www.hoymercedes.com.ar\/principal\/wp-content\/uploads\/2013\/03\/UCR-DiaMujre-II1-300x225.jpg 300w\" sizes=\"auto, (max-width: 618px) 100vw, 618px\" \/><\/a><figcaption id=\"caption-attachment-20446\" class=\"wp-caption-text\">UCR Conmemor\u00f3 el d\u00eda internacional de la mujer<\/figcaption><\/figure>\n<p>&nbsp;<\/p>\n<p>&nbsp;<\/p>\n<p>&nbsp;<\/p>\n<p>&nbsp;<\/p>\n<p>&nbsp;<\/p>\n","protected":false},"excerpt":{"rendered":"<p>Como ya hab\u00eda anunciado el Comit\u00e9 de Distrito, el d\u00eda mi\u00e9rcoles se realiz\u00f3 en las instalaciones del Club Comunicaciones un &#8230; <a title=\"UCR conmemor\u00f3 a la mujer en su d\u00eda\" class=\"read-more\" href=\"https:\/\/www.hoymercedes.com.ar\/principal\/2013\/03\/09\/ucr-conmemoro-a-la-mujer-en-su-dia\/\" aria-label=\"Leer m\u00e1s sobre UCR conmemor\u00f3 a la mujer en su d\u00eda\">Leer m\u00e1s<\/a><\/p>\n","protected":false},"author":1,"featured_media":0,"comment_status":"open","ping_status":"open","sticky":false,"template":"","format":"standard","meta":{"_monsterinsights_skip_tracking":false,"_monsterinsights_sitenote_active":false,"_monsterinsights_sitenote_note":"","_monsterinsights_sitenote_category":0,"jetpack_post_was_ever_published":false,"_jetpack_newsletter_access":"","_jetpack_dont_email_post_to_subs":false,"_jetpack_newsletter_tier_id":0,"_jetpack_memberships_contains_paywalled_content":false,"_jetpack_memberships_contains_paid_content":false,"footnotes":"","jetpack_publicize_message":"","jetpack_publicize_feature_enabled":true,"jetpack_social_post_already_shared":false,"jetpack_social_options":{"image_generator_settings":{"template":"highway","default_image_id":0,"font":"","enabled":false},"version":2},"_wpas_customize_per_network":false},"categories":[5],"tags":[2834,408,3274],"class_list":["post-20442","post","type-post","status-publish","format-standard","hentry","category-politica","tag-oscar-albini","tag-ucr","tag-ucr-conmemoro-el-dia-internacional-de-la-mujer","generate-columns","tablet-grid-50","mobile-grid-100","grid-parent","grid-50"],"jetpack_publicize_connections":[],"jetpack_featured_media_url":"","wps_subtitle":"","jetpack_sharing_enabled":true,"_links":{"self":[{"href":"https:\/\/www.hoymercedes.com.ar\/principal\/wp-json\/wp\/v2\/posts\/20442","targetHints":{"allow":["GET"]}}],"collection":[{"href":"https:\/\/www.hoymercedes.com.ar\/principal\/wp-json\/wp\/v2\/posts"}],"about":[{"href":"https:\/\/www.hoymercedes.com.ar\/principal\/wp-json\/wp\/v2\/types\/post"}],"author":[{"embeddable":true,"href":"https:\/\/www.hoymercedes.com.ar\/principal\/wp-json\/wp\/v2\/users\/1"}],"replies":[{"embeddable":true,"href":"https:\/\/www.hoymercedes.com.ar\/principal\/wp-json\/wp\/v2\/comments?post=20442"}],"version-history":[{"count":0,"href":"https:\/\/www.hoymercedes.com.ar\/principal\/wp-json\/wp\/v2\/posts\/20442\/revisions"}],"wp:attachment":[{"href":"https:\/\/www.hoymercedes.com.ar\/principal\/wp-json\/wp\/v2\/media?parent=20442"}],"wp:term":[{"taxonomy":"category","embeddable":true,"href":"https:\/\/www.hoymercedes.com.ar\/principal\/wp-json\/wp\/v2\/categories?post=20442"},{"taxonomy":"post_tag","embeddable":true,"href":"https:\/\/www.hoymercedes.com.ar\/principal\/wp-json\/wp\/v2\/tags?post=20442"}],"curies":[{"name":"wp","href":"https:\/\/api.w.org\/{rel}","templated":true}]}}