{"id":20456,"date":"2013-03-09T17:00:37","date_gmt":"2013-03-09T17:00:37","guid":{"rendered":"http:\/\/www.hoymercedes.com.ar\/principal\/?p=20456"},"modified":"2013-03-09T17:00:56","modified_gmt":"2013-03-09T17:00:56","slug":"se-desarrollaron-actividades-solidarias-en-el-barrio-marchetti","status":"publish","type":"post","link":"https:\/\/www.hoymercedes.com.ar\/principal\/2013\/03\/09\/se-desarrollaron-actividades-solidarias-en-el-barrio-marchetti\/","title":{"rendered":"Se desarrollaron actividades solidarias en el Barrio Marchetti"},"content":{"rendered":"<figure id=\"attachment_20458\" aria-describedby=\"caption-attachment-20458\" style=\"width: 608px\" class=\"wp-caption aligncenter\"><a href=\"https:\/\/www.hoymercedes.com.ar\/principal\/wp-content\/uploads\/2013\/03\/100_1306.jpg\"><img loading=\"lazy\" decoding=\"async\" data-attachment-id=\"20458\" data-permalink=\"https:\/\/www.hoymercedes.com.ar\/principal\/2013\/03\/09\/se-desarrollaron-actividades-solidarias-en-el-barrio-marchetti\/100_1306\/#main\" data-orig-file=\"https:\/\/www.hoymercedes.com.ar\/principal\/wp-content\/uploads\/2013\/03\/100_1306.jpg\" data-orig-size=\"618,464\" data-comments-opened=\"1\" data-image-meta=\"{&quot;aperture&quot;:&quot;3.9&quot;,&quot;credit&quot;:&quot;&quot;,&quot;camera&quot;:&quot;KODAK EASYSHARE Touch Camera, M5370&quot;,&quot;caption&quot;:&quot;&quot;,&quot;created_timestamp&quot;:&quot;1362766805&quot;,&quot;copyright&quot;:&quot;&quot;,&quot;focal_length&quot;:&quot;5.1&quot;,&quot;iso&quot;:&quot;64&quot;,&quot;shutter_speed&quot;:&quot;0.016666666666667&quot;,&quot;title&quot;:&quot;&quot;}\" data-image-title=\"Barrio Marchetti\" data-image-description=\"\" data-image-caption=\"\" data-large-file=\"https:\/\/www.hoymercedes.com.ar\/principal\/wp-content\/uploads\/2013\/03\/100_1306.jpg\" class=\"size-full wp-image-20458\" alt=\"Barrio Marchetti\" src=\"https:\/\/www.hoymercedes.com.ar\/principal\/wp-content\/uploads\/2013\/03\/100_1306.jpg\" width=\"618\" height=\"464\" \/><\/a><figcaption id=\"caption-attachment-20458\" class=\"wp-caption-text\">Barrio Marchetti<\/figcaption><\/figure>\n<p><em><strong>Bajo la idea de \u00abparticipaci\u00f3n, rebalorizaci\u00f3n y cuidado de\u00a0espacios\u00a0y edificios p\u00fablicos\u00bb se llev\u00f3 a cabo en el Barrio Marchetti una jornada de acci\u00f3n solidaria con integrantes de la Agrupaci\u00f3n 17 de Octubre.<\/strong><\/em><\/p>\n<p>Este viernes por la tarde integrantes de la Agrupaci\u00f3n 17 de Octubre \u00a0que conduce Carlos Selva Conducci\u00f3n con participaci\u00f3n de la Juventud Peronista, militantes y Concejales)junto a familia ,j\u00f3venes y vecinos realizaron una jornada solidaria en el barrio Marchetti calle 26 bis y 63 .<\/p>\n<p>Se pint\u00f3 la parte inferior de la Capilla Santa Teresita, limpieza y corte de pasto tanto en la capilla como en la cancha de f\u00fatbol donde tambi\u00e9n se pintaron los arcos.<\/p>\n<p>Desde la agrupaci\u00f3n sostienen que: <em>\u00abCon mucho\u00a0inter\u00e9s,\u00a0entusiasmo y\u00a0alegr\u00eda\u00a0compartieron\u00a0la jornada los\u00a0j\u00f3venes\u00a0y vecinos del barrio acompa\u00f1ando a los\u00a0militantes\u00a0para mantener en condiciones estos espacios que son utilizados por todos\u00bb.<\/em><\/p>\n<figure id=\"attachment_20459\" aria-describedby=\"caption-attachment-20459\" style=\"width: 608px\" class=\"wp-caption aligncenter\"><a href=\"https:\/\/www.hoymercedes.com.ar\/principal\/wp-content\/uploads\/2013\/03\/100_1280.jpg\"><img loading=\"lazy\" decoding=\"async\" data-attachment-id=\"20459\" data-permalink=\"https:\/\/www.hoymercedes.com.ar\/principal\/2013\/03\/09\/se-desarrollaron-actividades-solidarias-en-el-barrio-marchetti\/100_1280\/#main\" data-orig-file=\"https:\/\/www.hoymercedes.com.ar\/principal\/wp-content\/uploads\/2013\/03\/100_1280.jpg\" data-orig-size=\"618,464\" data-comments-opened=\"1\" data-image-meta=\"{&quot;aperture&quot;:&quot;3.9&quot;,&quot;credit&quot;:&quot;&quot;,&quot;camera&quot;:&quot;KODAK EASYSHARE Touch Camera, M5370&quot;,&quot;caption&quot;:&quot;&quot;,&quot;created_timestamp&quot;:&quot;1362766541&quot;,&quot;copyright&quot;:&quot;&quot;,&quot;focal_length&quot;:&quot;5.1&quot;,&quot;iso&quot;:&quot;64&quot;,&quot;shutter_speed&quot;:&quot;0.0025&quot;,&quot;title&quot;:&quot;&quot;}\" data-image-title=\"Barrio Marchetti\" data-image-description=\"\" data-image-caption=\"&lt;p&gt;Barrio Marchetti&lt;\/p&gt;\n\" data-large-file=\"https:\/\/www.hoymercedes.com.ar\/principal\/wp-content\/uploads\/2013\/03\/100_1280.jpg\" class=\"size-full wp-image-20459\" alt=\"Barrio Marchetti\" src=\"https:\/\/www.hoymercedes.com.ar\/principal\/wp-content\/uploads\/2013\/03\/100_1280.jpg\" width=\"618\" height=\"464\" srcset=\"https:\/\/www.hoymercedes.com.ar\/principal\/wp-content\/uploads\/2013\/03\/100_1280.jpg 618w, https:\/\/www.hoymercedes.com.ar\/principal\/wp-content\/uploads\/2013\/03\/100_1280-300x225.jpg 300w\" sizes=\"auto, (max-width: 618px) 100vw, 618px\" \/><\/a><figcaption id=\"caption-attachment-20459\" class=\"wp-caption-text\">Barrio Marchetti<\/figcaption><\/figure>\n","protected":false},"excerpt":{"rendered":"<p>Bajo la idea de \u00abparticipaci\u00f3n, rebalorizaci\u00f3n y cuidado de\u00a0espacios\u00a0y edificios p\u00fablicos\u00bb se llev\u00f3 a cabo en el Barrio Marchetti una &#8230; <a title=\"Se desarrollaron actividades solidarias en el Barrio Marchetti\" class=\"read-more\" href=\"https:\/\/www.hoymercedes.com.ar\/principal\/2013\/03\/09\/se-desarrollaron-actividades-solidarias-en-el-barrio-marchetti\/\" aria-label=\"Leer m\u00e1s sobre Se desarrollaron actividades solidarias en el Barrio Marchetti\">Leer m\u00e1s<\/a><\/p>\n","protected":false},"author":1,"featured_media":0,"comment_status":"open","ping_status":"open","sticky":false,"template":"","format":"standard","meta":{"_monsterinsights_skip_tracking":false,"_monsterinsights_sitenote_active":false,"_monsterinsights_sitenote_note":"","_monsterinsights_sitenote_category":0,"jetpack_post_was_ever_published":false,"_jetpack_newsletter_access":"","_jetpack_dont_email_post_to_subs":false,"_jetpack_newsletter_tier_id":0,"_jetpack_memberships_contains_paywalled_content":false,"_jetpack_memberships_contains_paid_content":false,"footnotes":"","jetpack_publicize_message":"","jetpack_publicize_feature_enabled":true,"jetpack_social_post_already_shared":false,"jetpack_social_options":{"image_generator_settings":{"template":"highway","default_image_id":0,"font":"","enabled":false},"version":2},"_wpas_customize_per_network":false},"categories":[5],"tags":[552,623],"class_list":["post-20456","post","type-post","status-publish","format-standard","hentry","category-politica","tag-agrupacion-17-de-octubre","tag-barrio-marchetti","generate-columns","tablet-grid-50","mobile-grid-100","grid-parent","grid-50"],"jetpack_publicize_connections":[],"jetpack_featured_media_url":"","wps_subtitle":"","jetpack_sharing_enabled":true,"_links":{"self":[{"href":"https:\/\/www.hoymercedes.com.ar\/principal\/wp-json\/wp\/v2\/posts\/20456","targetHints":{"allow":["GET"]}}],"collection":[{"href":"https:\/\/www.hoymercedes.com.ar\/principal\/wp-json\/wp\/v2\/posts"}],"about":[{"href":"https:\/\/www.hoymercedes.com.ar\/principal\/wp-json\/wp\/v2\/types\/post"}],"author":[{"embeddable":true,"href":"https:\/\/www.hoymercedes.com.ar\/principal\/wp-json\/wp\/v2\/users\/1"}],"replies":[{"embeddable":true,"href":"https:\/\/www.hoymercedes.com.ar\/principal\/wp-json\/wp\/v2\/comments?post=20456"}],"version-history":[{"count":0,"href":"https:\/\/www.hoymercedes.com.ar\/principal\/wp-json\/wp\/v2\/posts\/20456\/revisions"}],"wp:attachment":[{"href":"https:\/\/www.hoymercedes.com.ar\/principal\/wp-json\/wp\/v2\/media?parent=20456"}],"wp:term":[{"taxonomy":"category","embeddable":true,"href":"https:\/\/www.hoymercedes.com.ar\/principal\/wp-json\/wp\/v2\/categories?post=20456"},{"taxonomy":"post_tag","embeddable":true,"href":"https:\/\/www.hoymercedes.com.ar\/principal\/wp-json\/wp\/v2\/tags?post=20456"}],"curies":[{"name":"wp","href":"https:\/\/api.w.org\/{rel}","templated":true}]}}