{"id":20597,"date":"2013-03-16T21:19:48","date_gmt":"2013-03-16T21:19:48","guid":{"rendered":"http:\/\/www.hoymercedes.com.ar\/principal\/?p=20597"},"modified":"2013-03-17T23:45:11","modified_gmt":"2013-03-17T23:45:11","slug":"detenciones-robos-e-intento-de-robos","status":"publish","type":"post","link":"https:\/\/www.hoymercedes.com.ar\/principal\/2013\/03\/16\/detenciones-robos-e-intento-de-robos\/","title":{"rendered":"Detenciones, robos e intento de robo"},"content":{"rendered":"<p>Luego de diversas acciones policiales logran detener a dos personas vinculadas a robos efectuados en nuestra ciudad concretamente en comercios. Tambi\u00e9n se vivi\u00f3 un desagradable hecho en reconocida pizzer\u00eda.<\/p>\n<p>El primero de estos se trata del comercio ubicado en calle 16 entre 31 y 33, donde el d\u00eda 28 de febrero ingreso un delincuente quien, amenazando a su due\u00f1a con un cuchillo, le roba dinero en efectivo, y se retira del lugar en una motocicleta que era conducida por otro joven. El primero de ellos ten\u00eda su rostro tapado con una prenda llamada \u201ccuellito\u201d. El hecho es investigado por la fiscal\u00eda n\u00ba 6 de esta ciudad. El segundo kiosco que tuvo problemas, fue el que se encuentra en la esquina de las calles 22 y 47, aqu\u00ed fue detenido por efectivos de la Comisaria local, un joven de 17 a\u00f1os quien habr\u00eda roto el vidrio de la puerta principal, y previo a esto, habr\u00eda intentado robar el comercio junto a otro joven delincuente; en este ultimo episodio, el propietario del local los corri\u00f3, y estos lograron alejarse sin ser alcanzados, y es por eso que el detenido volvi\u00f3 al lugar con una actitud amenazante, logrando ser detenido. En este hecho interviene la fiscal\u00eda de menores.<\/p>\n<p>Por otro lado se supo y como resultado de investigaciones llevadas a cabo por personal de la Comisaria, lograron detener a un sujeto de 32 a\u00f1os, domiciliado en Agote, quien tendr\u00eda intervenci\u00f3n directa en hechos de robo a los comercios, as\u00ed tambi\u00e9n se secuestr\u00f3 una motocicleta con la que llevar\u00eda a cabo esos delitos.<\/p>\n<p>Igualmente el d\u00eda jueves pasado, dos delincuentes intentaron robar en la pizzer\u00eda Pandu, que se encuentra en calle 12 y 45; aqu\u00ed su due\u00f1o pudo evitar todo, no obstante uno de los delincuentes le\u00a0dio\u00a0un fuerte golpe en su rostro, caus\u00e1ndole lesiones, siendo necesario su trasladado urgente al hospital local donde fue asistido.<\/p>\n","protected":false},"excerpt":{"rendered":"<p>Luego de diversas acciones policiales logran detener a dos personas vinculadas a robos efectuados en nuestra ciudad concretamente en comercios. &#8230; <a title=\"Detenciones, robos e intento de robo\" class=\"read-more\" href=\"https:\/\/www.hoymercedes.com.ar\/principal\/2013\/03\/16\/detenciones-robos-e-intento-de-robos\/\" aria-label=\"Leer m\u00e1s sobre Detenciones, robos e intento de robo\">Leer m\u00e1s<\/a><\/p>\n","protected":false},"author":1,"featured_media":0,"comment_status":"open","ping_status":"open","sticky":false,"template":"","format":"standard","meta":{"_monsterinsights_skip_tracking":false,"_monsterinsights_sitenote_active":false,"_monsterinsights_sitenote_note":"","_monsterinsights_sitenote_category":0,"jetpack_post_was_ever_published":false,"_jetpack_newsletter_access":"","_jetpack_dont_email_post_to_subs":false,"_jetpack_newsletter_tier_id":0,"_jetpack_memberships_contains_paywalled_content":false,"_jetpack_memberships_contains_paid_content":false,"footnotes":"","jetpack_publicize_message":"","jetpack_publicize_feature_enabled":true,"jetpack_social_post_already_shared":false,"jetpack_social_options":{"image_generator_settings":{"template":"highway","default_image_id":0,"font":"","enabled":false},"version":2},"_wpas_customize_per_network":false},"categories":[85],"tags":[1793,666],"class_list":["post-20597","post","type-post","status-publish","format-standard","hentry","category-policial","tag-robos","tag-robos-mercedes","generate-columns","tablet-grid-50","mobile-grid-100","grid-parent","grid-50"],"jetpack_publicize_connections":[],"jetpack_featured_media_url":"","wps_subtitle":"","jetpack_sharing_enabled":true,"_links":{"self":[{"href":"https:\/\/www.hoymercedes.com.ar\/principal\/wp-json\/wp\/v2\/posts\/20597","targetHints":{"allow":["GET"]}}],"collection":[{"href":"https:\/\/www.hoymercedes.com.ar\/principal\/wp-json\/wp\/v2\/posts"}],"about":[{"href":"https:\/\/www.hoymercedes.com.ar\/principal\/wp-json\/wp\/v2\/types\/post"}],"author":[{"embeddable":true,"href":"https:\/\/www.hoymercedes.com.ar\/principal\/wp-json\/wp\/v2\/users\/1"}],"replies":[{"embeddable":true,"href":"https:\/\/www.hoymercedes.com.ar\/principal\/wp-json\/wp\/v2\/comments?post=20597"}],"version-history":[{"count":0,"href":"https:\/\/www.hoymercedes.com.ar\/principal\/wp-json\/wp\/v2\/posts\/20597\/revisions"}],"wp:attachment":[{"href":"https:\/\/www.hoymercedes.com.ar\/principal\/wp-json\/wp\/v2\/media?parent=20597"}],"wp:term":[{"taxonomy":"category","embeddable":true,"href":"https:\/\/www.hoymercedes.com.ar\/principal\/wp-json\/wp\/v2\/categories?post=20597"},{"taxonomy":"post_tag","embeddable":true,"href":"https:\/\/www.hoymercedes.com.ar\/principal\/wp-json\/wp\/v2\/tags?post=20597"}],"curies":[{"name":"wp","href":"https:\/\/api.w.org\/{rel}","templated":true}]}}