{"id":20735,"date":"2013-03-18T22:01:45","date_gmt":"2013-03-18T22:01:45","guid":{"rendered":"http:\/\/www.hoymercedes.com.ar\/principal\/?p=20735"},"modified":"2013-03-18T22:01:57","modified_gmt":"2013-03-18T22:01:57","slug":"los-pasos-previos-desarrollaron-2-plenario-y-se-viene-nueva-jornada-deportiva","status":"publish","type":"post","link":"https:\/\/www.hoymercedes.com.ar\/principal\/2013\/03\/18\/los-pasos-previos-desarrollaron-2-plenario-y-se-viene-nueva-jornada-deportiva\/","title":{"rendered":"Los Pasos Previos: desarrollaron 2\u00b0 plenario y se viene nueva jornada deportiva"},"content":{"rendered":"<figure id=\"attachment_20737\" aria-describedby=\"caption-attachment-20737\" style=\"width: 608px\" class=\"wp-caption aligncenter\"><a href=\"https:\/\/www.hoymercedes.com.ar\/principal\/wp-content\/uploads\/2013\/03\/LosPasosPrevios.jpg\"><img loading=\"lazy\" decoding=\"async\" data-attachment-id=\"20737\" data-permalink=\"https:\/\/www.hoymercedes.com.ar\/principal\/2013\/03\/18\/los-pasos-previos-desarrollaron-2-plenario-y-se-viene-nueva-jornada-deportiva\/lospasosprevios\/#main\" data-orig-file=\"https:\/\/www.hoymercedes.com.ar\/principal\/wp-content\/uploads\/2013\/03\/LosPasosPrevios.jpg\" data-orig-size=\"618,464\" data-comments-opened=\"1\" data-image-meta=\"{&quot;aperture&quot;:&quot;2.6&quot;,&quot;credit&quot;:&quot;&quot;,&quot;camera&quot;:&quot;GT-B5510L&quot;,&quot;caption&quot;:&quot;&quot;,&quot;created_timestamp&quot;:&quot;1361906620&quot;,&quot;copyright&quot;:&quot;&quot;,&quot;focal_length&quot;:&quot;2.79&quot;,&quot;iso&quot;:&quot;64&quot;,&quot;shutter_speed&quot;:&quot;0.033333333333333&quot;,&quot;title&quot;:&quot;&quot;}\" data-image-title=\"LosPasosPrevios\" data-image-description=\"\" data-image-caption=\"&lt;p&gt;Los Pasos Previos colocando leyendas por diversos puntos de la ciudad&lt;\/p&gt;\n\" data-large-file=\"https:\/\/www.hoymercedes.com.ar\/principal\/wp-content\/uploads\/2013\/03\/LosPasosPrevios.jpg\" class=\"size-full wp-image-20737\" alt=\"Los Pasos Previos colocando leyendas por diversos puntos de la ciudad\" src=\"https:\/\/www.hoymercedes.com.ar\/principal\/wp-content\/uploads\/2013\/03\/LosPasosPrevios.jpg\" width=\"618\" height=\"464\" \/><\/a><figcaption id=\"caption-attachment-20737\" class=\"wp-caption-text\">Los Pasos Previos colocando leyendas por diversos puntos de la ciudad<\/figcaption><\/figure>\n<p>Los \u00abPasos previos\u00bb llev\u00f3 a cabo este fin de semana el segundo plenario en pos de delinear acciones pol\u00edticas en nuestra ciudad.<\/p>\n<p>El grupo de trabajo comandado por Mart\u00edn \u00c1lverez tuvo su segundo encuentro plenario. Anteriormente ya hab\u00edan desarrollado actividades como ser el encuentro deportivo entre barriadas de nuestra ciudad que contin\u00faan desarrollando y desde donde ya participaron barrios como Santa Teresita, Obrero, San Francisco y el equipo de Los Pasos. Se trata de un torneo de f\u00fatbol femenino en modalidad de 7 jugadores. El pr\u00f3ximo domingo se desarrollar\u00e1 la segunda fecha.<\/p>\n<div id=\"mid.1363091702969:93348b2e9fa2e6bd19\">\n<div>\n<div>\n<p>Mart\u00edn aclar\u00f3 a HoyMercedes que: <em>\u00abacompa\u00f1amos el modelo que implemento N\u00e9stor y da continuidad cristina. en mercedes queremos consolidarnos como una alternativa de\u00a0pol\u00edticas\u00a0publicas e inclusivas de ah\u00ed las acciones solidarias e integrativas que desarrollamos\u00bb\u00a0.<\/em><\/p>\n<p>El segundo planario lo desarrollaron en el \u00e1mbito de una quinta con participaci\u00f3n de j\u00f3venes y adultos que comulgan con las pol\u00edticas sociales del gobierno nacional.<\/p>\n<\/div>\n<\/div>\n<\/div>\n<div><\/div>\n","protected":false},"excerpt":{"rendered":"<p>Los \u00abPasos previos\u00bb llev\u00f3 a cabo este fin de semana el segundo plenario en pos de delinear acciones pol\u00edticas en &#8230; <a title=\"Los Pasos Previos: desarrollaron 2\u00b0 plenario y se viene nueva jornada deportiva\" class=\"read-more\" href=\"https:\/\/www.hoymercedes.com.ar\/principal\/2013\/03\/18\/los-pasos-previos-desarrollaron-2-plenario-y-se-viene-nueva-jornada-deportiva\/\" aria-label=\"Leer m\u00e1s sobre Los Pasos Previos: desarrollaron 2\u00b0 plenario y se viene nueva jornada deportiva\">Leer m\u00e1s<\/a><\/p>\n","protected":false},"author":1,"featured_media":0,"comment_status":"open","ping_status":"open","sticky":false,"template":"","format":"standard","meta":{"_monsterinsights_skip_tracking":false,"_monsterinsights_sitenote_active":false,"_monsterinsights_sitenote_note":"","_monsterinsights_sitenote_category":0,"jetpack_post_was_ever_published":false,"_jetpack_newsletter_access":"","_jetpack_dont_email_post_to_subs":false,"_jetpack_newsletter_tier_id":0,"_jetpack_memberships_contains_paywalled_content":false,"_jetpack_memberships_contains_paid_content":false,"footnotes":"","jetpack_publicize_message":"","jetpack_publicize_feature_enabled":true,"jetpack_social_post_already_shared":false,"jetpack_social_options":{"image_generator_settings":{"template":"highway","default_image_id":0,"font":"","enabled":false},"version":2},"_wpas_customize_per_network":false},"categories":[5],"tags":[3289],"class_list":["post-20735","post","type-post","status-publish","format-standard","hentry","category-politica","tag-los-pasos-previos","generate-columns","tablet-grid-50","mobile-grid-100","grid-parent","grid-50"],"jetpack_publicize_connections":[],"jetpack_featured_media_url":"","wps_subtitle":"","jetpack_sharing_enabled":true,"_links":{"self":[{"href":"https:\/\/www.hoymercedes.com.ar\/principal\/wp-json\/wp\/v2\/posts\/20735","targetHints":{"allow":["GET"]}}],"collection":[{"href":"https:\/\/www.hoymercedes.com.ar\/principal\/wp-json\/wp\/v2\/posts"}],"about":[{"href":"https:\/\/www.hoymercedes.com.ar\/principal\/wp-json\/wp\/v2\/types\/post"}],"author":[{"embeddable":true,"href":"https:\/\/www.hoymercedes.com.ar\/principal\/wp-json\/wp\/v2\/users\/1"}],"replies":[{"embeddable":true,"href":"https:\/\/www.hoymercedes.com.ar\/principal\/wp-json\/wp\/v2\/comments?post=20735"}],"version-history":[{"count":0,"href":"https:\/\/www.hoymercedes.com.ar\/principal\/wp-json\/wp\/v2\/posts\/20735\/revisions"}],"wp:attachment":[{"href":"https:\/\/www.hoymercedes.com.ar\/principal\/wp-json\/wp\/v2\/media?parent=20735"}],"wp:term":[{"taxonomy":"category","embeddable":true,"href":"https:\/\/www.hoymercedes.com.ar\/principal\/wp-json\/wp\/v2\/categories?post=20735"},{"taxonomy":"post_tag","embeddable":true,"href":"https:\/\/www.hoymercedes.com.ar\/principal\/wp-json\/wp\/v2\/tags?post=20735"}],"curies":[{"name":"wp","href":"https:\/\/api.w.org\/{rel}","templated":true}]}}