{"id":20768,"date":"2013-03-20T00:10:50","date_gmt":"2013-03-20T00:10:50","guid":{"rendered":"http:\/\/www.hoymercedes.com.ar\/principal\/?p=20768"},"modified":"2013-03-20T00:12:06","modified_gmt":"2013-03-20T00:12:06","slug":"fmpv-pedira-el-concejo-deliberante-controle-elecciones-barriales","status":"publish","type":"post","link":"https:\/\/www.hoymercedes.com.ar\/principal\/2013\/03\/20\/fmpv-pedira-el-concejo-deliberante-controle-elecciones-barriales\/","title":{"rendered":"FMPV pedir\u00e1 el Concejo Deliberante controle elecciones barriales"},"content":{"rendered":"<p><em><strong>El bloque del Frente Mercedino para la Victoria buscar\u00e1 que el Honorable Concejo\u00a0Deliberante act\u00fae como autoridad de control en las elecciones de las distintas sociedades\u00a0de fomento de la ciudad, luego de los lamentables episodios ocurridos el s\u00e1bado en el\u00a0barrio San Antonio, cuando desde el oficialismo intentaron impugnar con argumentos\u00a0poco claros la lista opositora y obligaron a postergar los comicios (a\u00fan sin fecha).<\/strong><\/em><\/p>\n<p>\u201cNos llama la atenci\u00f3n que estos episodios en el San Antonio, junto con la sorpresiva\u00a0postergaci\u00f3n de los comicios en los barrios de San Justo y Malvinas, ocurran justo despu\u00e9s\u00a0de que distintos referentes del Frente ganaran cuatro elecciones consecutivas\u201d, explicaron\u00a0los concejales de la agrupaci\u00f3n que conduce Juan Ignacio Ustarroz.<\/p>\n<p>En efecto, los referentes del FMPV vienen de ganar cuatro elecciones barriales seguidas:\u00a0Los Duraznos, San Mart\u00edn, Facundo Quiroga y Soldado Balvidares, derrota esta \u00faltima que\u00a0cal\u00f3 especialmente hondo en el \u00e1nimo del intendente. Es el barrio de su mujer, Cristina\u00a0Arias, y particip\u00f3 activamente en la campa\u00f1a previa a los comicios a favor de la lista de\u00a0Roc\u00edo Amarillo, luego vencida holgadamente por Andr\u00e9s L\u00f3pez, psic\u00f3logo social, 108 a 79.<\/p>\n<p>A la vez, el FMPV denunci\u00f3 que el selvismo intent\u00f3 realizar las elecciones en el barrio\u00a0Trocha sin llamar debidamente a la formaci\u00f3n de listas. \u201cPor suerte, porque realmente fue\u00a0de suerte, nos enteramos a tiempo de la maniobra y logramos impugnarla\u201d, contaron.<\/p>\n<p>De acuerdo al art\u00edculo 13 de un decreto emitido en abril de 2002 para corregir las\u00a0ordenanzas 5268\/01 y 5306 y 7\/02, el \u201cDepartamento Ejecutivo debe informar al HCD (\u2026)\u00a0con la antelaci\u00f3n necesaria en los casos de fecha y horas de Asambleas Constitutivas y\/o\u00a0renovaci\u00f3n de autoridades\u201d.<\/p>\n","protected":false},"excerpt":{"rendered":"<p>El bloque del Frente Mercedino para la Victoria buscar\u00e1 que el Honorable Concejo\u00a0Deliberante act\u00fae como autoridad de control en las &#8230; <a title=\"FMPV pedir\u00e1 el Concejo Deliberante controle elecciones barriales\" class=\"read-more\" href=\"https:\/\/www.hoymercedes.com.ar\/principal\/2013\/03\/20\/fmpv-pedira-el-concejo-deliberante-controle-elecciones-barriales\/\" aria-label=\"Leer m\u00e1s sobre FMPV pedir\u00e1 el Concejo Deliberante controle elecciones barriales\">Leer m\u00e1s<\/a><\/p>\n","protected":false},"author":1,"featured_media":0,"comment_status":"open","ping_status":"open","sticky":false,"template":"","format":"standard","meta":{"_monsterinsights_skip_tracking":false,"_monsterinsights_sitenote_active":false,"_monsterinsights_sitenote_note":"","_monsterinsights_sitenote_category":0,"jetpack_post_was_ever_published":false,"_jetpack_newsletter_access":"","_jetpack_dont_email_post_to_subs":false,"_jetpack_newsletter_tier_id":0,"_jetpack_memberships_contains_paywalled_content":false,"_jetpack_memberships_contains_paid_content":false,"footnotes":"","jetpack_publicize_message":"","jetpack_publicize_feature_enabled":true,"jetpack_social_post_already_shared":false,"jetpack_social_options":{"image_generator_settings":{"template":"highway","default_image_id":0,"font":"","enabled":false},"version":2},"_wpas_customize_per_network":false},"categories":[5],"tags":[379],"class_list":["post-20768","post","type-post","status-publish","format-standard","hentry","category-politica","tag-frente-mercedino-para-la-victoria","generate-columns","tablet-grid-50","mobile-grid-100","grid-parent","grid-50"],"jetpack_publicize_connections":[],"jetpack_featured_media_url":"","wps_subtitle":"","jetpack_sharing_enabled":true,"_links":{"self":[{"href":"https:\/\/www.hoymercedes.com.ar\/principal\/wp-json\/wp\/v2\/posts\/20768","targetHints":{"allow":["GET"]}}],"collection":[{"href":"https:\/\/www.hoymercedes.com.ar\/principal\/wp-json\/wp\/v2\/posts"}],"about":[{"href":"https:\/\/www.hoymercedes.com.ar\/principal\/wp-json\/wp\/v2\/types\/post"}],"author":[{"embeddable":true,"href":"https:\/\/www.hoymercedes.com.ar\/principal\/wp-json\/wp\/v2\/users\/1"}],"replies":[{"embeddable":true,"href":"https:\/\/www.hoymercedes.com.ar\/principal\/wp-json\/wp\/v2\/comments?post=20768"}],"version-history":[{"count":0,"href":"https:\/\/www.hoymercedes.com.ar\/principal\/wp-json\/wp\/v2\/posts\/20768\/revisions"}],"wp:attachment":[{"href":"https:\/\/www.hoymercedes.com.ar\/principal\/wp-json\/wp\/v2\/media?parent=20768"}],"wp:term":[{"taxonomy":"category","embeddable":true,"href":"https:\/\/www.hoymercedes.com.ar\/principal\/wp-json\/wp\/v2\/categories?post=20768"},{"taxonomy":"post_tag","embeddable":true,"href":"https:\/\/www.hoymercedes.com.ar\/principal\/wp-json\/wp\/v2\/tags?post=20768"}],"curies":[{"name":"wp","href":"https:\/\/api.w.org\/{rel}","templated":true}]}}