{"id":20808,"date":"2013-03-21T01:08:59","date_gmt":"2013-03-21T01:08:59","guid":{"rendered":"http:\/\/www.hoymercedes.com.ar\/principal\/?p=20808"},"modified":"2013-03-21T01:09:10","modified_gmt":"2013-03-21T01:09:10","slug":"entregaron-cuentos-del-abuelo-de-oscar-dinova-a-las-escuelas","status":"publish","type":"post","link":"https:\/\/www.hoymercedes.com.ar\/principal\/2013\/03\/21\/entregaron-cuentos-del-abuelo-de-oscar-dinova-a-las-escuelas\/","title":{"rendered":"Entregaron \u201cCuentos del abuelo\u201d de Oscar Dinova a las escuelas"},"content":{"rendered":"<figure id=\"attachment_20810\" aria-describedby=\"caption-attachment-20810\" style=\"width: 608px\" class=\"wp-caption aligncenter\"><a href=\"https:\/\/www.hoymercedes.com.ar\/principal\/wp-content\/uploads\/2013\/03\/Dinova-LibrosEscuelas.jpg\"><img loading=\"lazy\" decoding=\"async\" data-attachment-id=\"20810\" data-permalink=\"https:\/\/www.hoymercedes.com.ar\/principal\/2013\/03\/21\/entregaron-cuentos-del-abuelo-de-oscar-dinova-a-las-escuelas\/dinova-librosescuelas\/#main\" data-orig-file=\"https:\/\/www.hoymercedes.com.ar\/principal\/wp-content\/uploads\/2013\/03\/Dinova-LibrosEscuelas.jpg\" data-orig-size=\"618,464\" data-comments-opened=\"1\" data-image-meta=\"{&quot;aperture&quot;:&quot;2.6&quot;,&quot;credit&quot;:&quot;&quot;,&quot;camera&quot;:&quot;GT-B5510L&quot;,&quot;caption&quot;:&quot;&quot;,&quot;created_timestamp&quot;:&quot;1363778440&quot;,&quot;copyright&quot;:&quot;&quot;,&quot;focal_length&quot;:&quot;2.79&quot;,&quot;iso&quot;:&quot;320&quot;,&quot;shutter_speed&quot;:&quot;0.125&quot;,&quot;title&quot;:&quot;&quot;}\" data-image-title=\"Dinova-LibrosEscuelas\" data-image-description=\"\" data-image-caption=\"&lt;p&gt;Oscar Dinova present\u00f3 y entreg\u00f3 libro a las escuelas&lt;\/p&gt;\n\" data-large-file=\"https:\/\/www.hoymercedes.com.ar\/principal\/wp-content\/uploads\/2013\/03\/Dinova-LibrosEscuelas.jpg\" class=\"size-full wp-image-20810\" alt=\"Oscar Dinova present\u00f3 y entreg\u00f3 libro a las escuelas\" src=\"https:\/\/www.hoymercedes.com.ar\/principal\/wp-content\/uploads\/2013\/03\/Dinova-LibrosEscuelas.jpg\" width=\"618\" height=\"464\" \/><\/a><figcaption id=\"caption-attachment-20810\" class=\"wp-caption-text\">Oscar Dinova present\u00f3 y entreg\u00f3 libro a las escuelas<\/figcaption><\/figure>\n<p><em><strong>Se llev\u00f3 a cabo durante la ma\u00f1ana de este mi\u00e9rcoles la entrega de libros \u201ccuentos del abuelo\u201d parte I del escritor mercedino Oscar Dinova en el Ameghino Mar\u00edn a las escuelas de nuestra ciudad. Esta es la segunda publicaci\u00f3n de Dinova que ya ten\u00eda en las bateas \u201cBulul\u00fa th\u00e9atre. Memorias del exilio (Par\u00eds 1978 &#8211; 1981)\u201d.<\/strong><\/em><\/p>\n<p>Tal como se hab\u00eda anunciado se llev\u00f3 a cabo la entrega de libros. La acci\u00f3n se llev\u00f3 a cabo por parte de una decisi\u00f3n de la Direcci\u00f3n de Cultura de la Municipalidad desde su Coordinaci\u00f3n Educativa donde a cada instituci\u00f3n se le entregaron ejemplares para que puedan trabajar en el aula temas vinculados a la historia de la ciudad. El libro como novedad tiene una parte dedicada a la tarea docente efectuando propuestas para el aula. Desde el municipio local se adquirieron 100 ejemplares para ser distribuidos entre bibliotecas y espacios culturales con el objetivo de difundir nuestra cultura.<\/p>\n<p>Un importante marco de p\u00fablico se hizo presente. El autor firm\u00f3 ejemplares. Se cant\u00f3 el himno nacional y se realiz\u00f3 la lectura de fragmentos de los cuentos.<\/p>\n<p>Cuentos del Abuelo trata de 4 historias mercedinas siendo la primera parte de las entregas del autor.<\/p>\n<p>Dinova nos contaba que: <em>\u201cHay cuatro historias, una es una rata en el barrio El sapo ubicado en la d\u00e9cada del 30; el Loco del malet\u00edn es una historia de f\u00fatbol de potrero en los a\u00f1os 60; Lobo el h\u00e9roe que es la historia de un perro bombero que existi\u00f3 en nuestra ciudad y finalmente un poco m\u00e1s ac\u00e1 El alma del diablo que recupera una de las an\u00e9cdotas de una de las personas m\u00e1s amables y queribles de la comunidad mercedina que fue el padre Andr\u00e9s Queen fan\u00e1tico perdido de independiente.\u201d<\/em><\/p>\n<p>Las escuelas contar\u00e1n desde ahora con la posibilidad de efectuar un tratamiento local a temas hist\u00f3ricos desde una mirada no acartonada de la historia, situ\u00e1ndose en los micro relatos y la indagaci\u00f3n individual de la memoria como propuesta para el despegue de la acci\u00f3n pedag\u00f3gica.<\/p>\n<p>El autor pronto visitar\u00e1 algunas instituciones invitando no s\u00f3lo a leer el libro sino tambi\u00e9n a trabajar en la historia local desde las indagaciones y curiosidades de los educandos.<\/p>\n<p>&nbsp;<\/p>\n","protected":false},"excerpt":{"rendered":"<p>Se llev\u00f3 a cabo durante la ma\u00f1ana de este mi\u00e9rcoles la entrega de libros \u201ccuentos del abuelo\u201d parte I del &#8230; <a title=\"Entregaron \u201cCuentos del abuelo\u201d de Oscar Dinova a las escuelas\" class=\"read-more\" href=\"https:\/\/www.hoymercedes.com.ar\/principal\/2013\/03\/21\/entregaron-cuentos-del-abuelo-de-oscar-dinova-a-las-escuelas\/\" aria-label=\"Leer m\u00e1s sobre Entregaron \u201cCuentos del abuelo\u201d de Oscar Dinova a las escuelas\">Leer m\u00e1s<\/a><\/p>\n","protected":false},"author":1,"featured_media":0,"comment_status":"open","ping_status":"open","sticky":false,"template":"","format":"standard","meta":{"_monsterinsights_skip_tracking":false,"_monsterinsights_sitenote_active":false,"_monsterinsights_sitenote_note":"","_monsterinsights_sitenote_category":0,"jetpack_post_was_ever_published":false,"_jetpack_newsletter_access":"","_jetpack_dont_email_post_to_subs":false,"_jetpack_newsletter_tier_id":0,"_jetpack_memberships_contains_paywalled_content":false,"_jetpack_memberships_contains_paid_content":false,"footnotes":"","jetpack_publicize_message":"","jetpack_publicize_feature_enabled":true,"jetpack_social_post_already_shared":false,"jetpack_social_options":{"image_generator_settings":{"template":"highway","default_image_id":0,"font":"","enabled":false},"version":2},"_wpas_customize_per_network":false},"categories":[23],"tags":[3299,1288],"class_list":["post-20808","post","type-post","status-publish","format-standard","hentry","category-educacion","tag-entregaron-cuentos-del-abuelo-de-oscar-dinova-a-las-escuelas","tag-oscar-dinova","generate-columns","tablet-grid-50","mobile-grid-100","grid-parent","grid-50"],"jetpack_publicize_connections":[],"jetpack_featured_media_url":"","wps_subtitle":"","jetpack_sharing_enabled":true,"_links":{"self":[{"href":"https:\/\/www.hoymercedes.com.ar\/principal\/wp-json\/wp\/v2\/posts\/20808","targetHints":{"allow":["GET"]}}],"collection":[{"href":"https:\/\/www.hoymercedes.com.ar\/principal\/wp-json\/wp\/v2\/posts"}],"about":[{"href":"https:\/\/www.hoymercedes.com.ar\/principal\/wp-json\/wp\/v2\/types\/post"}],"author":[{"embeddable":true,"href":"https:\/\/www.hoymercedes.com.ar\/principal\/wp-json\/wp\/v2\/users\/1"}],"replies":[{"embeddable":true,"href":"https:\/\/www.hoymercedes.com.ar\/principal\/wp-json\/wp\/v2\/comments?post=20808"}],"version-history":[{"count":0,"href":"https:\/\/www.hoymercedes.com.ar\/principal\/wp-json\/wp\/v2\/posts\/20808\/revisions"}],"wp:attachment":[{"href":"https:\/\/www.hoymercedes.com.ar\/principal\/wp-json\/wp\/v2\/media?parent=20808"}],"wp:term":[{"taxonomy":"category","embeddable":true,"href":"https:\/\/www.hoymercedes.com.ar\/principal\/wp-json\/wp\/v2\/categories?post=20808"},{"taxonomy":"post_tag","embeddable":true,"href":"https:\/\/www.hoymercedes.com.ar\/principal\/wp-json\/wp\/v2\/tags?post=20808"}],"curies":[{"name":"wp","href":"https:\/\/api.w.org\/{rel}","templated":true}]}}