{"id":20813,"date":"2013-03-21T01:15:52","date_gmt":"2013-03-21T01:15:52","guid":{"rendered":"http:\/\/www.hoymercedes.com.ar\/principal\/?p=20813"},"modified":"2013-03-21T01:33:51","modified_gmt":"2013-03-21T01:33:51","slug":"selva-nuevamente-junto-a-sicoli-quien-insto-a-un-cambio-de-actitud-a-los-docentes","status":"publish","type":"post","link":"https:\/\/www.hoymercedes.com.ar\/principal\/2013\/03\/21\/selva-nuevamente-junto-a-sicoli-quien-insto-a-un-cambio-de-actitud-a-los-docentes\/","title":{"rendered":"Selva nuevamente junto a Sicoli qui\u00e9n inst\u00f3 a un \u00abcambio de actitud\u00bb a los docentes"},"content":{"rendered":"<figure id=\"attachment_20815\" aria-describedby=\"caption-attachment-20815\" style=\"width: 608px\" class=\"wp-caption aligncenter\"><a href=\"https:\/\/www.hoymercedes.com.ar\/principal\/wp-content\/uploads\/2013\/03\/Scioli-Selva.jpg\"><img loading=\"lazy\" decoding=\"async\" data-attachment-id=\"20815\" data-permalink=\"https:\/\/www.hoymercedes.com.ar\/principal\/2013\/03\/21\/selva-nuevamente-junto-a-sicoli-quien-insto-a-un-cambio-de-actitud-a-los-docentes\/scioli-selva\/#main\" data-orig-file=\"https:\/\/www.hoymercedes.com.ar\/principal\/wp-content\/uploads\/2013\/03\/Scioli-Selva.jpg\" data-orig-size=\"618,395\" data-comments-opened=\"1\" data-image-meta=\"{&quot;aperture&quot;:&quot;0&quot;,&quot;credit&quot;:&quot;&quot;,&quot;camera&quot;:&quot;&quot;,&quot;caption&quot;:&quot;&quot;,&quot;created_timestamp&quot;:&quot;0&quot;,&quot;copyright&quot;:&quot;&quot;,&quot;focal_length&quot;:&quot;0&quot;,&quot;iso&quot;:&quot;0&quot;,&quot;shutter_speed&quot;:&quot;0&quot;,&quot;title&quot;:&quot;&quot;}\" data-image-title=\"Scioli-Selva\" data-image-description=\"\" data-image-caption=\"&lt;p&gt;Selva junto a Scioli&lt;\/p&gt;\n\" data-large-file=\"https:\/\/www.hoymercedes.com.ar\/principal\/wp-content\/uploads\/2013\/03\/Scioli-Selva.jpg\" class=\"size-full wp-image-20815\" alt=\"Selva junto a Scioli\" src=\"https:\/\/www.hoymercedes.com.ar\/principal\/wp-content\/uploads\/2013\/03\/Scioli-Selva.jpg\" width=\"618\" height=\"395\" \/><\/a><figcaption id=\"caption-attachment-20815\" class=\"wp-caption-text\">Selva junto a Scioli<\/figcaption><\/figure>\n<p>Carlos Selva estuvo nuevamente en La Plata en un acto con el Gobernador Daniel Scioli. Dialog\u00f3 con \u00e9l y fue portada del sitio de noticias oficial de la provincia la foto del primer mandatario local con el m\u00e1ximo referente administrativo de Buenos Aires.<\/p>\n<p>El encuentro fue junto a otros 70 intendentes en el marco del D\u00eda Internacional del Agua. Scioli entre otras cuestiones habl\u00f3 del tema educativo solicitando que los gremios docentes tengan un <em>\u201ccambio de actitud\u201d para que \u201cmientras siguen las discusiones los chicos est\u00e9n en las aulas\u201d,<\/em><\/p>\n<p>El gobernados afirm\u00f3, siempre tomando como referencia el sitio oficial de noticias de la provincia (banoticias.com.ar) que eligi\u00f3 como foto de portada, es decir, la que destaca el encuentro, aquella en la que Scioli dialoga con Selva,<em> \u201cesta misma conversaci\u00f3n la venimos teniendo con todos los otros gremios de la administraci\u00f3n provincial teniendo una muy buena predisposici\u00f3n y muy buen acompa\u00f1amiento para que se llegue a un r\u00e1pido acuerdo (\u2026) no buscamos descontar los salarios, ni escalonar los conflictos (&#8230;) hemos acercado esta propuesta con toda responsabilidad y les pido que ustedes nos ayuden a difundir y sepan de qu\u00e9 se trata con claridad (\u2026) Siempre vamos a estar dispuestos a seguir invirtiendo todo lo que est\u00e9 a nuestro alcance en la educaci\u00f3n porque de su mano vienen las soluciones de fondo a todos los problemas que enfrentamos\u201d<\/em>, afirm\u00f3 el gobernador Daniel Scioli.<\/p>\n<p>De esta manera se produjo un nuevo encuentro de hombres abocados a la pol\u00edtica en toda la provincia.<\/p>\n<p>&nbsp;<\/p>\n<figure id=\"attachment_20816\" aria-describedby=\"caption-attachment-20816\" style=\"width: 608px\" class=\"wp-caption aligncenter\"><a href=\"https:\/\/www.hoymercedes.com.ar\/principal\/wp-content\/uploads\/2013\/03\/Selva-Portada-BANoticias.jpg\"><img loading=\"lazy\" decoding=\"async\" data-attachment-id=\"20816\" data-permalink=\"https:\/\/www.hoymercedes.com.ar\/principal\/2013\/03\/21\/selva-nuevamente-junto-a-sicoli-quien-insto-a-un-cambio-de-actitud-a-los-docentes\/selva-portada-banoticias\/#main\" data-orig-file=\"https:\/\/www.hoymercedes.com.ar\/principal\/wp-content\/uploads\/2013\/03\/Selva-Portada-BANoticias.jpg\" data-orig-size=\"618,567\" data-comments-opened=\"1\" data-image-meta=\"{&quot;aperture&quot;:&quot;0&quot;,&quot;credit&quot;:&quot;&quot;,&quot;camera&quot;:&quot;&quot;,&quot;caption&quot;:&quot;&quot;,&quot;created_timestamp&quot;:&quot;0&quot;,&quot;copyright&quot;:&quot;&quot;,&quot;focal_length&quot;:&quot;0&quot;,&quot;iso&quot;:&quot;0&quot;,&quot;shutter_speed&quot;:&quot;0&quot;,&quot;title&quot;:&quot;&quot;}\" data-image-title=\"Selva-Portada-BANoticias\" data-image-description=\"\" data-image-caption=\"&lt;p&gt;Portal BAnoticias.com.ar&lt;\/p&gt;\n\" data-large-file=\"https:\/\/www.hoymercedes.com.ar\/principal\/wp-content\/uploads\/2013\/03\/Selva-Portada-BANoticias.jpg\" class=\"size-full wp-image-20816\" alt=\"Portal BAnoticias.com.ar \" src=\"https:\/\/www.hoymercedes.com.ar\/principal\/wp-content\/uploads\/2013\/03\/Selva-Portada-BANoticias.jpg\" width=\"618\" height=\"567\" srcset=\"https:\/\/www.hoymercedes.com.ar\/principal\/wp-content\/uploads\/2013\/03\/Selva-Portada-BANoticias.jpg 618w, https:\/\/www.hoymercedes.com.ar\/principal\/wp-content\/uploads\/2013\/03\/Selva-Portada-BANoticias-300x275.jpg 300w\" sizes=\"auto, (max-width: 618px) 100vw, 618px\" \/><\/a><figcaption id=\"caption-attachment-20816\" class=\"wp-caption-text\">Portal BAnoticias.com.ar<\/figcaption><\/figure>\n","protected":false},"excerpt":{"rendered":"<p>Carlos Selva estuvo nuevamente en La Plata en un acto con el Gobernador Daniel Scioli. Dialog\u00f3 con \u00e9l y fue &#8230; <a title=\"Selva nuevamente junto a Sicoli qui\u00e9n inst\u00f3 a un \u00abcambio de actitud\u00bb a los docentes\" class=\"read-more\" href=\"https:\/\/www.hoymercedes.com.ar\/principal\/2013\/03\/21\/selva-nuevamente-junto-a-sicoli-quien-insto-a-un-cambio-de-actitud-a-los-docentes\/\" aria-label=\"Leer m\u00e1s sobre Selva nuevamente junto a Sicoli qui\u00e9n inst\u00f3 a un \u00abcambio de actitud\u00bb a los docentes\">Leer m\u00e1s<\/a><\/p>\n","protected":false},"author":1,"featured_media":0,"comment_status":"open","ping_status":"open","sticky":false,"template":"","format":"standard","meta":{"_monsterinsights_skip_tracking":false,"_monsterinsights_sitenote_active":false,"_monsterinsights_sitenote_note":"","_monsterinsights_sitenote_category":0,"jetpack_post_was_ever_published":false,"_jetpack_newsletter_access":"","_jetpack_dont_email_post_to_subs":false,"_jetpack_newsletter_tier_id":0,"_jetpack_memberships_contains_paywalled_content":false,"_jetpack_memberships_contains_paid_content":false,"footnotes":"","jetpack_publicize_message":"","jetpack_publicize_feature_enabled":true,"jetpack_social_post_already_shared":false,"jetpack_social_options":{"image_generator_settings":{"template":"highway","default_image_id":0,"font":"","enabled":false},"version":2},"_wpas_customize_per_network":false},"categories":[5],"tags":[39,3301,3300],"class_list":["post-20813","post","type-post","status-publish","format-standard","hentry","category-politica","tag-carlos-selva","tag-intendente-de-mercedes","tag-selva-junto-a-scioli","generate-columns","tablet-grid-50","mobile-grid-100","grid-parent","grid-50"],"jetpack_publicize_connections":[],"jetpack_featured_media_url":"","wps_subtitle":"","jetpack_sharing_enabled":true,"_links":{"self":[{"href":"https:\/\/www.hoymercedes.com.ar\/principal\/wp-json\/wp\/v2\/posts\/20813","targetHints":{"allow":["GET"]}}],"collection":[{"href":"https:\/\/www.hoymercedes.com.ar\/principal\/wp-json\/wp\/v2\/posts"}],"about":[{"href":"https:\/\/www.hoymercedes.com.ar\/principal\/wp-json\/wp\/v2\/types\/post"}],"author":[{"embeddable":true,"href":"https:\/\/www.hoymercedes.com.ar\/principal\/wp-json\/wp\/v2\/users\/1"}],"replies":[{"embeddable":true,"href":"https:\/\/www.hoymercedes.com.ar\/principal\/wp-json\/wp\/v2\/comments?post=20813"}],"version-history":[{"count":0,"href":"https:\/\/www.hoymercedes.com.ar\/principal\/wp-json\/wp\/v2\/posts\/20813\/revisions"}],"wp:attachment":[{"href":"https:\/\/www.hoymercedes.com.ar\/principal\/wp-json\/wp\/v2\/media?parent=20813"}],"wp:term":[{"taxonomy":"category","embeddable":true,"href":"https:\/\/www.hoymercedes.com.ar\/principal\/wp-json\/wp\/v2\/categories?post=20813"},{"taxonomy":"post_tag","embeddable":true,"href":"https:\/\/www.hoymercedes.com.ar\/principal\/wp-json\/wp\/v2\/tags?post=20813"}],"curies":[{"name":"wp","href":"https:\/\/api.w.org\/{rel}","templated":true}]}}