{"id":20826,"date":"2013-03-21T13:31:56","date_gmt":"2013-03-21T13:31:56","guid":{"rendered":"http:\/\/www.hoymercedes.com.ar\/principal\/?p=20826"},"modified":"2013-03-21T13:33:46","modified_gmt":"2013-03-21T13:33:46","slug":"ustarroz-entrego-subsidio-a-lalcen-por-10mil-pesos","status":"publish","type":"post","link":"https:\/\/www.hoymercedes.com.ar\/principal\/2013\/03\/21\/ustarroz-entrego-subsidio-a-lalcen-por-10mil-pesos\/","title":{"rendered":"Ustarr\u00f3z entreg\u00f3 subsidio a LALCEC por 10mil pesos"},"content":{"rendered":"<p><em><strong>Se llev\u00f3 a cabo la entrega de un subsidio a LALCEC Mercedes a manos del Juan Ustarr\u00f3z. Se trata de \u00a010.000 pesos. El mismo fue gestionado por Eduardo De Pedro en la C\u00e1mara de Diputados Nacionales.<\/strong><\/em><\/p>\n<p>El referente del Frente Mercedino para la Victoria sostuvo:<em> \u00abNuestra idea es, en la medida que nos sea posible, tratar de ayudar a los vecinos y a las instituciones de Mercedes que trabajan para la gente, que construyen una ciudad mejor. Tuvimos un acercamiento con la Comisi\u00f3n Directiva de LALCEC, nos informaron algunas cosas de las que carec\u00edan, \u2018Wado\u2019 (De Pedro) gestion\u00f3 el subsidio en Diputados y por suerte pudimos entregarlo. Nos pone muy contentos\u201d.<\/em><\/p>\n<p>Al acto de entrega asisti\u00f3 la Comisi\u00f3n Directiva de LALCEC Mercedes, encabezada por su presidenta, L\u00eda Dulevich, quien en el marco de una reuni\u00f3n amena y distendida agradeci\u00f3 el gesto y el apoyo del Frente Mercedino.<\/p>\n<p><em>\u201cAs\u00ed como hoy fue LALCEC queremos ayudar a todas las instituciones de Mercedes \u2013cerr\u00f3 Ustaroz -. No nos cansamos de decirlo: las puertas del Frente est\u00e1n abiertas para todos los vecinos. Y como sucedi\u00f3 con las gestiones que destrabaron las obras del Barrio Favaloro, trabajar en conjunto y aportar distintas miradas suele darnos soluciones. No hablo solo de dinero, sino de la posibilidad de ser creativos a partir de una construcci\u00f3n colectiva\u201d.<\/em><\/p>\n","protected":false},"excerpt":{"rendered":"<p>Se llev\u00f3 a cabo la entrega de un subsidio a LALCEC Mercedes a manos del Juan Ustarr\u00f3z. Se trata de &#8230; <a title=\"Ustarr\u00f3z entreg\u00f3 subsidio a LALCEC por 10mil pesos\" class=\"read-more\" href=\"https:\/\/www.hoymercedes.com.ar\/principal\/2013\/03\/21\/ustarroz-entrego-subsidio-a-lalcen-por-10mil-pesos\/\" aria-label=\"Leer m\u00e1s sobre Ustarr\u00f3z entreg\u00f3 subsidio a LALCEC por 10mil pesos\">Leer m\u00e1s<\/a><\/p>\n","protected":false},"author":1,"featured_media":0,"comment_status":"open","ping_status":"open","sticky":false,"template":"","format":"standard","meta":{"_monsterinsights_skip_tracking":false,"_monsterinsights_sitenote_active":false,"_monsterinsights_sitenote_note":"","_monsterinsights_sitenote_category":0,"jetpack_post_was_ever_published":false,"_jetpack_newsletter_access":"","_jetpack_dont_email_post_to_subs":false,"_jetpack_newsletter_tier_id":0,"_jetpack_memberships_contains_paywalled_content":false,"_jetpack_memberships_contains_paid_content":false,"footnotes":"","jetpack_publicize_message":"","jetpack_publicize_feature_enabled":true,"jetpack_social_post_already_shared":false,"jetpack_social_options":{"image_generator_settings":{"template":"highway","default_image_id":0,"font":"","enabled":false},"version":2},"_wpas_customize_per_network":false},"categories":[8],"tags":[1007,585],"class_list":["post-20826","post","type-post","status-publish","format-standard","hentry","category-sociedad","tag-frente-mercedino","tag-juan-ustarroz","generate-columns","tablet-grid-50","mobile-grid-100","grid-parent","grid-50"],"jetpack_publicize_connections":[],"jetpack_featured_media_url":"","wps_subtitle":"","jetpack_sharing_enabled":true,"_links":{"self":[{"href":"https:\/\/www.hoymercedes.com.ar\/principal\/wp-json\/wp\/v2\/posts\/20826","targetHints":{"allow":["GET"]}}],"collection":[{"href":"https:\/\/www.hoymercedes.com.ar\/principal\/wp-json\/wp\/v2\/posts"}],"about":[{"href":"https:\/\/www.hoymercedes.com.ar\/principal\/wp-json\/wp\/v2\/types\/post"}],"author":[{"embeddable":true,"href":"https:\/\/www.hoymercedes.com.ar\/principal\/wp-json\/wp\/v2\/users\/1"}],"replies":[{"embeddable":true,"href":"https:\/\/www.hoymercedes.com.ar\/principal\/wp-json\/wp\/v2\/comments?post=20826"}],"version-history":[{"count":0,"href":"https:\/\/www.hoymercedes.com.ar\/principal\/wp-json\/wp\/v2\/posts\/20826\/revisions"}],"wp:attachment":[{"href":"https:\/\/www.hoymercedes.com.ar\/principal\/wp-json\/wp\/v2\/media?parent=20826"}],"wp:term":[{"taxonomy":"category","embeddable":true,"href":"https:\/\/www.hoymercedes.com.ar\/principal\/wp-json\/wp\/v2\/categories?post=20826"},{"taxonomy":"post_tag","embeddable":true,"href":"https:\/\/www.hoymercedes.com.ar\/principal\/wp-json\/wp\/v2\/tags?post=20826"}],"curies":[{"name":"wp","href":"https:\/\/api.w.org\/{rel}","templated":true}]}}