{"id":20841,"date":"2013-03-21T22:13:39","date_gmt":"2013-03-21T22:13:39","guid":{"rendered":"http:\/\/www.hoymercedes.com.ar\/principal\/?p=20841"},"modified":"2013-03-21T22:13:45","modified_gmt":"2013-03-21T22:13:45","slug":"ustarroz-y-espana-realizan-gestiones-para-pavimentar-ruta-n-41","status":"publish","type":"post","link":"https:\/\/www.hoymercedes.com.ar\/principal\/2013\/03\/21\/ustarroz-y-espana-realizan-gestiones-para-pavimentar-ruta-n-41\/","title":{"rendered":"Ustarroz y Espa\u00f1a realizan gestiones para pavimentar Ruta N\u00b0 41"},"content":{"rendered":"<figure id=\"attachment_20843\" aria-describedby=\"caption-attachment-20843\" style=\"width: 608px\" class=\"wp-caption aligncenter\"><a href=\"https:\/\/www.hoymercedes.com.ar\/principal\/wp-content\/uploads\/2013\/03\/Ustarroz.jpg\"><img loading=\"lazy\" decoding=\"async\" data-attachment-id=\"20843\" data-permalink=\"https:\/\/www.hoymercedes.com.ar\/principal\/2013\/03\/21\/ustarroz-y-espana-realizan-gestiones-para-pavimentar-ruta-n-41\/ustarroz-3\/#main\" data-orig-file=\"https:\/\/www.hoymercedes.com.ar\/principal\/wp-content\/uploads\/2013\/03\/Ustarroz.jpg\" data-orig-size=\"618,274\" data-comments-opened=\"1\" data-image-meta=\"{&quot;aperture&quot;:&quot;0&quot;,&quot;credit&quot;:&quot;&quot;,&quot;camera&quot;:&quot;&quot;,&quot;caption&quot;:&quot;&quot;,&quot;created_timestamp&quot;:&quot;0&quot;,&quot;copyright&quot;:&quot;&quot;,&quot;focal_length&quot;:&quot;0&quot;,&quot;iso&quot;:&quot;0&quot;,&quot;shutter_speed&quot;:&quot;0&quot;,&quot;title&quot;:&quot;&quot;}\" data-image-title=\"Ustarroz\" data-image-description=\"&lt;p&gt;Juan Ustarr\u00f3z &lt;\/p&gt;\n\" data-image-caption=\"&lt;p&gt;Juan Ustarr\u00f3z &lt;\/p&gt;\n\" data-large-file=\"https:\/\/www.hoymercedes.com.ar\/principal\/wp-content\/uploads\/2013\/03\/Ustarroz.jpg\" class=\"size-full wp-image-20843\" alt=\"Juan Ustarr\u00f3z \" src=\"https:\/\/www.hoymercedes.com.ar\/principal\/wp-content\/uploads\/2013\/03\/Ustarroz.jpg\" width=\"618\" height=\"274\" \/><\/a><figcaption id=\"caption-attachment-20843\" class=\"wp-caption-text\">Juan Ustarr\u00f3z<\/figcaption><\/figure>\n<p><em><strong>El diputado provincial Alberto Espa\u00f1a y el principal figura del Frente Mercedino para la Victoria, Juan Ignacio Ustarroz, intensificaron en las \u00faltimas horas las gestiones para lograr la repavimentaci\u00f3n total de la ruta 41 (entre las rutas 5 y 7), cuyo estado de abandono provoc\u00f3 en los \u00faltimos tiempos una serie de tr\u00e1gicos accidentes.<\/strong><\/em><\/p>\n<p>Espa\u00f1a, en su car\u00e1cter de diputado provincial, present\u00f3 una nota para incorporar las obras sobre la ruta 41 en el PROFIDE, un fondo fiduciario para el desarrollo del Plan de Infraestructura Provincial que cuenta con aportes bonaerenses y del Estado Nacional.<\/p>\n<p>\u201cAnalizamos en profundidad las diferentes opciones y encontramos esta alternativa, que nos parece que es la mejor. La presencia de \u2018Cucho\u2019 Espa\u00f1a adem\u00e1s nos permite sostener el reclamo\u201d, asegur\u00f3 Ustarroz. La ventaja del PROFIDE es que se compone con fondos nacionales y provinciales estipulados por distintas leyes, cuenta con su propia administraci\u00f3n (una comisi\u00f3n bicameral del Congreso bonaerense aprueba y fiscaliza las obras) y garantiza el financiamiento: el dinero no puede ser utilizado con otros fines.<\/p>\n<p>Espa\u00f1a, por su parte, se mostr\u00f3 \u201coptimista\u201d en tener una respuesta positiva. \u201cEl estado de la ruta 41 entre Mercedes y Giles es p\u00e9simo. Estamos trabajando fuertemente con los vecinos para encontrar una soluci\u00f3n a esta problem\u00e1tica muy grave, que en muchos casos les ha costado la vida a ciudadanos. Entendemos que es algo urgente y necesario\u201d.<\/p>\n<p>En una nota dirigida al Ministro de Infraestructura de la Provincia de Buenos Aires, Alejandro Arl\u00eda, y a la presidenta del PROFIDE, Marta Albamonte, Espa\u00f1a solicita \u201cla urgente incorporaci\u00f3n de la obra de repavimentaci\u00f3n de la Ruta Provincial 41, en el tramo comprendido entre las rutas nacionales Nro. 7 (Partido de San Andr\u00e9s de Giles) y Nro.5 (Partido de Mercedes) al Plan de Obras en el marco del PROFIDE \u2013 Ley 12.511-\u201c.<\/p>\n<p>\u201cMotiva el pedido \u2013agrega el diputado-, la necesidad de construir una respuesta concreta y \u00e1gil a las p\u00e9simas condiciones de la citada ruta que, como es de p\u00fablico conocimiento, vienen provocando graves accidentes y situaciones indeseadas, costando en muchos casos la vida de ciudadanos y ciudadanas\u201d.<\/p>\n<p>Hasta ahora, est\u00e1 avanzada la posibilidad de una obra de rebacheo de siete millones de pesos. Para los vecinos, la medida es \u201cinsuficiente\u201d. El proyecto que impulsan Espa\u00f1a y Ustarroz es similar al plan de obras aprobado en 2012 para el tramo de la ruta 41 que va de la ruta 7 a la 8, de unos 40 millones de pesos.<\/p>\n","protected":false},"excerpt":{"rendered":"<p>El diputado provincial Alberto Espa\u00f1a y el principal figura del Frente Mercedino para la Victoria, Juan Ignacio Ustarroz, intensificaron en &#8230; <a title=\"Ustarroz y Espa\u00f1a realizan gestiones para pavimentar Ruta N\u00b0 41\" class=\"read-more\" href=\"https:\/\/www.hoymercedes.com.ar\/principal\/2013\/03\/21\/ustarroz-y-espana-realizan-gestiones-para-pavimentar-ruta-n-41\/\" aria-label=\"Leer m\u00e1s sobre Ustarroz y Espa\u00f1a realizan gestiones para pavimentar Ruta N\u00b0 41\">Leer m\u00e1s<\/a><\/p>\n","protected":false},"author":1,"featured_media":0,"comment_status":"open","ping_status":"open","sticky":false,"template":"","format":"standard","meta":{"_monsterinsights_skip_tracking":false,"_monsterinsights_sitenote_active":false,"_monsterinsights_sitenote_note":"","_monsterinsights_sitenote_category":0,"jetpack_post_was_ever_published":false,"_jetpack_newsletter_access":"","_jetpack_dont_email_post_to_subs":false,"_jetpack_newsletter_tier_id":0,"_jetpack_memberships_contains_paywalled_content":false,"_jetpack_memberships_contains_paid_content":false,"footnotes":"","jetpack_publicize_message":"","jetpack_publicize_feature_enabled":true,"jetpack_social_post_already_shared":false,"jetpack_social_options":{"image_generator_settings":{"template":"highway","default_image_id":0,"font":"","enabled":false},"version":2},"_wpas_customize_per_network":false},"categories":[5],"tags":[1204,585,2670],"class_list":["post-20841","post","type-post","status-publish","format-standard","hentry","category-politica","tag-cucho-espana","tag-juan-ustarroz","tag-ruta-41","generate-columns","tablet-grid-50","mobile-grid-100","grid-parent","grid-50"],"jetpack_publicize_connections":[],"jetpack_featured_media_url":"","wps_subtitle":"","jetpack_sharing_enabled":true,"_links":{"self":[{"href":"https:\/\/www.hoymercedes.com.ar\/principal\/wp-json\/wp\/v2\/posts\/20841","targetHints":{"allow":["GET"]}}],"collection":[{"href":"https:\/\/www.hoymercedes.com.ar\/principal\/wp-json\/wp\/v2\/posts"}],"about":[{"href":"https:\/\/www.hoymercedes.com.ar\/principal\/wp-json\/wp\/v2\/types\/post"}],"author":[{"embeddable":true,"href":"https:\/\/www.hoymercedes.com.ar\/principal\/wp-json\/wp\/v2\/users\/1"}],"replies":[{"embeddable":true,"href":"https:\/\/www.hoymercedes.com.ar\/principal\/wp-json\/wp\/v2\/comments?post=20841"}],"version-history":[{"count":0,"href":"https:\/\/www.hoymercedes.com.ar\/principal\/wp-json\/wp\/v2\/posts\/20841\/revisions"}],"wp:attachment":[{"href":"https:\/\/www.hoymercedes.com.ar\/principal\/wp-json\/wp\/v2\/media?parent=20841"}],"wp:term":[{"taxonomy":"category","embeddable":true,"href":"https:\/\/www.hoymercedes.com.ar\/principal\/wp-json\/wp\/v2\/categories?post=20841"},{"taxonomy":"post_tag","embeddable":true,"href":"https:\/\/www.hoymercedes.com.ar\/principal\/wp-json\/wp\/v2\/tags?post=20841"}],"curies":[{"name":"wp","href":"https:\/\/api.w.org\/{rel}","templated":true}]}}