{"id":20860,"date":"2013-03-22T15:47:56","date_gmt":"2013-03-22T15:47:56","guid":{"rendered":"http:\/\/www.hoymercedes.com.ar\/principal\/?p=20860"},"modified":"2013-03-22T15:48:10","modified_gmt":"2013-03-22T15:48:10","slug":"ustarroz-estuvo-en-casa-rosada-por-plan-pro-cre-ar","status":"publish","type":"post","link":"https:\/\/www.hoymercedes.com.ar\/principal\/2013\/03\/22\/ustarroz-estuvo-en-casa-rosada-por-plan-pro-cre-ar\/","title":{"rendered":"Ustarr\u00f3z estuvo en Casa Rosada por plan Pro.Cre.Ar"},"content":{"rendered":"<p>El sue\u00f1o de la casa propia a trav\u00e9s del Plan Pro.Cre.Ar est\u00e1 m\u00e1s cerca de los vecinos de Mercedes: el principal referente del Frente Mercedino para la Victoria y gerente regional de la ANSES, Juan Ignacio Ustarroz, fue invitado ayer al acto en el que la presidenta Cristina Fern\u00e1ndez de Kirchner anunci\u00f3 el lanzamiento de una nueva l\u00ednea de cr\u00e9ditos.<\/p>\n<p>\u201cLa sensibilidad y la voluntad pol\u00edtica del gobierno nacional se pone de manifiesto en estos anuncios. Lo mismo queremos para Mercedes, por eso vinimos a seguir trabajando para que los vecinos de la ciudad puedan tener su vivienda propia\u201d, dijo \u2018Juani\u2019 Ustarroz<\/p>\n<p>El principal referente del FMPV, luego de pedir una audiencia, en febrero pasado le present\u00f3 al intendente Carlos Selva 250 carpetas ya aprobadas de la l\u00ednea de cr\u00e9ditos para los vecinos que no tienen terreno. \u201cEs gente que est\u00e1 detr\u00e1s de ese sue\u00f1o, de ese derecho, y nosotros debemos trabajar para que lo cumplan. Frente a esta realidad no valen los obst\u00e1culos \u2013agreg\u00f3 Ustarroz-. Como dijo en este acto la Presidenta Cristina: es hora de que los argentinos aprendamos a compartir tambi\u00e9n los esfuerzos\u201d.<\/p>\n<p>Desde 2011, Ustarroz tiene trazado un preciso an\u00e1lisis de la situaci\u00f3n de viviendas en Mercedes: \u201cTrabajamos con un equipo interdisciplinario que identific\u00f3 el gran d\u00e9ficit habitacional que existe en la ciudad; pero tambi\u00e9n puntualiz\u00f3 y se\u00f1al\u00f3 terrenos del Estado Nacional que pueden ser utilizados para la edificaci\u00f3n de casas a trav\u00e9s del Pro.Cre.Ar. Esa es informaci\u00f3n que tambi\u00e9n ya hemos elevado\u201d.<\/p>\n<p>La preocupaci\u00f3n que exhibe el referente del FMPV en este tema se puso de manifiesto la semana pasada, cuando, luego de las intensas gestiones que realiz\u00f3 junto al diputado nacional Eduardo de Pedro, se anunci\u00f3 la finalizaci\u00f3n de las 112 casas del barrio Ren\u00e9 Favaloro de Acceso Sur, paralizadas desde hac\u00eda varios a\u00f1os.<\/p>\n<p>&nbsp;<\/p>\n<p>&nbsp;<\/p>\n<p>En el acto de ayer, al que tambi\u00e9n asisti\u00f3 \u2018Wado\u2019 de Pedro, estuvieron ministros, gobernadores, distintos funcionarios e intendentes que firmaron la certificaci\u00f3n para el inicio de nuevas obras. Entre ellos estuvieron tres vecinos: Juan Antonio \u2018Tony\u2019 Delfino, de Suipacha; Oscar Luciani, de Luj\u00e1n; y Mario Meoni, de Jun\u00edn.<\/p>\n<p>&nbsp;<\/p>\n<p>&nbsp;<\/p>\n<p>\u201cAc\u00e1 no importan los colores partidarios \u2013dijo \u2018Juani\u2019-, sino que la gente cuenta con una posibilidad inmejorable de tener su casa. El plan Pro.Cre.Ar, que forma parte del proyecto inclusivo que conduce la Presidenta Cristina y se sostiene con la capacidad de gesti\u00f3n de Diego Bossio en ANSES, viene a acercarle el techo propio a la gente, a garantizarle un derecho. As\u00ed, a trav\u00e9s de Pro.Cre.Ar se genera trabajo genuino para miles de argentinos, ya que se incentiva la industria de la construcci\u00f3n en su totalidad\u201d.<\/p>\n<p>&nbsp;<\/p>\n<p>&nbsp;<\/p>\n<p>La Presidenta Cristina lanz\u00f3 ayer una nueva l\u00ednea de cr\u00e9ditos para la reparaci\u00f3n o finalizaci\u00f3n de viviendas; y lanz\u00f3 el tercer llamado a concurso de proyectos urban\u00edsticos que prev\u00e9 la construcci\u00f3n de 9.750 viviendas en 47 predios de 16 provincias argentinas. All\u00ed est\u00e1n incluidas 20 ciudades de la provincia de Buenos Aires.<\/p>\n<p>&nbsp;<\/p>\n<p>&nbsp;<\/p>\n<p>El plan Pro.Cre.Ar (Programa de Cr\u00e9dito Argentino Bicentenario) prev\u00e9 la construcci\u00f3n de 100 mil viviendas en su primera etapa (desde el a\u00f1o pasado hasta finales de 2013); y, en Mercedes, adem\u00e1s del proyecto de 250 casas presentado por Ustarroz para vecinos sin terreno propio, ya tiene aprobadas otras 239 para gente que cuenta con terreno, de las cuales 39 ya empezaron con las obras.<\/p>\n<p>&nbsp;<\/p>\n<p>&nbsp;<\/p>\n<p>\u201cComo dijo nuestra Presidenta ayer. No es solamente las viviendas para los vecinos. Es generaci\u00f3n de empleo, es dinamizar el consumo interno, es contribuir a la cadena de crecimiento de una ciudad, de una provincia, del pa\u00eds entero\u201d, concluy\u00f3 Ustarroz.<\/p>\n","protected":false},"excerpt":{"rendered":"<p>El sue\u00f1o de la casa propia a trav\u00e9s del Plan Pro.Cre.Ar est\u00e1 m\u00e1s cerca de los vecinos de Mercedes: el &#8230; <a title=\"Ustarr\u00f3z estuvo en Casa Rosada por plan Pro.Cre.Ar\" class=\"read-more\" href=\"https:\/\/www.hoymercedes.com.ar\/principal\/2013\/03\/22\/ustarroz-estuvo-en-casa-rosada-por-plan-pro-cre-ar\/\" aria-label=\"Leer m\u00e1s sobre Ustarr\u00f3z estuvo en Casa Rosada por plan Pro.Cre.Ar\">Leer m\u00e1s<\/a><\/p>\n","protected":false},"author":1,"featured_media":0,"comment_status":"open","ping_status":"open","sticky":false,"template":"","format":"standard","meta":{"_monsterinsights_skip_tracking":false,"_monsterinsights_sitenote_active":false,"_monsterinsights_sitenote_note":"","_monsterinsights_sitenote_category":0,"jetpack_post_was_ever_published":false,"_jetpack_newsletter_access":"","_jetpack_dont_email_post_to_subs":false,"_jetpack_newsletter_tier_id":0,"_jetpack_memberships_contains_paywalled_content":false,"_jetpack_memberships_contains_paid_content":false,"footnotes":"","jetpack_publicize_message":"","jetpack_publicize_feature_enabled":true,"jetpack_social_post_already_shared":false,"jetpack_social_options":{"image_generator_settings":{"template":"highway","default_image_id":0,"font":"","enabled":false},"version":2},"_wpas_customize_per_network":false},"categories":[5],"tags":[3305],"class_list":["post-20860","post","type-post","status-publish","format-standard","hentry","category-politica","tag-ustrarroz","generate-columns","tablet-grid-50","mobile-grid-100","grid-parent","grid-50"],"jetpack_publicize_connections":[],"jetpack_featured_media_url":"","wps_subtitle":"","jetpack_sharing_enabled":true,"_links":{"self":[{"href":"https:\/\/www.hoymercedes.com.ar\/principal\/wp-json\/wp\/v2\/posts\/20860","targetHints":{"allow":["GET"]}}],"collection":[{"href":"https:\/\/www.hoymercedes.com.ar\/principal\/wp-json\/wp\/v2\/posts"}],"about":[{"href":"https:\/\/www.hoymercedes.com.ar\/principal\/wp-json\/wp\/v2\/types\/post"}],"author":[{"embeddable":true,"href":"https:\/\/www.hoymercedes.com.ar\/principal\/wp-json\/wp\/v2\/users\/1"}],"replies":[{"embeddable":true,"href":"https:\/\/www.hoymercedes.com.ar\/principal\/wp-json\/wp\/v2\/comments?post=20860"}],"version-history":[{"count":0,"href":"https:\/\/www.hoymercedes.com.ar\/principal\/wp-json\/wp\/v2\/posts\/20860\/revisions"}],"wp:attachment":[{"href":"https:\/\/www.hoymercedes.com.ar\/principal\/wp-json\/wp\/v2\/media?parent=20860"}],"wp:term":[{"taxonomy":"category","embeddable":true,"href":"https:\/\/www.hoymercedes.com.ar\/principal\/wp-json\/wp\/v2\/categories?post=20860"},{"taxonomy":"post_tag","embeddable":true,"href":"https:\/\/www.hoymercedes.com.ar\/principal\/wp-json\/wp\/v2\/tags?post=20860"}],"curies":[{"name":"wp","href":"https:\/\/api.w.org\/{rel}","templated":true}]}}