{"id":20885,"date":"2013-03-22T20:34:16","date_gmt":"2013-03-22T20:34:16","guid":{"rendered":"http:\/\/www.hoymercedes.com.ar\/principal\/?p=20885"},"modified":"2013-03-22T20:38:15","modified_gmt":"2013-03-22T20:38:15","slug":"frente-mercedino-realizara-plenario-este-sabado","status":"publish","type":"post","link":"https:\/\/www.hoymercedes.com.ar\/principal\/2013\/03\/22\/frente-mercedino-realizara-plenario-este-sabado\/","title":{"rendered":"Frente Mercedino realizar\u00e1 plenario este s\u00e1bado"},"content":{"rendered":"<figure id=\"attachment_20887\" aria-describedby=\"caption-attachment-20887\" style=\"width: 608px\" class=\"wp-caption aligncenter\"><a href=\"https:\/\/www.hoymercedes.com.ar\/principal\/wp-content\/uploads\/2013\/03\/PlenarioFrenteMercedino.jpg\"><img loading=\"lazy\" decoding=\"async\" data-attachment-id=\"20887\" data-permalink=\"https:\/\/www.hoymercedes.com.ar\/principal\/2013\/03\/22\/frente-mercedino-realizara-plenario-este-sabado\/plenariofrentemercedino\/#main\" data-orig-file=\"https:\/\/www.hoymercedes.com.ar\/principal\/wp-content\/uploads\/2013\/03\/PlenarioFrenteMercedino.jpg\" data-orig-size=\"618,809\" data-comments-opened=\"1\" data-image-meta=\"{&quot;aperture&quot;:&quot;0&quot;,&quot;credit&quot;:&quot;&quot;,&quot;camera&quot;:&quot;&quot;,&quot;caption&quot;:&quot;&quot;,&quot;created_timestamp&quot;:&quot;0&quot;,&quot;copyright&quot;:&quot;&quot;,&quot;focal_length&quot;:&quot;0&quot;,&quot;iso&quot;:&quot;0&quot;,&quot;shutter_speed&quot;:&quot;0&quot;,&quot;title&quot;:&quot;&quot;}\" data-image-title=\"PlenarioFrenteMercedino\" data-image-description=\"\" data-image-caption=\"&lt;p&gt;Plenario Frente Mercedino para la Victoria&lt;\/p&gt;\n\" data-large-file=\"https:\/\/www.hoymercedes.com.ar\/principal\/wp-content\/uploads\/2013\/03\/PlenarioFrenteMercedino.jpg\" class=\"size-full wp-image-20887\" alt=\"Plenario Frente Mercedino para la Victoria\" src=\"https:\/\/www.hoymercedes.com.ar\/principal\/wp-content\/uploads\/2013\/03\/PlenarioFrenteMercedino.jpg\" width=\"618\" height=\"809\" srcset=\"https:\/\/www.hoymercedes.com.ar\/principal\/wp-content\/uploads\/2013\/03\/PlenarioFrenteMercedino.jpg 618w, https:\/\/www.hoymercedes.com.ar\/principal\/wp-content\/uploads\/2013\/03\/PlenarioFrenteMercedino-473x620.jpg 473w\" sizes=\"auto, (max-width: 618px) 100vw, 618px\" \/><\/a><figcaption id=\"caption-attachment-20887\" class=\"wp-caption-text\">Plenario Frente Mercedino para la Victoria<\/figcaption><\/figure>\n<p><em><strong>Todo parece estar listo para que la fuerza encabezada por De Pedro, Espa\u00f1a y Ustarroz realice su plenario este s\u00e1bado en su espacio partidario de calle 25 entre 14 y 16 seg\u00fan narran desde el propio Frente.\u00a0<\/strong><\/em><\/p>\n<p>Desde la agrupaci\u00f3n sostienen:<em> \u00abse\u00a0realizar\u00e1 el s\u00e1bado que viene, en la sede de la calle 28 del Club Comunicaciones y a partir\u00a0de las 18, su plenario de comisiones de cara a 2013.\u00a0All\u00ed, los distintos equipos del Frente presentar\u00e1n su plan de acci\u00f3n para todo el a\u00f1o.\u00a0\u201cVamos a programar distintas actividades y estructurar una agenda para el 2013 \u2013explic\u00f3 \u00a0\u2018Juani\u2019 Ustarroz-. No es un plenario cerrado sino que est\u00e1 abierto a todos los vecinos que\u00a0quieran sumarse y participar de las distintas comisiones. La idea, como siempre, es tratar\u00a0de trabajar con toda la gente de Mercedes y para toda la gente de Mercedes\u201d.<\/em><\/p>\n<p>De esta forma el Frente espera contar con su militancia para trazar lineamientos en lo que ser\u00e1 este a\u00f1o con elecciones de por medio.<\/p>\n","protected":false},"excerpt":{"rendered":"<p>Todo parece estar listo para que la fuerza encabezada por De Pedro, Espa\u00f1a y Ustarroz realice su plenario este s\u00e1bado &#8230; <a title=\"Frente Mercedino realizar\u00e1 plenario este s\u00e1bado\" class=\"read-more\" href=\"https:\/\/www.hoymercedes.com.ar\/principal\/2013\/03\/22\/frente-mercedino-realizara-plenario-este-sabado\/\" aria-label=\"Leer m\u00e1s sobre Frente Mercedino realizar\u00e1 plenario este s\u00e1bado\">Leer m\u00e1s<\/a><\/p>\n","protected":false},"author":1,"featured_media":0,"comment_status":"open","ping_status":"open","sticky":false,"template":"","format":"standard","meta":{"_monsterinsights_skip_tracking":false,"_monsterinsights_sitenote_active":false,"_monsterinsights_sitenote_note":"","_monsterinsights_sitenote_category":0,"jetpack_post_was_ever_published":false,"_jetpack_newsletter_access":"","_jetpack_dont_email_post_to_subs":false,"_jetpack_newsletter_tier_id":0,"_jetpack_memberships_contains_paywalled_content":false,"_jetpack_memberships_contains_paid_content":false,"footnotes":"","jetpack_publicize_message":"","jetpack_publicize_feature_enabled":true,"jetpack_social_post_already_shared":false,"jetpack_social_options":{"image_generator_settings":{"template":"highway","default_image_id":0,"font":"","enabled":false},"version":2},"_wpas_customize_per_network":false},"categories":[5],"tags":[379],"class_list":["post-20885","post","type-post","status-publish","format-standard","hentry","category-politica","tag-frente-mercedino-para-la-victoria","generate-columns","tablet-grid-50","mobile-grid-100","grid-parent","grid-50"],"jetpack_publicize_connections":[],"jetpack_featured_media_url":"","wps_subtitle":"","jetpack_sharing_enabled":true,"_links":{"self":[{"href":"https:\/\/www.hoymercedes.com.ar\/principal\/wp-json\/wp\/v2\/posts\/20885","targetHints":{"allow":["GET"]}}],"collection":[{"href":"https:\/\/www.hoymercedes.com.ar\/principal\/wp-json\/wp\/v2\/posts"}],"about":[{"href":"https:\/\/www.hoymercedes.com.ar\/principal\/wp-json\/wp\/v2\/types\/post"}],"author":[{"embeddable":true,"href":"https:\/\/www.hoymercedes.com.ar\/principal\/wp-json\/wp\/v2\/users\/1"}],"replies":[{"embeddable":true,"href":"https:\/\/www.hoymercedes.com.ar\/principal\/wp-json\/wp\/v2\/comments?post=20885"}],"version-history":[{"count":0,"href":"https:\/\/www.hoymercedes.com.ar\/principal\/wp-json\/wp\/v2\/posts\/20885\/revisions"}],"wp:attachment":[{"href":"https:\/\/www.hoymercedes.com.ar\/principal\/wp-json\/wp\/v2\/media?parent=20885"}],"wp:term":[{"taxonomy":"category","embeddable":true,"href":"https:\/\/www.hoymercedes.com.ar\/principal\/wp-json\/wp\/v2\/categories?post=20885"},{"taxonomy":"post_tag","embeddable":true,"href":"https:\/\/www.hoymercedes.com.ar\/principal\/wp-json\/wp\/v2\/tags?post=20885"}],"curies":[{"name":"wp","href":"https:\/\/api.w.org\/{rel}","templated":true}]}}