{"id":20903,"date":"2013-03-24T00:00:22","date_gmt":"2013-03-24T00:00:22","guid":{"rendered":"http:\/\/www.hoymercedes.com.ar\/principal\/?p=20903"},"modified":"2013-03-24T00:00:41","modified_gmt":"2013-03-24T00:00:41","slug":"proyecto-sur-invita-a-jornada-cultural-y-de-reflexion-por-37-anos-del-golpe","status":"publish","type":"post","link":"https:\/\/www.hoymercedes.com.ar\/principal\/2013\/03\/24\/proyecto-sur-invita-a-jornada-cultural-y-de-reflexion-por-37-anos-del-golpe\/","title":{"rendered":"Proyecto Sur invita a jornada cultural y de reflexi\u00f3n por 37 a\u00f1os del golpe"},"content":{"rendered":"<figure id=\"attachment_20905\" aria-describedby=\"caption-attachment-20905\" style=\"width: 608px\" class=\"wp-caption aligncenter\"><a href=\"https:\/\/www.hoymercedes.com.ar\/principal\/wp-content\/uploads\/2013\/03\/ProyectoSurMercedes-NuncaMas.jpg\"><img loading=\"lazy\" decoding=\"async\" data-attachment-id=\"20905\" data-permalink=\"https:\/\/www.hoymercedes.com.ar\/principal\/2013\/03\/24\/proyecto-sur-invita-a-jornada-cultural-y-de-reflexion-por-37-anos-del-golpe\/proyectosurmercedes-nuncamas\/#main\" data-orig-file=\"https:\/\/www.hoymercedes.com.ar\/principal\/wp-content\/uploads\/2013\/03\/ProyectoSurMercedes-NuncaMas.jpg\" data-orig-size=\"618,532\" data-comments-opened=\"1\" data-image-meta=\"{&quot;aperture&quot;:&quot;0&quot;,&quot;credit&quot;:&quot;&quot;,&quot;camera&quot;:&quot;&quot;,&quot;caption&quot;:&quot;&quot;,&quot;created_timestamp&quot;:&quot;0&quot;,&quot;copyright&quot;:&quot;&quot;,&quot;focal_length&quot;:&quot;0&quot;,&quot;iso&quot;:&quot;0&quot;,&quot;shutter_speed&quot;:&quot;0&quot;,&quot;title&quot;:&quot;&quot;}\" data-image-title=\"ProyectoSurMercedes-NuncaMas\" data-image-description=\"\" data-image-caption=\"&lt;p&gt;Proyecto Sur Mercedes &lt;\/p&gt;\n\" data-large-file=\"https:\/\/www.hoymercedes.com.ar\/principal\/wp-content\/uploads\/2013\/03\/ProyectoSurMercedes-NuncaMas.jpg\" class=\"size-full wp-image-20905\" alt=\"Proyecto Sur Mercedes \" src=\"https:\/\/www.hoymercedes.com.ar\/principal\/wp-content\/uploads\/2013\/03\/ProyectoSurMercedes-NuncaMas.jpg\" width=\"618\" height=\"532\" \/><\/a><figcaption id=\"caption-attachment-20905\" class=\"wp-caption-text\">Proyecto Sur Mercedes<\/figcaption><\/figure>\n<p>Desde Proyecto Sur Mercedes invitan a la comunidad a ser parte de un encuentro reflexivo, cultural y de intercambio en torno a lo que es un nuevo aniversario del \u00faltimo golpe c\u00edvico militar vivido en nuestro pa\u00eds.<\/p>\n<p>Al respecto, desde el espacio pol\u00edtico, afirman:\u00bb\u00a0Al conmemorarse un nuevo aniversario del golpe , te invitamos a participar de las actividades que estaremos realizando en la plaza SAN ANTONIO ( calle 111 entre 24 y 22 bis ).<\/p>\n<p>* Taller de Stanciol ( tra\u00e9 tu remera)<\/p>\n<p>* Radio abierta<\/p>\n<p>* Mesa de libros<\/p>\n<p>* Mate y bizcochos &#8230; Sumate !!!!<\/p>\n<p>Se invita a toda la comunidad a ser parte de esta, desde ya, interesante jornada.<\/p>\n","protected":false},"excerpt":{"rendered":"<p>Desde Proyecto Sur Mercedes invitan a la comunidad a ser parte de un encuentro reflexivo, cultural y de intercambio en &#8230; <a title=\"Proyecto Sur invita a jornada cultural y de reflexi\u00f3n por 37 a\u00f1os del golpe\" class=\"read-more\" href=\"https:\/\/www.hoymercedes.com.ar\/principal\/2013\/03\/24\/proyecto-sur-invita-a-jornada-cultural-y-de-reflexion-por-37-anos-del-golpe\/\" aria-label=\"Leer m\u00e1s sobre Proyecto Sur invita a jornada cultural y de reflexi\u00f3n por 37 a\u00f1os del golpe\">Leer m\u00e1s<\/a><\/p>\n","protected":false},"author":1,"featured_media":0,"comment_status":"open","ping_status":"open","sticky":false,"template":"","format":"standard","meta":{"_monsterinsights_skip_tracking":false,"_monsterinsights_sitenote_active":false,"_monsterinsights_sitenote_note":"","_monsterinsights_sitenote_category":0,"jetpack_post_was_ever_published":false,"_jetpack_newsletter_access":"","_jetpack_dont_email_post_to_subs":false,"_jetpack_newsletter_tier_id":0,"_jetpack_memberships_contains_paywalled_content":false,"_jetpack_memberships_contains_paid_content":false,"footnotes":"","jetpack_publicize_message":"","jetpack_publicize_feature_enabled":true,"jetpack_social_post_already_shared":false,"jetpack_social_options":{"image_generator_settings":{"template":"highway","default_image_id":0,"font":"","enabled":false},"version":2},"_wpas_customize_per_network":false},"categories":[5],"tags":[109],"class_list":["post-20903","post","type-post","status-publish","format-standard","hentry","category-politica","tag-proyecto-sur-mercedes","generate-columns","tablet-grid-50","mobile-grid-100","grid-parent","grid-50"],"jetpack_publicize_connections":[],"jetpack_featured_media_url":"","wps_subtitle":"","jetpack_sharing_enabled":true,"_links":{"self":[{"href":"https:\/\/www.hoymercedes.com.ar\/principal\/wp-json\/wp\/v2\/posts\/20903","targetHints":{"allow":["GET"]}}],"collection":[{"href":"https:\/\/www.hoymercedes.com.ar\/principal\/wp-json\/wp\/v2\/posts"}],"about":[{"href":"https:\/\/www.hoymercedes.com.ar\/principal\/wp-json\/wp\/v2\/types\/post"}],"author":[{"embeddable":true,"href":"https:\/\/www.hoymercedes.com.ar\/principal\/wp-json\/wp\/v2\/users\/1"}],"replies":[{"embeddable":true,"href":"https:\/\/www.hoymercedes.com.ar\/principal\/wp-json\/wp\/v2\/comments?post=20903"}],"version-history":[{"count":0,"href":"https:\/\/www.hoymercedes.com.ar\/principal\/wp-json\/wp\/v2\/posts\/20903\/revisions"}],"wp:attachment":[{"href":"https:\/\/www.hoymercedes.com.ar\/principal\/wp-json\/wp\/v2\/media?parent=20903"}],"wp:term":[{"taxonomy":"category","embeddable":true,"href":"https:\/\/www.hoymercedes.com.ar\/principal\/wp-json\/wp\/v2\/categories?post=20903"},{"taxonomy":"post_tag","embeddable":true,"href":"https:\/\/www.hoymercedes.com.ar\/principal\/wp-json\/wp\/v2\/tags?post=20903"}],"curies":[{"name":"wp","href":"https:\/\/api.w.org\/{rel}","templated":true}]}}