{"id":20918,"date":"2013-03-24T02:47:41","date_gmt":"2013-03-24T02:47:41","guid":{"rendered":"http:\/\/www.hoymercedes.com.ar\/principal\/?p=20918"},"modified":"2013-03-24T02:48:18","modified_gmt":"2013-03-24T02:48:18","slug":"selva-se-reunio-con-el-nuevo-comisario-oscar-martignione","status":"publish","type":"post","link":"https:\/\/www.hoymercedes.com.ar\/principal\/2013\/03\/24\/selva-se-reunio-con-el-nuevo-comisario-oscar-martignione\/","title":{"rendered":"Selva se reuni\u00f3 con el nuevo Comisario: Oscar Martignione"},"content":{"rendered":"<figure id=\"attachment_20920\" aria-describedby=\"caption-attachment-20920\" style=\"width: 608px\" class=\"wp-caption aligncenter\"><a href=\"https:\/\/www.hoymercedes.com.ar\/principal\/wp-content\/uploads\/2013\/03\/Selva-Comisario.jpg\"><img loading=\"lazy\" decoding=\"async\" data-attachment-id=\"20920\" data-permalink=\"https:\/\/www.hoymercedes.com.ar\/principal\/2013\/03\/24\/selva-se-reunio-con-el-nuevo-comisario-oscar-martignione\/selva-comisario\/#main\" data-orig-file=\"https:\/\/www.hoymercedes.com.ar\/principal\/wp-content\/uploads\/2013\/03\/Selva-Comisario.jpg\" data-orig-size=\"618,464\" data-comments-opened=\"1\" data-image-meta=\"{&quot;aperture&quot;:&quot;2.6&quot;,&quot;credit&quot;:&quot;&quot;,&quot;camera&quot;:&quot;GT-I9300&quot;,&quot;caption&quot;:&quot;&quot;,&quot;created_timestamp&quot;:&quot;1363954166&quot;,&quot;copyright&quot;:&quot;&quot;,&quot;focal_length&quot;:&quot;3.7&quot;,&quot;iso&quot;:&quot;80&quot;,&quot;shutter_speed&quot;:&quot;0.043478260869565&quot;,&quot;title&quot;:&quot;&quot;}\" data-image-title=\"Selva-Comisario\" data-image-description=\"\" data-image-caption=\"&lt;p&gt;El intendente Carlos Selva estuvo reunido con el nuevo comisario local Oscar Martignione&lt;\/p&gt;\n\" data-large-file=\"https:\/\/www.hoymercedes.com.ar\/principal\/wp-content\/uploads\/2013\/03\/Selva-Comisario.jpg\" class=\"size-full wp-image-20920\" alt=\"El intendente Carlos Selva estuvo reunido con el nuevo comisario local Oscar Martignione\" src=\"https:\/\/www.hoymercedes.com.ar\/principal\/wp-content\/uploads\/2013\/03\/Selva-Comisario.jpg\" width=\"618\" height=\"464\" \/><\/a><figcaption id=\"caption-attachment-20920\" class=\"wp-caption-text\">El intendente Carlos Selva estuvo reunido con el nuevo comisario local Oscar Martignione\u00a0<\/figcaption><\/figure>\n<p>El intendente Municipal, Carlos Selva, sostuvo un primer encuentro con el nuevo comisario local:\u00a0Oscar Martignione.<\/p>\n<p>La reuni\u00f3n se produjo en el despacho del primer mandatario.<\/p>\n<p>Hubo intercambio de opiniones, puesta en com\u00fan de los servicios que se prestan, lo que se podr\u00edan prestar y las acciones que en conjunto se pueden deplegar en funci\u00f3n de la seguridad local.<\/p>\n<p>De esta manera, Oscar Martignione es el nuevo m\u00e1ximo referente de la Comisaria Local.<\/p>\n","protected":false},"excerpt":{"rendered":"<p>El intendente Municipal, Carlos Selva, sostuvo un primer encuentro con el nuevo comisario local:\u00a0Oscar Martignione. La reuni\u00f3n se produjo en &#8230; <a title=\"Selva se reuni\u00f3 con el nuevo Comisario: Oscar Martignione\" class=\"read-more\" href=\"https:\/\/www.hoymercedes.com.ar\/principal\/2013\/03\/24\/selva-se-reunio-con-el-nuevo-comisario-oscar-martignione\/\" aria-label=\"Leer m\u00e1s sobre Selva se reuni\u00f3 con el nuevo Comisario: Oscar Martignione\">Leer m\u00e1s<\/a><\/p>\n","protected":false},"author":1,"featured_media":0,"comment_status":"open","ping_status":"open","sticky":false,"template":"","format":"standard","meta":{"_monsterinsights_skip_tracking":false,"_monsterinsights_sitenote_active":false,"_monsterinsights_sitenote_note":"","_monsterinsights_sitenote_category":0,"jetpack_post_was_ever_published":false,"_jetpack_newsletter_access":"","_jetpack_dont_email_post_to_subs":false,"_jetpack_newsletter_tier_id":0,"_jetpack_memberships_contains_paywalled_content":false,"_jetpack_memberships_contains_paid_content":false,"footnotes":"","jetpack_publicize_message":"","jetpack_publicize_feature_enabled":true,"jetpack_social_post_already_shared":false,"jetpack_social_options":{"image_generator_settings":{"template":"highway","default_image_id":0,"font":"","enabled":false},"version":2},"_wpas_customize_per_network":false},"categories":[85],"tags":[3312,3311],"class_list":["post-20918","post","type-post","status-publish","format-standard","hentry","category-policial","tag-comisario-mercedes","tag-oscar-martignione","generate-columns","tablet-grid-50","mobile-grid-100","grid-parent","grid-50"],"jetpack_publicize_connections":[],"jetpack_featured_media_url":"","wps_subtitle":"","jetpack_sharing_enabled":true,"_links":{"self":[{"href":"https:\/\/www.hoymercedes.com.ar\/principal\/wp-json\/wp\/v2\/posts\/20918","targetHints":{"allow":["GET"]}}],"collection":[{"href":"https:\/\/www.hoymercedes.com.ar\/principal\/wp-json\/wp\/v2\/posts"}],"about":[{"href":"https:\/\/www.hoymercedes.com.ar\/principal\/wp-json\/wp\/v2\/types\/post"}],"author":[{"embeddable":true,"href":"https:\/\/www.hoymercedes.com.ar\/principal\/wp-json\/wp\/v2\/users\/1"}],"replies":[{"embeddable":true,"href":"https:\/\/www.hoymercedes.com.ar\/principal\/wp-json\/wp\/v2\/comments?post=20918"}],"version-history":[{"count":0,"href":"https:\/\/www.hoymercedes.com.ar\/principal\/wp-json\/wp\/v2\/posts\/20918\/revisions"}],"wp:attachment":[{"href":"https:\/\/www.hoymercedes.com.ar\/principal\/wp-json\/wp\/v2\/media?parent=20918"}],"wp:term":[{"taxonomy":"category","embeddable":true,"href":"https:\/\/www.hoymercedes.com.ar\/principal\/wp-json\/wp\/v2\/categories?post=20918"},{"taxonomy":"post_tag","embeddable":true,"href":"https:\/\/www.hoymercedes.com.ar\/principal\/wp-json\/wp\/v2\/tags?post=20918"}],"curies":[{"name":"wp","href":"https:\/\/api.w.org\/{rel}","templated":true}]}}