{"id":20923,"date":"2013-03-24T15:49:03","date_gmt":"2013-03-24T15:49:03","guid":{"rendered":"http:\/\/www.hoymercedes.com.ar\/principal\/?p=20923"},"modified":"2013-03-24T21:50:28","modified_gmt":"2013-03-24T21:50:28","slug":"fmpv-entregaron-talador-de-bando-en-escuela-de-formacion-laboral","status":"publish","type":"post","link":"https:\/\/www.hoymercedes.com.ar\/principal\/2013\/03\/24\/fmpv-entregaron-talador-de-bando-en-escuela-de-formacion-laboral\/","title":{"rendered":"FMPV: Entregaron taladro de bando en Escuela de Formaci\u00f3n Laboral"},"content":{"rendered":"<figure id=\"attachment_20930\" aria-describedby=\"caption-attachment-20930\" style=\"width: 608px\" class=\"wp-caption aligncenter\"><a href=\"https:\/\/www.hoymercedes.com.ar\/principal\/wp-content\/uploads\/2013\/03\/TaladroMec\u00e1nico.jpg\"><img loading=\"lazy\" decoding=\"async\" data-attachment-id=\"20930\" data-permalink=\"https:\/\/www.hoymercedes.com.ar\/principal\/2013\/03\/24\/fmpv-entregaron-talador-de-bando-en-escuela-de-formacion-laboral\/taladromecanico\/#main\" data-orig-file=\"https:\/\/www.hoymercedes.com.ar\/principal\/wp-content\/uploads\/2013\/03\/TaladroMec\u00e1nico.jpg\" data-orig-size=\"618,412\" data-comments-opened=\"1\" data-image-meta=\"{&quot;aperture&quot;:&quot;7.1&quot;,&quot;credit&quot;:&quot;&quot;,&quot;camera&quot;:&quot;Canon EOS REBEL T3i&quot;,&quot;caption&quot;:&quot;&quot;,&quot;created_timestamp&quot;:&quot;1363954738&quot;,&quot;copyright&quot;:&quot;&quot;,&quot;focal_length&quot;:&quot;29&quot;,&quot;iso&quot;:&quot;3200&quot;,&quot;shutter_speed&quot;:&quot;0.008&quot;,&quot;title&quot;:&quot;&quot;}\" data-image-title=\"Taladro Mec\u00e1nico\" data-image-description=\"\" data-image-caption=\"&lt;p&gt;Entrega de taladro mec\u00e1nico&lt;\/p&gt;\n\" data-large-file=\"https:\/\/www.hoymercedes.com.ar\/principal\/wp-content\/uploads\/2013\/03\/TaladroMec\u00e1nico.jpg\" class=\"size-full wp-image-20930\" alt=\"Entrega de taladro mec\u00e1nico\" src=\"https:\/\/www.hoymercedes.com.ar\/principal\/wp-content\/uploads\/2013\/03\/TaladroMec\u00e1nico.jpg\" width=\"618\" height=\"412\" \/><\/a><figcaption id=\"caption-attachment-20930\" class=\"wp-caption-text\">Entrega de taladro mec\u00e1nico<\/figcaption><\/figure>\n<p>Desde el Frente Mercedino se hizo entrega de un elemento de trabajo para los\u00a0estudiantes\u00a0de la Escuela de\u00a0Formaci\u00f3n\u00a0Laboral. Se trata de un taladro de banco.<\/p>\n<p>La herramienta es muy valiosa en la capacitaci\u00f3n de diferentes oficios.<\/p>\n<p>El acto de entrega fue el viernes 22, en las propias instalaciones de la escuela, en calle 32 entre 49 y 51. All\u00ed\u00a0lo esperaba la directora del establecimiento, Marcela Brown, quien agradeci\u00f3 el \u201cgesto conmovedor\u201d de Juani Ustarroz y le pidi\u00f3 adem\u00e1s la colaboraci\u00f3n para la construcci\u00f3n de un aula nueva. La gesti\u00f3n en tal sentido del referente del FMPV se har\u00e1 efectiva en los pr\u00f3ximos d\u00edas.<\/p>\n<p><em>\u201cEl trabajo de esta escuela es fundamental en el desarrollo de distintas profesiones. Suele decirse que faltan \u2018especialistas\u2019 o chicos a los que les interesen los \u2018oficios\u2019: esta Escuela es una muestra concreta que va en sentido contrario y todo lo que podamos hacer para ayudar a sostenerla, lo haremos\u201d<\/em>, apunt\u00f3\u00a0Ustarroz.<\/p>\n<p><em>\u201cSiempre que lo necesitamos, Juani est\u00e1. La agradecemos de coraz\u00f3n<\/em>\u201d, apunt\u00f3 Brown en nombre del equipo de docentes de la Escuela. El pr\u00f3ximo paso ser\u00e1 la construcci\u00f3n de un aula nueva, <em>\u201cporque las instalaciones ya est\u00e1n quedando chicas\u201d,<\/em> dijo la directora. Un arquitecto ya ser\u00e1 aportado por el espacio pol\u00edtico<\/p>\n<p>El taladro de banco (llamado as\u00ed\u00a0por su soporte), es una herramienta indispensable en la industria metal\u00fargica y en la capacitaci\u00f3n de distintos oficios.<\/p>\n<p>&nbsp;<\/p>\n<p>&nbsp;<\/p>\n","protected":false},"excerpt":{"rendered":"<p>Desde el Frente Mercedino se hizo entrega de un elemento de trabajo para los\u00a0estudiantes\u00a0de la Escuela de\u00a0Formaci\u00f3n\u00a0Laboral. Se trata de &#8230; <a title=\"FMPV: Entregaron taladro de bando en Escuela de Formaci\u00f3n Laboral\" class=\"read-more\" href=\"https:\/\/www.hoymercedes.com.ar\/principal\/2013\/03\/24\/fmpv-entregaron-talador-de-bando-en-escuela-de-formacion-laboral\/\" aria-label=\"Leer m\u00e1s sobre FMPV: Entregaron taladro de bando en Escuela de Formaci\u00f3n Laboral\">Leer m\u00e1s<\/a><\/p>\n","protected":false},"author":1,"featured_media":0,"comment_status":"open","ping_status":"open","sticky":false,"template":"","format":"standard","meta":{"_monsterinsights_skip_tracking":false,"_monsterinsights_sitenote_active":false,"_monsterinsights_sitenote_note":"","_monsterinsights_sitenote_category":0,"jetpack_post_was_ever_published":false,"_jetpack_newsletter_access":"","_jetpack_dont_email_post_to_subs":false,"_jetpack_newsletter_tier_id":0,"_jetpack_memberships_contains_paywalled_content":false,"_jetpack_memberships_contains_paid_content":false,"footnotes":"","jetpack_publicize_message":"","jetpack_publicize_feature_enabled":true,"jetpack_social_post_already_shared":false,"jetpack_social_options":{"image_generator_settings":{"template":"highway","default_image_id":0,"font":"","enabled":false},"version":2},"_wpas_customize_per_network":false},"categories":[5],"tags":[379],"class_list":["post-20923","post","type-post","status-publish","format-standard","hentry","category-politica","tag-frente-mercedino-para-la-victoria","generate-columns","tablet-grid-50","mobile-grid-100","grid-parent","grid-50"],"jetpack_publicize_connections":[],"jetpack_featured_media_url":"","wps_subtitle":"","jetpack_sharing_enabled":true,"_links":{"self":[{"href":"https:\/\/www.hoymercedes.com.ar\/principal\/wp-json\/wp\/v2\/posts\/20923","targetHints":{"allow":["GET"]}}],"collection":[{"href":"https:\/\/www.hoymercedes.com.ar\/principal\/wp-json\/wp\/v2\/posts"}],"about":[{"href":"https:\/\/www.hoymercedes.com.ar\/principal\/wp-json\/wp\/v2\/types\/post"}],"author":[{"embeddable":true,"href":"https:\/\/www.hoymercedes.com.ar\/principal\/wp-json\/wp\/v2\/users\/1"}],"replies":[{"embeddable":true,"href":"https:\/\/www.hoymercedes.com.ar\/principal\/wp-json\/wp\/v2\/comments?post=20923"}],"version-history":[{"count":0,"href":"https:\/\/www.hoymercedes.com.ar\/principal\/wp-json\/wp\/v2\/posts\/20923\/revisions"}],"wp:attachment":[{"href":"https:\/\/www.hoymercedes.com.ar\/principal\/wp-json\/wp\/v2\/media?parent=20923"}],"wp:term":[{"taxonomy":"category","embeddable":true,"href":"https:\/\/www.hoymercedes.com.ar\/principal\/wp-json\/wp\/v2\/categories?post=20923"},{"taxonomy":"post_tag","embeddable":true,"href":"https:\/\/www.hoymercedes.com.ar\/principal\/wp-json\/wp\/v2\/tags?post=20923"}],"curies":[{"name":"wp","href":"https:\/\/api.w.org\/{rel}","templated":true}]}}