{"id":20973,"date":"2013-03-25T16:10:09","date_gmt":"2013-03-25T16:10:09","guid":{"rendered":"http:\/\/www.hoymercedes.com.ar\/principal\/?p=20973"},"modified":"2013-03-25T16:10:22","modified_gmt":"2013-03-25T16:10:22","slug":"accidente-en-colectora-de-ruta-no-5-dejo-tres-heridos","status":"publish","type":"post","link":"https:\/\/www.hoymercedes.com.ar\/principal\/2013\/03\/25\/accidente-en-colectora-de-ruta-no-5-dejo-tres-heridos\/","title":{"rendered":"Accidente en colectora de Ruta N\u00ba 5 dej\u00f3 tres heridos"},"content":{"rendered":"<p><em><strong>Las sirenas que se oyeron el domingo ten\u00edan como destino la Ruta N\u00ba 5 donde un nuevo accidente se produc\u00eda con tres heridos.<\/strong><\/em><\/p>\n<p>Fue cerca de las 21.00hs y sobre la colectora entre Gowland y Mercedes. Una moto de 150cc choc\u00f3 a dos personas que caminaban por el lugar.<\/p>\n<p>Por la zona caminaban 4 personas de las cuales 2 resultaron heridas por el choque. No se conocen las causas por las cuales el joven de 27 a\u00f1os que conduc\u00eda el ciclomotor no los logr\u00f3 ver.<\/p>\n<p>El conductor y\u00a0 las 2 personas, de 18 y\u00a0 40 a\u00f1os de edad debieron ser trasladados y asistidos en el nosocomio local. La caratula del accidentes es: \u201clesiones culposas\u201d.<\/p>\n","protected":false},"excerpt":{"rendered":"<p>Las sirenas que se oyeron el domingo ten\u00edan como destino la Ruta N\u00ba 5 donde un nuevo accidente se produc\u00eda &#8230; <a title=\"Accidente en colectora de Ruta N\u00ba 5 dej\u00f3 tres heridos\" class=\"read-more\" href=\"https:\/\/www.hoymercedes.com.ar\/principal\/2013\/03\/25\/accidente-en-colectora-de-ruta-no-5-dejo-tres-heridos\/\" aria-label=\"Leer m\u00e1s sobre Accidente en colectora de Ruta N\u00ba 5 dej\u00f3 tres heridos\">Leer m\u00e1s<\/a><\/p>\n","protected":false},"author":1,"featured_media":0,"comment_status":"open","ping_status":"open","sticky":false,"template":"","format":"standard","meta":{"_monsterinsights_skip_tracking":false,"_monsterinsights_sitenote_active":false,"_monsterinsights_sitenote_note":"","_monsterinsights_sitenote_category":0,"jetpack_post_was_ever_published":false,"_jetpack_newsletter_access":"","_jetpack_dont_email_post_to_subs":false,"_jetpack_newsletter_tier_id":0,"_jetpack_memberships_contains_paywalled_content":false,"_jetpack_memberships_contains_paid_content":false,"footnotes":"","jetpack_publicize_message":"","jetpack_publicize_feature_enabled":true,"jetpack_social_post_already_shared":false,"jetpack_social_options":{"image_generator_settings":{"template":"highway","default_image_id":0,"font":"","enabled":false},"version":2},"_wpas_customize_per_network":false},"categories":[85],"tags":[121,538],"class_list":["post-20973","post","type-post","status-publish","format-standard","hentry","category-policial","tag-accidente-de-transito","tag-ruta-5","generate-columns","tablet-grid-50","mobile-grid-100","grid-parent","grid-50"],"jetpack_publicize_connections":[],"jetpack_featured_media_url":"","wps_subtitle":"","jetpack_sharing_enabled":true,"_links":{"self":[{"href":"https:\/\/www.hoymercedes.com.ar\/principal\/wp-json\/wp\/v2\/posts\/20973","targetHints":{"allow":["GET"]}}],"collection":[{"href":"https:\/\/www.hoymercedes.com.ar\/principal\/wp-json\/wp\/v2\/posts"}],"about":[{"href":"https:\/\/www.hoymercedes.com.ar\/principal\/wp-json\/wp\/v2\/types\/post"}],"author":[{"embeddable":true,"href":"https:\/\/www.hoymercedes.com.ar\/principal\/wp-json\/wp\/v2\/users\/1"}],"replies":[{"embeddable":true,"href":"https:\/\/www.hoymercedes.com.ar\/principal\/wp-json\/wp\/v2\/comments?post=20973"}],"version-history":[{"count":0,"href":"https:\/\/www.hoymercedes.com.ar\/principal\/wp-json\/wp\/v2\/posts\/20973\/revisions"}],"wp:attachment":[{"href":"https:\/\/www.hoymercedes.com.ar\/principal\/wp-json\/wp\/v2\/media?parent=20973"}],"wp:term":[{"taxonomy":"category","embeddable":true,"href":"https:\/\/www.hoymercedes.com.ar\/principal\/wp-json\/wp\/v2\/categories?post=20973"},{"taxonomy":"post_tag","embeddable":true,"href":"https:\/\/www.hoymercedes.com.ar\/principal\/wp-json\/wp\/v2\/tags?post=20973"}],"curies":[{"name":"wp","href":"https:\/\/api.w.org\/{rel}","templated":true}]}}